{"id":151419,"date":"2026-09-06T16:10:20","date_gmt":"2026-09-06T13:10:20","guid":{"rendered":"https:\/\/www.kibrishost.com\/tak\/yilmazdan-girnedeki-gemi-kazasiyla-ilgili-aciklama-kazanin-tek-sorumlusunun-arikli-oldugu-yonunde-bir-algi-olusturuldu\/"},"modified":"2026-09-06T16:10:20","modified_gmt":"2026-09-06T13:10:20","slug":"yilmazdan-girnedeki-gemi-kazasiyla-ilgili-aciklama-kazanin-tek-sorumlusunun-arikli-oldugu-yonunde-bir-algi-olusturuldu","status":"publish","type":"post","link":"https:\/\/www.kibrishost.com\/tak\/yilmazdan-girnedeki-gemi-kazasiyla-ilgili-aciklama-kazanin-tek-sorumlusunun-arikli-oldugu-yonunde-bir-algi-olusturuldu\/","title":{"rendered":"Y\u0131lmaz\u2019dan Girne\u2019deki gemi kazas\u0131yla ilgili a\u00e7\u0131klama: \u201cKazan\u0131n tek sorumlusunun Ar\u0131kl\u0131 oldu\u011fu y\u00f6n\u00fcnde bir alg\u0131 olu\u015fturuldu\u201d"},"content":{"rendered":"<p>Yeniden Do\u011fu\u015f Partisi (YDP) Genel Sekreteri Er\u015fah Sabit Y\u0131lmaz, Girne a\u00e7\u0131klar\u0131nda ya\u015fanan gemi facias\u0131yla ilgili, \u201csoru\u015fturma tamamlanmadan Erhan Ar\u0131kl\u0131\u2019n\u0131n kazan\u0131n tek sorumlusu oldu\u011fu y\u00f6n\u00fcnde bir alg\u0131 olu\u015fturuldu\u011funu\u201d ve\u00a0 bunun bir \u201calg\u0131 operasyonu\u201d oldu\u011funu ileri s\u00fcrd\u00fc.<\/p>\n<p>Y\u0131lmaz, yapt\u0131\u011f\u0131 yaz\u0131l\u0131 a\u00e7\u0131klamas\u0131nda, Girne a\u00e7\u0131klar\u0131nda meydana gelen gemi facias\u0131n\u0131n ard\u0131ndan arama-kurtarma \u00e7al\u0131\u015fmalar\u0131 s\u00fcrerken, kazan\u0131n nedeninin de T\u00fcrkiye\u2019den gelen Kaza K\u0131r\u0131m Ekibi ile yerli uzmanlar taraf\u0131ndan ara\u015ft\u0131r\u0131ld\u0131\u011f\u0131na dikkat \u00e7ekti.<\/p>\n<p>Baz\u0131 sivil toplum \u00f6rg\u00fctleri, bas\u0131n-yay\u0131n kurulu\u015flar\u0131, meslek \u00f6rg\u00fctleri ve siyasi \u00e7evreler taraf\u0131ndan, soru\u015fturman\u0131n sonu\u00e7lar\u0131 ortaya \u00e7\u0131kmadan kazan\u0131n tek sorumlusunun Ar\u0131kl\u0131 oldu\u011fu y\u00f6n\u00fcnde yo\u011fun bir alg\u0131 olu\u015fturuldu\u011funu savunan Y\u0131lmaz, kay\u0131p yak\u0131nlar\u0131n\u0131n ac\u0131lar\u0131n\u0131n da bu alg\u0131ya siyasi malzeme yap\u0131ld\u0131\u011f\u0131n\u0131 ileri s\u00fcrd\u00fc. Y\u0131lmaz\u00a0 bunun kendilerini derinden yaralad\u0131\u011f\u0131n\u0131 da belirtti.<\/p>\n<p>-\u201cAr\u0131kl\u0131, bas\u0131n toplant\u0131s\u0131 d\u00fczenlemek istedi ancak engellendi\u201d<\/p>\n<p>\u201cAr\u0131kl\u0131\u2019n\u0131n, kazan\u0131n ertesi g\u00fcn\u00fc kamuoyunu bilgilendirmek amac\u0131yla bas\u0131n toplant\u0131s\u0131 d\u00fczenlemek istedi\u011fini, ancak bu toplant\u0131n\u0131n Ba\u015fbakan taraf\u0131ndan engellendi\u011fini\u201d ileri s\u00fcren Y\u0131lmaz, \u201cBu nedenle kamuoyunun resmi bilgiler yerine \u00e7e\u015fitli iddia, yorum ve do\u011frulu\u011fu tart\u0131\u015fmal\u0131 bilgi ve belgelerle ba\u015f ba\u015fa kalmas\u0131na ve ajite edilmesine neden olundu\u011funu\u201d savundu.<\/p>\n<p>&#8211; \u201cTeam\u00fcller a\u00e7\u0131s\u0131ndan Ba\u015fbakan\u2019\u0131n Bakan ile g\u00f6r\u00fc\u015ferek istifas\u0131n\u0131 istemesi m\u00fcmk\u00fcnd\u00fc\u2026\u201d<\/p>\n<p>Y\u0131lmaz, ya\u015fananlar\u0131n zamanlamas\u0131n\u0131n dikkat \u00e7ekici oldu\u011funu savunarak, Ar\u0131kl\u0131\u2019n\u0131n Limanlar Dairesi\u2019nin Ba\u015fbakanl\u0131\u011fa ba\u011flanmas\u0131n\u0131 ve kendi dokunulmazl\u0131\u011f\u0131n\u0131n kald\u0131r\u0131lmas\u0131 i\u00e7in Meclis\u2019e ba\u015fvuraca\u011f\u0131n\u0131 a\u00e7\u0131klamas\u0131ndan 1,5 saat sonra Ba\u015fbakan taraf\u0131ndan \u201csoru\u015fturman\u0131n selameti\u201d gerek\u00e7esiyle g\u00f6revden al\u0131nd\u0131\u011f\u0131n\u0131 belirtti.\u00a0 Y\u0131lmaz, siyasi etik ve team\u00fcller a\u00e7\u0131s\u0131ndan Ba\u015fbakan\u2019\u0131n Ar\u0131kl\u0131 ile g\u00f6r\u00fc\u015ferek istifas\u0131n\u0131 istemesinin m\u00fcmk\u00fcn oldu\u011funu, bunun yerine g\u00f6revden alma yolunun tercih edildi\u011fini ifade etti.<\/p>\n<p>-\u201cSoru\u015fturma sonu\u00e7lanmadan Ar\u0131kl\u0131\u2019n\u0131n istifas\u0131n\u0131n istenmesini kamuoyunun takdirine b\u0131rak\u0131yorum\u201d<\/p>\n<p>\u201cKKTC siyasi tarihinde, ya\u015fanan kaza, skandal ve kriz d\u00f6neminde, herhangi bir bakan\u0131n istifa etmedi\u011fini veya g\u00f6revden al\u0131nmad\u0131\u011f\u0131n\u0131&#8221; savunan Y\u0131lmaz, soru\u015fturma sonu\u00e7lanmadan Ar\u0131kl\u0131\u2019n\u0131n istifas\u0131n\u0131n istenmesinin nedenini kamuoyunun ve YDP taban\u0131n\u0131n takdirine b\u0131rakt\u0131\u011f\u0131n\u0131 s\u00f6yledi. Y\u0131lmaz, Bakanl\u0131k M\u00fcste\u015far\u0131 Enver \u00d6zt\u00fcrk\u2019\u00fcn istifas\u0131n\u0131 sunduktan bir saat sonra g\u00f6revden al\u0131nd\u0131\u011f\u0131n\u0131n a\u00e7\u0131kland\u0131\u011f\u0131n\u0131 da belirtti.<\/p>\n<p>&#8211; \u201cYakla\u015fan se\u00e7imler \u00f6ncesinde bu m\u00fcessif olay \u00fczerinden siyasi rant elde edilmesine izin vermeyece\u011fiz\u201d<\/p>\n<p>Ar\u0131kl\u0131 ve YDP\u2019ye y\u00f6nelik baz\u0131 \u00e7evrelerin s\u00f6ylemlerini ele\u015ftiren Y\u0131lmaz, \u201csoru\u015fturma tamamlanmadan Ar\u0131kl\u0131 ve YDP\u2019nin sorumlu ilan edilmeye \u00e7al\u0131\u015fmas\u0131n\u0131n, ya\u015fanan b\u00fcy\u00fck ac\u0131n\u0131n siyasi bir rant ve hesapla\u015fmaya d\u00f6n\u00fc\u015ft\u00fcr\u00fclmek istendi\u011fini g\u00f6sterdi\u011fini\u201d ileri s\u00fcrd\u00fc.<\/p>\n<p> Y\u0131lmaz, \u201cYakla\u015fan se\u00e7imler \u00f6ncesinde bu m\u00fcessif olay \u00fczerinden siyasi rant elde edilmesine izin vermeyece\u011fiz.\u201d ifadelerini kulland\u0131. <\/p>\n<p>\u00a0YDP taban\u0131n\u0131n ya\u015fananlar\u0131n fark\u0131nda oldu\u011funu kaydeden Y\u0131lmaz,\u00a0 \u201cAncak bug\u00fcn bizim \u00f6nceli\u011fimiz siyaset yapmak de\u011fil, kay\u0131plar\u0131m\u0131z\u0131n bulunmas\u0131d\u0131r. Kay\u0131plar\u0131m\u0131z bulunduktan ve arama-kurtarma \u00e7al\u0131\u015fmalar\u0131 tamamland\u0131ktan sonra YDP olarak suskunlu\u011fumuzu sona erdirecek; elimizdeki bilgi, belge ve ya\u015fanan geli\u015fmeler \u0131\u015f\u0131\u011f\u0131nda kamuoyunun \u00f6n\u00fcnde \u00e7ok daha a\u00e7\u0131k ve kapsaml\u0131 konu\u015faca\u011f\u0131z. \u015eimdilik b\u00fct\u00fcn enerjimizi kay\u0131plar\u0131m\u0131z\u0131n bulunmas\u0131na ve ailelerin ac\u0131s\u0131n\u0131n bir an \u00f6nce sona ermesine harc\u0131yoruz.\u201d dedi.<\/p>\n<p>\u00a0(AN\/\u00d6Z)\u00a0<\/p><\/p>\n","protected":false},"excerpt":{"rendered":"<p>Yeniden Do\u011fu\u015f Partisi (YDP) Genel Sekreteri Er\u015fah Sabit Y\u0131lmaz, Girne a\u00e7\u0131klar\u0131nda ya\u015fanan gemi facias\u0131yla ilgili, \u201csoru\u015fturma tamamlanmadan Erhan Ar\u0131kl\u0131\u2019n\u0131n kazan\u0131n tek sorumlusu oldu\u011fu y\u00f6n\u00fcnde bir alg\u0131 olu\u015fturuldu\u011funu\u201d ve\u00a0 bunun bir \u201calg\u0131 operasyonu\u201d oldu\u011funu ileri s\u00fcrd\u00fc. Y\u0131lmaz, yapt\u0131\u011f\u0131 yaz\u0131l\u0131 a\u00e7\u0131klamas\u0131nda, Girne a\u00e7\u0131klar\u0131nda meydana gelen gemi facias\u0131n\u0131n ard\u0131ndan arama-kurtarma \u00e7al\u0131\u015fmalar\u0131 s\u00fcrerken, kazan\u0131n nedeninin de T\u00fcrkiye\u2019den gelen Kaza &hellip;<\/p>\n","protected":false},"author":1,"featured_media":151420,"comment_status":"open","ping_status":"open","sticky":false,"template":"","format":"standard","meta":{"footnotes":""},"categories":[2],"tags":[2323,10764,358,64,16445,5299,2322,14939,6720,503,2636,47038,2532,5153,4609],"class_list":["post-151419","post","type-post","status-publish","format-standard","has-post-thumbnail","hentry","category-kibris","tag-aciklama","tag-algi","tag-arikli","tag-bir","tag-gemi","tag-girnedeki","tag-ilgili","tag-kazanin","tag-kazasiyla","tag-oldugu","tag-olusturuldu","tag-sorumlusunun","tag-tek","tag-yilmazdan","tag-yonunde"],"_links":{"self":[{"href":"https:\/\/www.kibrishost.com\/tak\/wp-json\/wp\/v2\/posts\/151419"}],"collection":[{"href":"https:\/\/www.kibrishost.com\/tak\/wp-json\/wp\/v2\/posts"}],"about":[{"href":"https:\/\/www.kibrishost.com\/tak\/wp-json\/wp\/v2\/types\/post"}],"author":[{"embeddable":true,"href":"https:\/\/www.kibrishost.com\/tak\/wp-json\/wp\/v2\/users\/1"}],"replies":[{"embeddable":true,"href":"https:\/\/www.kibrishost.com\/tak\/wp-json\/wp\/v2\/comments?post=151419"}],"version-history":[{"count":0,"href":"https:\/\/www.kibrishost.com\/tak\/wp-json\/wp\/v2\/posts\/151419\/revisions"}],"wp:featuredmedia":[{"embeddable":true,"href":"https:\/\/www.kibrishost.com\/tak\/wp-json\/wp\/v2\/media\/151420"}],"wp:attachment":[{"href":"https:\/\/www.kibrishost.com\/tak\/wp-json\/wp\/v2\/media?parent=151419"}],"wp:term":[{"taxonomy":"category","embeddable":true,"href":"https:\/\/www.kibrishost.com\/tak\/wp-json\/wp\/v2\/categories?post=151419"},{"taxonomy":"post_tag","embeddable":true,"href":"https:\/\/www.kibrishost.com\/tak\/wp-json\/wp\/v2\/tags?post=151419"}],"curies":[{"name":"wp","href":"https:\/\/api.w.org\/{rel}","templated":true}]}}