{"id":151363,"date":"2026-09-06T10:50:11","date_gmt":"2026-09-06T07:50:11","guid":{"rendered":"https:\/\/www.kibrishost.com\/tak\/almanyada-asiri-sagci-afd-karsiti-protesto-binlerce-kisi-sokakta\/"},"modified":"2026-09-06T10:50:11","modified_gmt":"2026-09-06T07:50:11","slug":"almanyada-asiri-sagci-afd-karsiti-protesto-binlerce-kisi-sokakta","status":"publish","type":"post","link":"https:\/\/www.kibrishost.com\/tak\/almanyada-asiri-sagci-afd-karsiti-protesto-binlerce-kisi-sokakta\/","title":{"rendered":"Almanya&#8217;da a\u015f\u0131r\u0131 sa\u011fc\u0131 AfD kar\u015f\u0131t\u0131 protesto: Binlerce ki\u015fi sokakta"},"content":{"rendered":"<p>Almanya&#8217;n\u0131n Saksonya-Anhalt eyaletinde bug\u00fcn yap\u0131lacak eyalet meclisi se\u00e7imleri \u00f6ncesinde d\u00fcn Magdeburg kentinde demokrasi ve ho\u015fg\u00f6r\u00fc g\u00f6sterisi d\u00fczenlendi.<\/p>\n<p>Alman Haber Ajans\u0131n\u0131n (DPA) haberine g\u00f6re, sendikalar\u0131n ve sivil toplum kurulu\u015flar\u0131n\u0131n \u00e7a\u011fr\u0131s\u0131yla binlerce ki\u015fi, demokrasi ve ho\u015fg\u00f6r\u00fc talebiyle d\u00fczenlenen g\u00f6steriye kat\u0131lmak amac\u0131yla Magdeburg\u2019daki Katedral Meydan\u0131\u2019nda topland\u0131.<\/p>\n<p>Burada konu\u015fma yapan iklim aktivisti Luisa Neubauer, demokratik partilerin a\u015f\u0131r\u0131 sa\u011fc\u0131 Almanya i\u00e7in Alternatif (AfD) Partisinin s\u00f6ylemlerini benimsemesini ele\u015ftirerek, \u201cDemokrasimizi, \u00f6zg\u00fcrl\u00fc\u011f\u00fcm\u00fcz\u00fc ve ya\u015fam temellerimizi savunmaya zerre kadar ilgi duymayanlar\u0131n \u00e7\u00f6z\u00fcm \u00f6nerilerini benimsemek \u015fu anda yap\u0131labilecek en b\u00fcy\u00fck hata olur.\u201d ifadesini kulland\u0131.<\/p>\n<p>Neubauer, AfD\u2019den m\u00fcmk\u00fcn oldu\u011funca net bir bi\u00e7imde ayr\u0131\u015f\u0131lmas\u0131 gerekti\u011fini savundu.<\/p>\n<p>Kamu yay\u0131nc\u0131s\u0131 MDR\u2019in haberine g\u00f6re g\u00f6steriyi d\u00fczenleyenler, eyleme 15 bin ki\u015finin kat\u0131ld\u0131\u011f\u0131n\u0131 belirtti.<\/p>\n<p>Haberde, g\u00f6steri \u00f6ncesinde d\u00fczenlenen y\u00fcr\u00fcy\u00fc\u015fte 6 bin ki\u015finin \u015fehir merkezinden Katedral Meydan\u0131\u2019na y\u00fcr\u00fcd\u00fc\u011f\u00fc ifade edildi.<\/p>\n<p>Polis ise Magdeburg\u2019da d\u00fczenlenen t\u00fcm eylemlere yakla\u015f\u0131k 10 bin ki\u015finin kat\u0131ld\u0131\u011f\u0131n\u0131 ve Katedral Meydan\u0131\u2019nda da 8 bin ki\u015finin topland\u0131\u011f\u0131n\u0131 a\u00e7\u0131klad\u0131.<\/p>\n<p>6 Eyl\u00fcl\u2019de yap\u0131lacak se\u00e7imler i\u00e7in yap\u0131lan anketlerde AfD, y\u00fczde 40\u2019\u0131n \u00fczerindeki oy oran\u0131yla a\u00e7\u0131k ara \u00f6nde g\u00f6r\u00fcl\u00fcyor.<\/p>\n<p>AfD\u2019nin eyalet meclisinde mutlak \u00e7o\u011funlu\u011fu elde etmesi durumunda, Almanya\u2019da ilk kez bir eyalet h\u00fck\u00fcmetini kurma olas\u0131l\u0131\u011f\u0131 bulunuyor.<\/p>\n<p>\u0130\u00e7 istihbarattan sorumlu Saksonya-Anhalt Anayasay\u0131 Koruma Te\u015fkilat\u0131, bu eyalette AfD\u2019yi 2023\u2019te &#8220;kesinle\u015fmi\u015f a\u015f\u0131r\u0131 sa\u011fc\u0131&#8221; olarak s\u0131n\u0131fland\u0131rm\u0131\u015ft\u0131.<\/p><\/p>\n","protected":false},"excerpt":{"rendered":"<p>Almanya&#8217;n\u0131n Saksonya-Anhalt eyaletinde bug\u00fcn yap\u0131lacak eyalet meclisi se\u00e7imleri \u00f6ncesinde d\u00fcn Magdeburg kentinde demokrasi ve ho\u015fg\u00f6r\u00fc g\u00f6sterisi d\u00fczenlendi. Alman Haber Ajans\u0131n\u0131n (DPA) haberine g\u00f6re, sendikalar\u0131n ve sivil toplum kurulu\u015flar\u0131n\u0131n \u00e7a\u011fr\u0131s\u0131yla binlerce ki\u015fi, demokrasi ve ho\u015fg\u00f6r\u00fc talebiyle d\u00fczenlenen g\u00f6steriye kat\u0131lmak amac\u0131yla Magdeburg\u2019daki Katedral Meydan\u0131\u2019nda topland\u0131. Burada konu\u015fma yapan iklim aktivisti Luisa Neubauer, demokratik partilerin a\u015f\u0131r\u0131 sa\u011fc\u0131 Almanya &hellip;<\/p>\n","protected":false},"author":1,"featured_media":151364,"comment_status":"open","ping_status":"open","sticky":false,"template":"","format":"standard","meta":{"footnotes":""},"categories":[4],"tags":[5404,747,153,926,6269,303,574,154,5627],"class_list":["post-151363","post","type-post","status-publish","format-standard","has-post-thumbnail","hentry","category-dunya","tag-afd","tag-almanyada","tag-asiri","tag-binlerce","tag-karsiti","tag-kisi","tag-protesto","tag-sagci","tag-sokakta"],"_links":{"self":[{"href":"https:\/\/www.kibrishost.com\/tak\/wp-json\/wp\/v2\/posts\/151363"}],"collection":[{"href":"https:\/\/www.kibrishost.com\/tak\/wp-json\/wp\/v2\/posts"}],"about":[{"href":"https:\/\/www.kibrishost.com\/tak\/wp-json\/wp\/v2\/types\/post"}],"author":[{"embeddable":true,"href":"https:\/\/www.kibrishost.com\/tak\/wp-json\/wp\/v2\/users\/1"}],"replies":[{"embeddable":true,"href":"https:\/\/www.kibrishost.com\/tak\/wp-json\/wp\/v2\/comments?post=151363"}],"version-history":[{"count":0,"href":"https:\/\/www.kibrishost.com\/tak\/wp-json\/wp\/v2\/posts\/151363\/revisions"}],"wp:featuredmedia":[{"embeddable":true,"href":"https:\/\/www.kibrishost.com\/tak\/wp-json\/wp\/v2\/media\/151364"}],"wp:attachment":[{"href":"https:\/\/www.kibrishost.com\/tak\/wp-json\/wp\/v2\/media?parent=151363"}],"wp:term":[{"taxonomy":"category","embeddable":true,"href":"https:\/\/www.kibrishost.com\/tak\/wp-json\/wp\/v2\/categories?post=151363"},{"taxonomy":"post_tag","embeddable":true,"href":"https:\/\/www.kibrishost.com\/tak\/wp-json\/wp\/v2\/tags?post=151363"}],"curies":[{"name":"wp","href":"https:\/\/api.w.org\/{rel}","templated":true}]}}