{"id":151353,"date":"2026-09-06T09:40:39","date_gmt":"2026-09-06T06:40:39","guid":{"rendered":"https:\/\/www.kibrishost.com\/tak\/oyuncu-serhat-mustafa-kilic-evinde-olu-bulundu\/"},"modified":"2026-09-06T09:40:39","modified_gmt":"2026-09-06T06:40:39","slug":"oyuncu-serhat-mustafa-kilic-evinde-olu-bulundu","status":"publish","type":"post","link":"https:\/\/www.kibrishost.com\/tak\/oyuncu-serhat-mustafa-kilic-evinde-olu-bulundu\/","title":{"rendered":"Oyuncu Serhat Mustafa K\u0131l\u0131\u00e7 evinde \u00f6l\u00fc bulundu"},"content":{"rendered":"<p>Oyuncu Serhat Mustafa K\u0131l\u0131\u00e7, Ka\u011f\u0131thane&#8217;deki evinde \u00f6l\u00fc bulundu.<\/p>\n<p>NTV\u2019nin haberinde oyuncunun kan kanseri tedavisi g\u00f6rd\u00fc\u011f\u00fc belirtiliyor.<\/p>\n<p>Nurtepe Mahallesi G\u00f6rkemli Sokak&#8217;taki evinde ikamet eden 51 ya\u015f\u0131ndaki K\u0131l\u0131\u00e7&#8217;\u0131n arkada\u015flar\u0131, kendisinden iki g\u00fcnd\u00fcr haber alamamalar\u0131 \u00fczerine evine gitti.<\/p>\n<p>K\u0131l\u0131\u00e7&#8217;\u0131 salonundaki koltuk \u00fczerinde hareketsiz bulunan arkada\u015flar\u0131, durumu sa\u011fl\u0131k ve polis ekiplerine bildirdi.<\/p>\n<p>Sa\u011fl\u0131k ekiplerince yap\u0131lan incelemede K\u0131l\u0131\u00e7&#8217;\u0131n hayat\u0131n\u0131 kaybetti\u011fi belirlendi.<\/p>\n<p>Olay yeri inceleme ekiplerinin, evdeki \u00e7al\u0131\u015fmalar\u0131 s\u00fcr\u00fcyor.<\/p>\n<\/p>\n<p>\u00a0<\/p><\/p>\n","protected":false},"excerpt":{"rendered":"<p>Oyuncu Serhat Mustafa K\u0131l\u0131\u00e7, Ka\u011f\u0131thane&#8217;deki evinde \u00f6l\u00fc bulundu. NTV\u2019nin haberinde oyuncunun kan kanseri tedavisi g\u00f6rd\u00fc\u011f\u00fc belirtiliyor. Nurtepe Mahallesi G\u00f6rkemli Sokak&#8217;taki evinde ikamet eden 51 ya\u015f\u0131ndaki K\u0131l\u0131\u00e7&#8217;\u0131n arkada\u015flar\u0131, kendisinden iki g\u00fcnd\u00fcr haber alamamalar\u0131 \u00fczerine evine gitti. K\u0131l\u0131\u00e7&#8217;\u0131 salonundaki koltuk \u00fczerinde hareketsiz bulunan arkada\u015flar\u0131, durumu sa\u011fl\u0131k ve polis ekiplerine bildirdi. Sa\u011fl\u0131k ekiplerince yap\u0131lan incelemede K\u0131l\u0131\u00e7&#8217;\u0131n hayat\u0131n\u0131 kaybetti\u011fi &hellip;<\/p>\n","protected":false},"author":1,"featured_media":151354,"comment_status":"open","ping_status":"open","sticky":false,"template":"","format":"standard","meta":{"footnotes":""},"categories":[3],"tags":[541,2796,2375,1621,1501,854,9478],"class_list":["post-151353","post","type-post","status-publish","format-standard","has-post-thumbnail","hentry","category-turkiye","tag-bulundu","tag-evinde","tag-kilic","tag-mustafa","tag-olu","tag-oyuncu","tag-serhat"],"_links":{"self":[{"href":"https:\/\/www.kibrishost.com\/tak\/wp-json\/wp\/v2\/posts\/151353"}],"collection":[{"href":"https:\/\/www.kibrishost.com\/tak\/wp-json\/wp\/v2\/posts"}],"about":[{"href":"https:\/\/www.kibrishost.com\/tak\/wp-json\/wp\/v2\/types\/post"}],"author":[{"embeddable":true,"href":"https:\/\/www.kibrishost.com\/tak\/wp-json\/wp\/v2\/users\/1"}],"replies":[{"embeddable":true,"href":"https:\/\/www.kibrishost.com\/tak\/wp-json\/wp\/v2\/comments?post=151353"}],"version-history":[{"count":0,"href":"https:\/\/www.kibrishost.com\/tak\/wp-json\/wp\/v2\/posts\/151353\/revisions"}],"wp:featuredmedia":[{"embeddable":true,"href":"https:\/\/www.kibrishost.com\/tak\/wp-json\/wp\/v2\/media\/151354"}],"wp:attachment":[{"href":"https:\/\/www.kibrishost.com\/tak\/wp-json\/wp\/v2\/media?parent=151353"}],"wp:term":[{"taxonomy":"category","embeddable":true,"href":"https:\/\/www.kibrishost.com\/tak\/wp-json\/wp\/v2\/categories?post=151353"},{"taxonomy":"post_tag","embeddable":true,"href":"https:\/\/www.kibrishost.com\/tak\/wp-json\/wp\/v2\/tags?post=151353"}],"curies":[{"name":"wp","href":"https:\/\/api.w.org\/{rel}","templated":true}]}}