{"id":151341,"date":"2026-09-06T09:30:11","date_gmt":"2026-09-06T06:30:11","guid":{"rendered":"https:\/\/www.kibrishost.com\/tak\/yunanistanda-savas-ucagi-dustu-iki-pilot-oldu\/"},"modified":"2026-09-06T09:30:11","modified_gmt":"2026-09-06T06:30:11","slug":"yunanistanda-savas-ucagi-dustu-iki-pilot-oldu","status":"publish","type":"post","link":"https:\/\/www.kibrishost.com\/tak\/yunanistanda-savas-ucagi-dustu-iki-pilot-oldu\/","title":{"rendered":"Yunanistan&#8217;da sava\u015f u\u00e7a\u011f\u0131 d\u00fc\u015ft\u00fc: \u0130ki pilot \u00f6ld\u00fc"},"content":{"rendered":"<p>Yunanistan&#8217;\u0131n kuzeyindeki Tanagra Hava \u00dcss\u00fc&#8217;nde d\u00fczenlenen Athens Flying Week 2026 hava g\u00f6sterisi s\u0131ras\u0131nda &#8220;Phantom&#8221; tipi sava\u015f u\u00e7a\u011f\u0131n\u0131n d\u00fc\u015fmesi sonucu 2 pilotun \u00f6ld\u00fc\u011f\u00fc bildirildi.<\/p>\n<p>Yunan bas\u0131n\u0131nda yer alan haberlerde, Yunanistan Hava Kuvvetlerine ait 2 ki\u015filik F-4 Phantom tipi u\u00e7a\u011f\u0131n, g\u00f6steri s\u0131ras\u0131nda hen\u00fcz belirlenemeyen nedenle ini\u015f yapmas\u0131ndan k\u0131sa s\u00fcre \u00f6nce d\u00fc\u015ft\u00fc\u011f\u00fc belirtildi.<\/p>\n<p>Kaza, y\u00fczlerce ki\u015finin g\u00f6steriyi yak\u0131ndan izledi\u011fi s\u0131rada meydana gelirken u\u00e7a\u011f\u0131n pist yak\u0131n\u0131nda yeniden irtifa kazanmaya \u00e7al\u0131\u015ft\u0131\u011f\u0131 s\u0131rada d\u00fc\u015ft\u00fc\u011f\u00fcne ili\u015fkin g\u00f6rseller sosyal medyadan payla\u015f\u0131ld\u0131.<\/p>\n<p>U\u00e7aktaki bir binba\u015f\u0131 ve yarbay\u0131n \u00f6ld\u00fc\u011f\u00fc bildirildi.<\/p>\n<p>Kazan\u0131n ard\u0131ndan b\u00f6lgede yang\u0131n \u00e7\u0131kt\u0131\u011f\u0131, olay yerine \u00e7ok say\u0131da itfaiye ve sa\u011fl\u0131k ekibinin g\u00f6nderildi\u011fi vurgulanan haberlerde, g\u00f6steriyi izleyen y\u00fczlerce ki\u015finin kaza sonras\u0131 alandan tahliye edilmeye ba\u015fland\u0131\u011f\u0131 ve Athens Flying Week etkinli\u011fine ge\u00e7ici olarak ara verildi\u011fi belirtildi.<\/p>\n<p>\u00d6te yandan Yunanistan Savunma Bakan\u0131 Nikos Dendias&#8217;\u0131n da kaza nedeniyle Selanik Uluslararas\u0131 Fuar\u0131&#8217;ndaki program\u0131n\u0131 yar\u0131da keserek Atina&#8217;ya d\u00f6nd\u00fc\u011f\u00fc belirtildi.<\/p><\/p>\n","protected":false},"excerpt":{"rendered":"<p>Yunanistan&#8217;\u0131n kuzeyindeki Tanagra Hava \u00dcss\u00fc&#8217;nde d\u00fczenlenen Athens Flying Week 2026 hava g\u00f6sterisi s\u0131ras\u0131nda &#8220;Phantom&#8221; tipi sava\u015f u\u00e7a\u011f\u0131n\u0131n d\u00fc\u015fmesi sonucu 2 pilotun \u00f6ld\u00fc\u011f\u00fc bildirildi. Yunan bas\u0131n\u0131nda yer alan haberlerde, Yunanistan Hava Kuvvetlerine ait 2 ki\u015filik F-4 Phantom tipi u\u00e7a\u011f\u0131n, g\u00f6steri s\u0131ras\u0131nda hen\u00fcz belirlenemeyen nedenle ini\u015f yapmas\u0131ndan k\u0131sa s\u00fcre \u00f6nce d\u00fc\u015ft\u00fc\u011f\u00fc belirtildi. Kaza, y\u00fczlerce ki\u015finin g\u00f6steriyi yak\u0131ndan &hellip;<\/p>\n","protected":false},"author":1,"featured_media":151342,"comment_status":"open","ping_status":"open","sticky":false,"template":"","format":"standard","meta":{"footnotes":""},"categories":[4],"tags":[1055,77,100,480,819,8505,328],"class_list":["post-151341","post","type-post","status-publish","format-standard","has-post-thumbnail","hentry","category-dunya","tag-dustu","tag-iki","tag-oldu","tag-pilot","tag-savas","tag-ucagi","tag-yunanistanda"],"_links":{"self":[{"href":"https:\/\/www.kibrishost.com\/tak\/wp-json\/wp\/v2\/posts\/151341"}],"collection":[{"href":"https:\/\/www.kibrishost.com\/tak\/wp-json\/wp\/v2\/posts"}],"about":[{"href":"https:\/\/www.kibrishost.com\/tak\/wp-json\/wp\/v2\/types\/post"}],"author":[{"embeddable":true,"href":"https:\/\/www.kibrishost.com\/tak\/wp-json\/wp\/v2\/users\/1"}],"replies":[{"embeddable":true,"href":"https:\/\/www.kibrishost.com\/tak\/wp-json\/wp\/v2\/comments?post=151341"}],"version-history":[{"count":0,"href":"https:\/\/www.kibrishost.com\/tak\/wp-json\/wp\/v2\/posts\/151341\/revisions"}],"wp:featuredmedia":[{"embeddable":true,"href":"https:\/\/www.kibrishost.com\/tak\/wp-json\/wp\/v2\/media\/151342"}],"wp:attachment":[{"href":"https:\/\/www.kibrishost.com\/tak\/wp-json\/wp\/v2\/media?parent=151341"}],"wp:term":[{"taxonomy":"category","embeddable":true,"href":"https:\/\/www.kibrishost.com\/tak\/wp-json\/wp\/v2\/categories?post=151341"},{"taxonomy":"post_tag","embeddable":true,"href":"https:\/\/www.kibrishost.com\/tak\/wp-json\/wp\/v2\/tags?post=151341"}],"curies":[{"name":"wp","href":"https:\/\/api.w.org\/{rel}","templated":true}]}}