{"id":151339,"date":"2026-09-05T21:40:25","date_gmt":"2026-09-05T18:40:25","guid":{"rendered":"https:\/\/www.kibrishost.com\/tak\/trafik-kazasinda-rahatsizlanan-56-yasindaki-veli-celik-hayatini-kaybetti\/"},"modified":"2026-09-05T21:40:25","modified_gmt":"2026-09-05T18:40:25","slug":"trafik-kazasinda-rahatsizlanan-56-yasindaki-veli-celik-hayatini-kaybetti","status":"publish","type":"post","link":"https:\/\/www.kibrishost.com\/tak\/trafik-kazasinda-rahatsizlanan-56-yasindaki-veli-celik-hayatini-kaybetti\/","title":{"rendered":"Trafik kazas\u0131nda rahats\u0131zlanan 56 ya\u015f\u0131ndaki Veli \u00c7elik hayat\u0131n\u0131 kaybetti"},"content":{"rendered":"<p>Yenierenk\u00f6y\u2019de 28 A\u011fustos\u2019ta meydana gelen trafik kazas\u0131nda rahats\u0131zlanan 56 ya\u015f\u0131ndaki Veli \u00c7elik hayat\u0131n\u0131 kaybetti.\u00a0<\/p>\n<p>Polis Bas\u0131n Subayl\u0131\u011f\u0131\u2019ndan verilen bilgiye g\u00f6re, 28 A\u011fustos\u2019ta Yenierenk\u00f6y\u2019de Ecevit Caddesi \u00fczerinde meydana gelen trafik kazas\u0131nda\u00a0\u00a0rahats\u0131zlanan CJ 115 plakal\u0131\u00a0\u00a0ara\u00e7 s\u00fcr\u00fcc\u00fcs\u00fc \u00c7elik, kald\u0131r\u0131ld\u0131\u011f\u0131\u00a0\u00a0Gazima\u011fusa Devlet Hastanesi yo\u011fun bak\u0131m servisinde yap\u0131lan t\u00fcm m\u00fcdahalelere ra\u011fmen kurtar\u0131lamayarak d\u00fcn ya\u015fam\u0131n\u0131 yitirdi.\u00a0<\/p>\n<p>Ad\u0131 edilenin \u00f6l\u00fcm sebebinin tespiti i\u00e7in yap\u0131lan otopside, kan ve doku \u00f6rnekleri al\u0131nd\u0131. \u00c7elik\u2019in kesin \u00f6l\u00fcm sebebi yap\u0131lacak ileri tetkikler ard\u0131ndan belirlenecek.<\/p>\n<p>\u00d6te yandan d\u00fcn Lefko\u015fa&#8217;da ikametgah\u0131nda ya\u015fam\u0131n\u0131 yitiren Tahsin \u00d6ks\u00fcz\u2019e (E-46) yap\u0131lan otopside \u00f6l\u00fcm sebebinin &#8220;Kalp ve damar hastal\u0131\u011f\u0131&#8221; oldu\u011fu tespit edildi.\u00a0<\/p>\n<p>Polisin olaylar hakk\u0131ndaki soru\u015fturmas\u0131 devam ediyor.\u00a0<\/p><\/p>\n","protected":false},"excerpt":{"rendered":"<p>Yenierenk\u00f6y\u2019de 28 A\u011fustos\u2019ta meydana gelen trafik kazas\u0131nda rahats\u0131zlanan 56 ya\u015f\u0131ndaki Veli \u00c7elik hayat\u0131n\u0131 kaybetti.\u00a0 Polis Bas\u0131n Subayl\u0131\u011f\u0131\u2019ndan verilen bilgiye g\u00f6re, 28 A\u011fustos\u2019ta Yenierenk\u00f6y\u2019de Ecevit Caddesi \u00fczerinde meydana gelen trafik kazas\u0131nda\u00a0\u00a0rahats\u0131zlanan CJ 115 plakal\u0131\u00a0\u00a0ara\u00e7 s\u00fcr\u00fcc\u00fcs\u00fc \u00c7elik, kald\u0131r\u0131ld\u0131\u011f\u0131\u00a0\u00a0Gazima\u011fusa Devlet Hastanesi yo\u011fun bak\u0131m servisinde yap\u0131lan t\u00fcm m\u00fcdahalelere ra\u011fmen kurtar\u0131lamayarak d\u00fcn ya\u015fam\u0131n\u0131 yitirdi.\u00a0 Ad\u0131 edilenin \u00f6l\u00fcm sebebinin tespiti i\u00e7in &hellip;<\/p>\n","protected":false},"author":1,"featured_media":151340,"comment_status":"open","ping_status":"open","sticky":false,"template":"","format":"standard","meta":{"footnotes":""},"categories":[2],"tags":[1111,676,1151,1972,9291,1815,11895,1148],"class_list":["post-151339","post","type-post","status-publish","format-standard","has-post-thumbnail","hentry","category-kibris","tag-celik","tag-hayatini","tag-kaybetti","tag-kazasinda","tag-rahatsizlanan","tag-trafik","tag-veli","tag-yasindaki"],"_links":{"self":[{"href":"https:\/\/www.kibrishost.com\/tak\/wp-json\/wp\/v2\/posts\/151339"}],"collection":[{"href":"https:\/\/www.kibrishost.com\/tak\/wp-json\/wp\/v2\/posts"}],"about":[{"href":"https:\/\/www.kibrishost.com\/tak\/wp-json\/wp\/v2\/types\/post"}],"author":[{"embeddable":true,"href":"https:\/\/www.kibrishost.com\/tak\/wp-json\/wp\/v2\/users\/1"}],"replies":[{"embeddable":true,"href":"https:\/\/www.kibrishost.com\/tak\/wp-json\/wp\/v2\/comments?post=151339"}],"version-history":[{"count":0,"href":"https:\/\/www.kibrishost.com\/tak\/wp-json\/wp\/v2\/posts\/151339\/revisions"}],"wp:featuredmedia":[{"embeddable":true,"href":"https:\/\/www.kibrishost.com\/tak\/wp-json\/wp\/v2\/media\/151340"}],"wp:attachment":[{"href":"https:\/\/www.kibrishost.com\/tak\/wp-json\/wp\/v2\/media?parent=151339"}],"wp:term":[{"taxonomy":"category","embeddable":true,"href":"https:\/\/www.kibrishost.com\/tak\/wp-json\/wp\/v2\/categories?post=151339"},{"taxonomy":"post_tag","embeddable":true,"href":"https:\/\/www.kibrishost.com\/tak\/wp-json\/wp\/v2\/tags?post=151339"}],"curies":[{"name":"wp","href":"https:\/\/api.w.org\/{rel}","templated":true}]}}