{"id":151335,"date":"2026-09-05T19:10:20","date_gmt":"2026-09-05T16:10:20","guid":{"rendered":"https:\/\/www.kibrishost.com\/tak\/ustel-felakette-saglik-calisanlarimiz-insan-ustu-bir-gayret-ortaya-koydu\/"},"modified":"2026-09-05T19:10:20","modified_gmt":"2026-09-05T16:10:20","slug":"ustel-felakette-saglik-calisanlarimiz-insan-ustu-bir-gayret-ortaya-koydu","status":"publish","type":"post","link":"https:\/\/www.kibrishost.com\/tak\/ustel-felakette-saglik-calisanlarimiz-insan-ustu-bir-gayret-ortaya-koydu\/","title":{"rendered":"\u00dcstel: \u201cFelakette sa\u011fl\u0131k \u00e7al\u0131\u015fanlar\u0131m\u0131z insan \u00fcst\u00fc bir gayret ortaya koydu\u201d"},"content":{"rendered":"<p>\u201cS\u00fcre\u00e7 boyunca 139 hekim ile yakla\u015f\u0131k 200 hem\u015fire ve sa\u011fl\u0131k \u00e7al\u0131\u015fan\u0131 g\u00f6rev yapt\u0131\u201d\u00a0<\/p>\n<p>\u201cBug\u00fcn itibar\u0131yla 132 kazazededen 131\u2019i taburcu edildi\u201d<\/p>\n<p>\u201cTedavisi yatarak devam eden bir kazazedenin sa\u011fl\u0131k durumu h\u0131zla iyiye gitmekte\u201d<\/p>\n<p>Lefko\u015fa, 5 Eyl\u00fcl 26 (TAK) Ba\u015fbakan \u00dcnal \u00dcstel, \u201cBu felakette t\u00fcm kamu ve \u00f6zel sa\u011fl\u0131k \u00e7al\u0131\u015fanlar\u0131m\u0131z insan \u00fcst\u00fc bir gayret ortaya koymu\u015ftur\u201d dedi.\u00a0<\/p>\n<p>\u00dcstel, Girne\u2019de meydana gelen deniz kazas\u0131 ard\u0131ndan s\u00fcre\u00e7 boyunca 139 hekim ile yakla\u015f\u0131k 200 hem\u015fire ve sa\u011fl\u0131k \u00e7al\u0131\u015fan\u0131n\u0131n g\u00f6rev yapt\u0131\u011f\u0131n\u0131 s\u00f6yleyerek, t\u00fcm sa\u011fl\u0131k \u00e7al\u0131\u015fanlar\u0131na te\u015fekk\u00fcr etti.<\/p>\n<p>Ba\u015fbakan \u00dcstel, yapt\u0131\u011f\u0131 a\u00e7\u0131klamada, Girne a\u00e7\u0131klar\u0131nda 7 g\u00fcn \u00f6nce meydana gelen deniz kazas\u0131n\u0131n\u00a0\u00a0hemen akabinde, sa\u011fl\u0131k \u00e7al\u0131\u015fanlar\u0131n\u0131n b\u00fcy\u00fck bir seferberlik anlay\u0131\u015f\u0131yla harekete ge\u00e7ti\u011fini s\u00f6yledi.\u00a0<\/p>\n<p>Sa\u011fl\u0131k Bakanl\u0131\u011f\u0131 koordinasyonunda; 21 ambulans ve 63 personelin s\u00fcratle limana sevk edildi\u011fini, 25 doktor ve 30 hem\u015firenin olay yerinde ilk m\u00fcdahalelere ba\u015flad\u0131\u011f\u0131n\u0131 belirten \u00dcstel, a\u00e7\u0131klamas\u0131nda \u015fu ifadelere yer verdi:<\/p>\n<p>\u201cDevlet, \u00fcniversite, askeri ve \u00f6zel hastanelerimiz e\u015f zamanl\u0131 olarak alarma ge\u00e7irilmi\u015ftir.<\/p>\n<p>267 yolcudan sa\u011f kurtar\u0131lan 239 insan\u0131m\u0131z\u0131n tamam\u0131 hastanelere sevk edilmi\u015f, gerekli muayene ve sa\u011fl\u0131k kontrollerinden ge\u00e7irilmi\u015ftir. Bunlardan 132\u2019si ileri tetkik ve tedavi amac\u0131yla hastanelere yat\u0131r\u0131lm\u0131\u015f, 4 kazazedemiz yo\u011fun bak\u0131mda tedavi alt\u0131na al\u0131nm\u0131\u015ft\u0131r.<\/p>\n<p>S\u00fcre\u00e7 boyunca 139 hekim ile yakla\u015f\u0131k 200 hem\u015fire ve sa\u011fl\u0131k \u00e7al\u0131\u015fan\u0131m\u0131z g\u00f6rev yapm\u0131\u015ft\u0131r.\u00a0<\/p>\n<p>Kazazedelerimizin triyaj, ilk m\u00fcdahale, sevk ve tedavileri koordineli \u015fekilde ger\u00e7ekle\u015ftirilmi\u015ftir. 19 psikiyatri uzman\u0131 ve 17 klinik psikologdan olu\u015fan ekiplerimiz de kazazedelerimize, hayat\u0131n\u0131 kaybeden ve kay\u0131p insanlar\u0131m\u0131z\u0131n yak\u0131nlar\u0131na destek vermi\u015ftir.<\/p>\n<p>Bug\u00fcn itibar\u0131yla kamu ve \u00fcniversite hastanelerimize yat\u0131r\u0131lan 132 kazazedemizden 131\u2019i taburcu edilmi\u015ftir. Yaln\u0131zca 1 kazazedemizin yatarak tedavisi devam etmekte olup sa\u011fl\u0131k durumu h\u0131zla iyiye gitmektedir. Yo\u011fun bak\u0131mda tedavi g\u00f6ren kazazedemiz kalmam\u0131\u015ft\u0131r.\u201d<\/p>\n<p>-Kazada \u015fu ana kadar 13 ki\u015fi hayat\u0131n\u0131 kaybetti\u202615 ki\u015fi i\u00e7in \u00e7al\u0131\u015fmalar devam ediyor<\/p>\n<p>Kazada \u015fu ana kadar 13 ki\u015finin hayat\u0131n\u0131 kaybetti\u011fini an\u0131msatan Ba\u015fbakan \u00dcnal \u00dcstel, \u201cKay\u0131p 15 insan\u0131m\u0131za ula\u015fmak amac\u0131yla y\u00fcr\u00fct\u00fclen arama \u00e7al\u0131\u015fmalar\u0131 7 g\u00fcn 24 saat esas\u0131na g\u00f6re aral\u0131ks\u0131z s\u00fcrd\u00fcr\u00fclmektedir.\u201d dedi.\u00a0<\/p>\n<p>\u00dcstel a\u00e7\u0131klamas\u0131nda, \u201c\u0130lk dakikadan bug\u00fcne b\u00fcy\u00fck bir \u00f6zveriyle g\u00f6rev yapan devlette, \u00f6zelde ve \u00fcniversite hastanelerimizdeki t\u00fcm doktorlar\u0131m\u0131za, hem\u015firelerimize, sa\u011fl\u0131k \u00e7al\u0131\u015fanlar\u0131m\u0131za, psikologlar\u0131m\u0131za, ambulans ekiplerimize ve s\u00fcrece katk\u0131 koyan t\u00fcm sa\u011fl\u0131k kurulu\u015flar\u0131na y\u00fcrekten te\u015fekk\u00fcr ediyoruz.<\/p>\n<p>Devletimiz t\u00fcm imkanlar\u0131yla kazazedelerimizin, kay\u0131plar\u0131m\u0131z\u0131n ve ailelerimizin yan\u0131nda olmaya devam edecektir.\u201d \u0130fadelerine yer verdi.\u00a0<\/p>\n<p>\u00a0(TU\u011e)<\/p>\n","protected":false},"excerpt":{"rendered":"<p>\u201cS\u00fcre\u00e7 boyunca 139 hekim ile yakla\u015f\u0131k 200 hem\u015fire ve sa\u011fl\u0131k \u00e7al\u0131\u015fan\u0131 g\u00f6rev yapt\u0131\u201d\u00a0 \u201cBug\u00fcn itibar\u0131yla 132 kazazededen 131\u2019i taburcu edildi\u201d \u201cTedavisi yatarak devam eden bir kazazedenin sa\u011fl\u0131k durumu h\u0131zla iyiye gitmekte\u201d Lefko\u015fa, 5 Eyl\u00fcl 26 (TAK) Ba\u015fbakan \u00dcnal \u00dcstel, \u201cBu felakette t\u00fcm kamu ve \u00f6zel sa\u011fl\u0131k \u00e7al\u0131\u015fanlar\u0131m\u0131z insan \u00fcst\u00fc bir gayret ortaya koymu\u015ftur\u201d dedi.\u00a0 \u00dcstel, &hellip;<\/p>\n","protected":false},"author":1,"featured_media":151336,"comment_status":"open","ping_status":"open","sticky":false,"template":"","format":"standard","meta":{"footnotes":""},"categories":[2],"tags":[48821,64,48822,24394,86,3353,629,577,1016,392],"class_list":["post-151335","post","type-post","status-publish","format-standard","has-post-thumbnail","hentry","category-kibris","tag-felakette","tag-bir","tag-calisanlarimiz","tag-gayret","tag-insan","tag-koydu","tag-ortaya","tag-saglik","tag-ustel","tag-ustu"],"_links":{"self":[{"href":"https:\/\/www.kibrishost.com\/tak\/wp-json\/wp\/v2\/posts\/151335"}],"collection":[{"href":"https:\/\/www.kibrishost.com\/tak\/wp-json\/wp\/v2\/posts"}],"about":[{"href":"https:\/\/www.kibrishost.com\/tak\/wp-json\/wp\/v2\/types\/post"}],"author":[{"embeddable":true,"href":"https:\/\/www.kibrishost.com\/tak\/wp-json\/wp\/v2\/users\/1"}],"replies":[{"embeddable":true,"href":"https:\/\/www.kibrishost.com\/tak\/wp-json\/wp\/v2\/comments?post=151335"}],"version-history":[{"count":0,"href":"https:\/\/www.kibrishost.com\/tak\/wp-json\/wp\/v2\/posts\/151335\/revisions"}],"wp:featuredmedia":[{"embeddable":true,"href":"https:\/\/www.kibrishost.com\/tak\/wp-json\/wp\/v2\/media\/151336"}],"wp:attachment":[{"href":"https:\/\/www.kibrishost.com\/tak\/wp-json\/wp\/v2\/media?parent=151335"}],"wp:term":[{"taxonomy":"category","embeddable":true,"href":"https:\/\/www.kibrishost.com\/tak\/wp-json\/wp\/v2\/categories?post=151335"},{"taxonomy":"post_tag","embeddable":true,"href":"https:\/\/www.kibrishost.com\/tak\/wp-json\/wp\/v2\/tags?post=151335"}],"curies":[{"name":"wp","href":"https:\/\/api.w.org\/{rel}","templated":true}]}}