{"id":151333,"date":"2026-09-05T17:40:19","date_gmt":"2026-09-05T14:40:19","guid":{"rendered":"https:\/\/www.kibrishost.com\/tak\/ustel-naaslarin-kimliklerinin-belirlenmesi-icin-dna-incelemelerinden-yararlanilacak\/"},"modified":"2026-09-05T17:40:19","modified_gmt":"2026-09-05T14:40:19","slug":"ustel-naaslarin-kimliklerinin-belirlenmesi-icin-dna-incelemelerinden-yararlanilacak","status":"publish","type":"post","link":"https:\/\/www.kibrishost.com\/tak\/ustel-naaslarin-kimliklerinin-belirlenmesi-icin-dna-incelemelerinden-yararlanilacak\/","title":{"rendered":"\u00dcstel, \u201cNaa\u015flar\u0131n kimliklerinin belirlenmesi i\u00e7in DNA incelemelerinden yararlan\u0131lacak\u201d"},"content":{"rendered":"<p>Ba\u015fbakan \u00dcnal \u00dcstel, ula\u015f\u0131lacak naa\u015flar\u0131n kimliklerinin en do\u011fru, kesin ve teredd\u00fcde yer b\u0131rakmayacak \u015fekilde belirlenmesi i\u00e7in DNA incelemelerinden yararlan\u0131laca\u011f\u0131n\u0131 a\u00e7\u0131klad\u0131.<\/p>\n<p>Ba\u015fbakan \u00dcstel yapt\u0131\u011f\u0131 yaz\u0131l\u0131 a\u00e7\u0131klamada,<\/p>\n<p>\u201cGirne a\u00e7\u0131klar\u0131nda meydana gelen deniz kazas\u0131n\u0131n ard\u0131ndan, kay\u0131p insanlar\u0131m\u0131za ula\u015fmak amac\u0131yla deniz alt\u0131nda y\u00fcr\u00fct\u00fclen \u00e7al\u0131\u015fmalar aral\u0131ks\u0131z devam etmektedir.<\/p>\n<p>Ula\u015f\u0131lacak naa\u015flar\u0131n kimliklerinin en do\u011fru, kesin ve hi\u00e7bir teredd\u00fcde yer b\u0131rakmayacak \u015fekilde belirlenmesi amac\u0131yla g\u00f6rsel te\u015fhis ve di\u011fer kimlik tespit y\u00f6ntemlerinin yan\u0131 s\u0131ra DNA incelemelerinden de yararlan\u0131lacakt\u0131r.\u201d dedi.\u00a0<\/p>\n<p>-DNA \u00f6rneklerinin al\u0131nmas\u0131na bug\u00fcn ba\u015fland\u0131\u00a0<\/p>\n<p>Ba\u015fbakan \u00dcstel, bu do\u011frultuda Sa\u011fl\u0131k Bakanl\u0131\u011f\u0131 taraf\u0131ndan kay\u0131p yak\u0131nlar\u0131ndan DNA \u00f6rneklerinin al\u0131nmas\u0131na bug\u00fcn ba\u015fland\u0131\u011f\u0131n\u0131 s\u00f6yledi.\u00a0<\/p>\n<p>Al\u0131nan \u00f6rneklerin, denizden \u00e7\u0131kan naa\u015flar\u0131n kimlik tespit \u00e7al\u0131\u015fmalar\u0131nda kullan\u0131laca\u011f\u0131n\u0131 belirten \u00dcstel, a\u00e7\u0131klamas\u0131nda \u015fu ifadelere yer verdi:\u00a0<\/p>\n<p>\u201cAmac\u0131m\u0131z, her bir insan\u0131m\u0131z\u0131n kimli\u011fini bilimsel ve kesin verilerle belirleyerek ailelerine do\u011fru bilgi vermektir.<\/p>\n<p>Ya\u015fad\u0131klar\u0131 b\u00fcy\u00fck ac\u0131ya ra\u011fmen anlay\u0131\u015f ve i\u015f birli\u011fi i\u00e7erisinde devletimize yard\u0131mc\u0131 olan t\u00fcm kay\u0131p yak\u0131nlar\u0131m\u0131za y\u00fcrekten te\u015fekk\u00fcr ediyoruz.<\/p>\n<p>Devletimiz, kay\u0131p insanlar\u0131m\u0131za ula\u015fmak ve kimlik tespitlerini en sa\u011fl\u0131kl\u0131 \u015fekilde ger\u00e7ekle\u015ftirmek i\u00e7in t\u00fcm imkanlar\u0131yla \u00e7al\u0131\u015fmalar\u0131n\u0131 s\u00fcrd\u00fcrecektir.\u201d<\/p><\/p>\n","protected":false},"excerpt":{"rendered":"<p>Ba\u015fbakan \u00dcnal \u00dcstel, ula\u015f\u0131lacak naa\u015flar\u0131n kimliklerinin en do\u011fru, kesin ve teredd\u00fcde yer b\u0131rakmayacak \u015fekilde belirlenmesi i\u00e7in DNA incelemelerinden yararlan\u0131laca\u011f\u0131n\u0131 a\u00e7\u0131klad\u0131. Ba\u015fbakan \u00dcstel yapt\u0131\u011f\u0131 yaz\u0131l\u0131 a\u00e7\u0131klamada, \u201cGirne a\u00e7\u0131klar\u0131nda meydana gelen deniz kazas\u0131n\u0131n ard\u0131ndan, kay\u0131p insanlar\u0131m\u0131za ula\u015fmak amac\u0131yla deniz alt\u0131nda y\u00fcr\u00fct\u00fclen \u00e7al\u0131\u015fmalar aral\u0131ks\u0131z devam etmektedir. Ula\u015f\u0131lacak naa\u015flar\u0131n kimliklerinin en do\u011fru, kesin ve hi\u00e7bir teredd\u00fcde yer b\u0131rakmayacak \u015fekilde &hellip;<\/p>\n","protected":false},"author":1,"featured_media":151334,"comment_status":"open","ping_status":"open","sticky":false,"template":"","format":"standard","meta":{"footnotes":""},"categories":[2],"tags":[48817,8445,48818,116,48819,40373,1016,48820],"class_list":["post-151333","post","type-post","status-publish","format-standard","has-post-thumbnail","hentry","category-kibris","tag-naaslarin","tag-belirlenmesi","tag-dna","tag-icin","tag-incelemelerinden","tag-kimliklerinin","tag-ustel","tag-yararlanilacak"],"_links":{"self":[{"href":"https:\/\/www.kibrishost.com\/tak\/wp-json\/wp\/v2\/posts\/151333"}],"collection":[{"href":"https:\/\/www.kibrishost.com\/tak\/wp-json\/wp\/v2\/posts"}],"about":[{"href":"https:\/\/www.kibrishost.com\/tak\/wp-json\/wp\/v2\/types\/post"}],"author":[{"embeddable":true,"href":"https:\/\/www.kibrishost.com\/tak\/wp-json\/wp\/v2\/users\/1"}],"replies":[{"embeddable":true,"href":"https:\/\/www.kibrishost.com\/tak\/wp-json\/wp\/v2\/comments?post=151333"}],"version-history":[{"count":0,"href":"https:\/\/www.kibrishost.com\/tak\/wp-json\/wp\/v2\/posts\/151333\/revisions"}],"wp:featuredmedia":[{"embeddable":true,"href":"https:\/\/www.kibrishost.com\/tak\/wp-json\/wp\/v2\/media\/151334"}],"wp:attachment":[{"href":"https:\/\/www.kibrishost.com\/tak\/wp-json\/wp\/v2\/media?parent=151333"}],"wp:term":[{"taxonomy":"category","embeddable":true,"href":"https:\/\/www.kibrishost.com\/tak\/wp-json\/wp\/v2\/categories?post=151333"},{"taxonomy":"post_tag","embeddable":true,"href":"https:\/\/www.kibrishost.com\/tak\/wp-json\/wp\/v2\/tags?post=151333"}],"curies":[{"name":"wp","href":"https:\/\/api.w.org\/{rel}","templated":true}]}}