{"id":151331,"date":"2026-09-05T16:10:27","date_gmt":"2026-09-05T13:10:27","guid":{"rendered":"https:\/\/www.kibrishost.com\/tak\/endonezyada-yaklasik-2-bin-kisinin-okullarda-dagitilan-yemekten-zehirlendigi-dusunuluyor\/"},"modified":"2026-09-05T16:10:27","modified_gmt":"2026-09-05T13:10:27","slug":"endonezyada-yaklasik-2-bin-kisinin-okullarda-dagitilan-yemekten-zehirlendigi-dusunuluyor","status":"publish","type":"post","link":"https:\/\/www.kibrishost.com\/tak\/endonezyada-yaklasik-2-bin-kisinin-okullarda-dagitilan-yemekten-zehirlendigi-dusunuluyor\/","title":{"rendered":"Endonezya&#8217;da yakla\u015f\u0131k 2 bin ki\u015finin okullarda da\u011f\u0131t\u0131lan yemekten zehirlendi\u011fi d\u00fc\u015f\u00fcn\u00fcl\u00fcyor"},"content":{"rendered":"<p>Endonezya&#8217;n\u0131n \u00e7e\u015fitli b\u00f6lgelerinde, aralar\u0131nda \u00f6\u011fretmen ve \u00f6\u011frencilerin bulundu\u011fu bin 950 ki\u015finin yetersiz beslenmeyi azaltmay\u0131 ama\u00e7layan h\u00fck\u00fcmet program\u0131 kapsam\u0131nda da\u011f\u0131t\u0131lan \u00fccretsiz yemeklerden zehirlendi\u011finin d\u00fc\u015f\u00fcn\u00fcld\u00fc\u011f\u00fc kaydedildi.<\/p>\n<p>Yetkililer, h\u00fck\u00fcmet program\u0131 kapsam\u0131nda da\u011f\u0131t\u0131lan \u00fccretsiz yemeklerden kaynakland\u0131\u011f\u0131 de\u011ferlendirilen g\u0131da zehirlenmesi vakalar\u0131na ili\u015fkin a\u00e7\u0131klama yapt\u0131.<\/p>\n<p>Buna g\u00f6re, 1 ila 3 Eyl\u00fcl aras\u0131nda \u00fclkenin Do\u011fu Cava, Orta Cava, Bat\u0131 Sumatra, A\u00e7e ve G\u00fcney Sulawesi b\u00f6lgelerinde aralar\u0131nda \u00f6\u011fretmen ve \u00f6\u011frencilerin bulundu\u011fu 1950 ki\u015finin h\u00fck\u00fcmet program\u0131 kapsam\u0131nda da\u011f\u0131t\u0131lan yemekleri t\u00fckettikten sonra hastaland\u0131\u011f\u0131 bildirildi.<\/p>\n<p>En \u00e7ok vakan\u0131n 752 \u00f6\u011frenci ve 25 \u00f6\u011fretmenin hastaland\u0131\u011f\u0131 Orta Cava b\u00f6lgesinde g\u00f6r\u00fcld\u00fc\u011f\u00fcn\u00fc kaydeden yetkililer, olaya ili\u015fkin soru\u015fturman\u0131n s\u00fcrd\u00fc\u011f\u00fcne dikkati \u00e7ekti.<\/p>\n<p>Endonezya Sa\u011fl\u0131k Bakanl\u0131\u011f\u0131 verilerine g\u00f6re ise Ocak 2025&#8217;te hayata ge\u00e7irilen uygulamayla ba\u011flant\u0131l\u0131 oldu\u011fu d\u00fc\u015f\u00fcn\u00fclen 50 binin \u00fczerinde g\u0131da zehirlenmesi vakas\u0131 tespit edildi.<\/p>\n<p>Endonezya Cumhurba\u015fkan\u0131 Prabowo Subianto, yetersiz beslenmeyi azaltmak amac\u0131yla \u00fccretsiz yemek da\u011f\u0131t\u0131m\u0131 program\u0131n\u0131 hayata ge\u00e7irmi\u015fti.<\/p><\/p>\n","protected":false},"excerpt":{"rendered":"<p>Endonezya&#8217;n\u0131n \u00e7e\u015fitli b\u00f6lgelerinde, aralar\u0131nda \u00f6\u011fretmen ve \u00f6\u011frencilerin bulundu\u011fu bin 950 ki\u015finin yetersiz beslenmeyi azaltmay\u0131 ama\u00e7layan h\u00fck\u00fcmet program\u0131 kapsam\u0131nda da\u011f\u0131t\u0131lan \u00fccretsiz yemeklerden zehirlendi\u011finin d\u00fc\u015f\u00fcn\u00fcld\u00fc\u011f\u00fc kaydedildi. Yetkililer, h\u00fck\u00fcmet program\u0131 kapsam\u0131nda da\u011f\u0131t\u0131lan \u00fccretsiz yemeklerden kaynakland\u0131\u011f\u0131 de\u011ferlendirilen g\u0131da zehirlenmesi vakalar\u0131na ili\u015fkin a\u00e7\u0131klama yapt\u0131. Buna g\u00f6re, 1 ila 3 Eyl\u00fcl aras\u0131nda \u00fclkenin Do\u011fu Cava, Orta Cava, Bat\u0131 Sumatra, A\u00e7e ve &hellip;<\/p>\n","protected":false},"author":1,"featured_media":151332,"comment_status":"open","ping_status":"open","sticky":false,"template":"","format":"standard","meta":{"footnotes":""},"categories":[2],"tags":[355,12413,3036,9190,2761,3412,1260,47484,43740],"class_list":["post-151331","post","type-post","status-publish","format-standard","has-post-thumbnail","hentry","category-kibris","tag-bin","tag-dagitilan","tag-dusunuluyor","tag-endonezyada","tag-kisinin","tag-okullarda","tag-yaklasik","tag-yemekten","tag-zehirlendigi"],"_links":{"self":[{"href":"https:\/\/www.kibrishost.com\/tak\/wp-json\/wp\/v2\/posts\/151331"}],"collection":[{"href":"https:\/\/www.kibrishost.com\/tak\/wp-json\/wp\/v2\/posts"}],"about":[{"href":"https:\/\/www.kibrishost.com\/tak\/wp-json\/wp\/v2\/types\/post"}],"author":[{"embeddable":true,"href":"https:\/\/www.kibrishost.com\/tak\/wp-json\/wp\/v2\/users\/1"}],"replies":[{"embeddable":true,"href":"https:\/\/www.kibrishost.com\/tak\/wp-json\/wp\/v2\/comments?post=151331"}],"version-history":[{"count":0,"href":"https:\/\/www.kibrishost.com\/tak\/wp-json\/wp\/v2\/posts\/151331\/revisions"}],"wp:featuredmedia":[{"embeddable":true,"href":"https:\/\/www.kibrishost.com\/tak\/wp-json\/wp\/v2\/media\/151332"}],"wp:attachment":[{"href":"https:\/\/www.kibrishost.com\/tak\/wp-json\/wp\/v2\/media?parent=151331"}],"wp:term":[{"taxonomy":"category","embeddable":true,"href":"https:\/\/www.kibrishost.com\/tak\/wp-json\/wp\/v2\/categories?post=151331"},{"taxonomy":"post_tag","embeddable":true,"href":"https:\/\/www.kibrishost.com\/tak\/wp-json\/wp\/v2\/tags?post=151331"}],"curies":[{"name":"wp","href":"https:\/\/api.w.org\/{rel}","templated":true}]}}