{"id":151323,"date":"2026-09-05T14:30:12","date_gmt":"2026-09-05T11:30:12","guid":{"rendered":"https:\/\/www.kibrishost.com\/tak\/abdnin-israil-buyukelcisi-bati-seriada-israillilerin-filistinlilere-saldirilarini-terorizm-olarak-niteledi\/"},"modified":"2026-09-05T14:30:12","modified_gmt":"2026-09-05T11:30:12","slug":"abdnin-israil-buyukelcisi-bati-seriada-israillilerin-filistinlilere-saldirilarini-terorizm-olarak-niteledi","status":"publish","type":"post","link":"https:\/\/www.kibrishost.com\/tak\/abdnin-israil-buyukelcisi-bati-seriada-israillilerin-filistinlilere-saldirilarini-terorizm-olarak-niteledi\/","title":{"rendered":"ABD&#8217;nin \u0130srail B\u00fcy\u00fckel\u00e7isi, Bat\u0131 \u015eeria&#8217;da \u0130sraillilerin Filistinlilere sald\u0131r\u0131lar\u0131n\u0131 &#8220;Ter\u00f6rizm&#8221; olarak niteledi"},"content":{"rendered":"<p>ABD&#8217;nin \u0130srail B\u00fcy\u00fckel\u00e7isi Mike Huckabee, i\u015fgal alt\u0131ndaki Bat\u0131 \u015eeria&#8217;da Filistin topraklar\u0131n\u0131 gasbeden \u0130sraillilerin Filistinlilere sald\u0131r\u0131lar\u0131n\u0131n &#8220;ter\u00f6rizm&#8221; oldu\u011funu belirtirken, bunu yapan \u0130sraillilerin ise \u00e7ok k\u00fc\u00e7\u00fck bir az\u0131nl\u0131\u011f\u0131 temsil etti\u011fini yineledi.<\/p>\n<p>Tel Aviv y\u00f6netimine ve i\u015fgal alt\u0131ndaki Bat\u0131 \u015eeria&#8217;daki yasa d\u0131\u015f\u0131 Yahudi yerle\u015fim birimlerine verdi\u011fi destekle bilinen ABD&#8217;nin \u0130srail B\u00fcy\u00fckel\u00e7isi Huckabee, Bat\u0131 \u015eeria&#8217;n\u0131n Ramallah kentine ba\u011fl\u0131 Turmusaya beldesinde ya\u015fayan ABD vatanda\u015f\u0131 Filistinlileri ziyaret etti.<\/p>\n<p>ABD vatanda\u015f\u0131 Filistinlilerin Bat\u0131 \u015eeria&#8217;da Filistin topraklar\u0131n\u0131 gasbeden \u0130sraillilerin sald\u0131r\u0131lar\u0131 nedeniyle ya\u015fad\u0131\u011f\u0131 zorluklar\u0131 dinleyen B\u00fcy\u00fckel\u00e7i, sonras\u0131nda burada bas\u0131n a\u00e7\u0131klamas\u0131 yapt\u0131.<\/p>\n<p>Huckabee, a\u00e7\u0131klamas\u0131nda, &#8220;\u0130nsanlar kendi evlerinde rahats\u0131z edildi\u011finde, \u00e7ocuklar\u0131n kendi bah\u00e7elerinde oynamalar\u0131 engellendi\u011finde ve ba\u015fkalar\u0131n\u0131n davran\u0131\u015flar\u0131, eylemleri ve tehditleri nedeniyle g\u00fcvensiz veya tedirgin hissetmelerine yol a\u00e7an bir ortam yarat\u0131lmaya \u00e7al\u0131\u015f\u0131ld\u0131\u011f\u0131nda bu hukukta ya da ba\u015fka herhangi bir \u015fekilde her t\u00fcrl\u00fc tan\u0131ma g\u00f6re ter\u00f6rizmdir.&#8221; ifadelerini kulland\u0131.<\/p>\n<p>Filistin topraklar\u0131n\u0131 gasbeden \u0130sraillilerin sald\u0131r\u0131lar\u0131n\u0131 &#8220;ter\u00f6r ve su\u00e7 eylemi&#8221; olarak tan\u0131mlayan Huckabee, bunu yapan \u0130sraillilerin ise burada ya\u015fanlara oranla \u00e7ok k\u00fc\u00e7\u00fck bir az\u0131nl\u0131\u011f\u0131 temsil etti\u011fini savundu.<\/p>\n<p>Huckabee, &#8220;ABD&#8217;nin mesaj\u0131, &#8216;bu topluluklardaki insanlar\u0131n bar\u0131\u015f ve g\u00fcvenlik i\u00e7inde ya\u015fama hakk\u0131na sahip oldu\u011fu ve \u0130srail h\u00fck\u00fcmetinin bunu sa\u011flama sorumlulu\u011fu bulundu\u011fu&#8217; y\u00f6n\u00fcndedir ve b\u00f6yle olmaya devam edecektir.&#8221; dedi.<\/p>\n<p>&#8211; Huckabee, Bat\u0131 \u015eeria\u2019n\u0131n &#8220;C b\u00f6lgesindeki&#8221; yasa d\u0131\u015f\u0131 yerle\u015fimleri savunmu\u015ftu<\/p>\n<p>The Jerusalem Post\u2019a konu\u015fan Huckabee, d\u00fcn i\u015fgal alt\u0131ndaki Bat\u0131 \u015eeria\u2019n\u0131n \u201cC B\u00f6lgesi&#8217;nde\u201d gasbedilen Filistin topraklar\u0131 \u00fczerinde yasa d\u0131\u015f\u0131 yerle\u015fim birimleri in\u015fa etme hakk\u0131 oldu\u011funu iddia etmi\u015fti.<\/p>\n<p>Bat\u0131 \u015eeria\u2019da Filistin topraklar\u0131n\u0131 gasbeden \u0130sraillileri, &#8220;son derece bar\u0131\u015f\u00e7\u0131l bir \u015fekilde ya\u015fayan ve \u00e7ocuklar\u0131n\u0131 iyi vatanda\u015flar olarak yeti\u015ftiren 500 bin \u0130srailli\u201d olarak niteleyen Huckabee, Filistinlilere sald\u0131ranlar\u0131n \u0130sraillilerin \u00e7o\u011funlu\u011funu temsil etmedi\u011fini ileri s\u00fcrm\u00fc\u015ft\u00fc.<\/p>\n<p>D\u00fcnya genelinde antisemitizmin artmas\u0131 nedeniyle daha fazla Yahudi&#8217;nin \u0130srail\u2019e g\u00f6\u00e7 edece\u011fi tahmininde bulunan Huckabee, yeni gelecek topluluklar\u0131n bir b\u00f6l\u00fcm\u00fcn\u00fcn &#8220;Bat\u0131 \u015eeria\u2019ya yerle\u015ftirilmesinin mant\u0131kl\u0131 oldu\u011funu&#8221; \u00f6ne s\u00fcrm\u00fc\u015ft\u00fc.<\/p>\n<p>\u0130srail ordusunun Gazze \u015eeridi&#8217;ne sald\u0131r\u0131 ba\u015flatt\u0131\u011f\u0131 Ekim 2023&#8217;ten bu yana i\u015fgal alt\u0131ndaki Bat\u0131 \u015eeria ile Do\u011fu Kud\u00fcs&#8217;te de \u0130srail askerleri ile Filistin topraklar\u0131n\u0131 gasbeden \u0130sraillilerin bask\u0131n ve sald\u0131r\u0131lar\u0131nda art\u0131\u015f ya\u015fan\u0131yor.<\/p>\n<p>Birle\u015fmi\u015f Milletler (BM), d\u00fcn \u0130srail&#8217;in i\u015fgali alt\u0131ndaki Bat\u0131 \u015eeria&#8217;da 2023&#8217;ten bu yana 130 yerle\u015fim yerinde 6 bin 400&#8217;den fazla Filistinlinin yerinden edildi\u011fini a\u00e7\u0131klam\u0131\u015ft\u0131.<\/p>\n<p>(AA\/EMR)<\/p>\n","protected":false},"excerpt":{"rendered":"<p>ABD&#8217;nin \u0130srail B\u00fcy\u00fckel\u00e7isi Mike Huckabee, i\u015fgal alt\u0131ndaki Bat\u0131 \u015eeria&#8217;da Filistin topraklar\u0131n\u0131 gasbeden \u0130sraillilerin Filistinlilere sald\u0131r\u0131lar\u0131n\u0131n &#8220;ter\u00f6rizm&#8221; oldu\u011funu belirtirken, bunu yapan \u0130sraillilerin ise \u00e7ok k\u00fc\u00e7\u00fck bir az\u0131nl\u0131\u011f\u0131 temsil etti\u011fini yineledi. Tel Aviv y\u00f6netimine ve i\u015fgal alt\u0131ndaki Bat\u0131 \u015eeria&#8217;daki yasa d\u0131\u015f\u0131 Yahudi yerle\u015fim birimlerine verdi\u011fi destekle bilinen ABD&#8217;nin \u0130srail B\u00fcy\u00fckel\u00e7isi Huckabee, Bat\u0131 \u015eeria&#8217;n\u0131n Ramallah kentine ba\u011fl\u0131 Turmusaya &hellip;<\/p>\n","protected":false},"author":1,"featured_media":151324,"comment_status":"open","ping_status":"open","sticky":false,"template":"","format":"standard","meta":{"footnotes":""},"categories":[4],"tags":[1105,329,1646,3089,372,11202,449,448,350,2128,48327],"class_list":["post-151323","post","type-post","status-publish","format-standard","has-post-thumbnail","hentry","category-dunya","tag-abdnin","tag-bati","tag-buyukelcisi","tag-filistinlilere","tag-israil","tag-israillilerin","tag-niteledi","tag-olarak","tag-saldirilarini","tag-seriada","tag-terorizm"],"_links":{"self":[{"href":"https:\/\/www.kibrishost.com\/tak\/wp-json\/wp\/v2\/posts\/151323"}],"collection":[{"href":"https:\/\/www.kibrishost.com\/tak\/wp-json\/wp\/v2\/posts"}],"about":[{"href":"https:\/\/www.kibrishost.com\/tak\/wp-json\/wp\/v2\/types\/post"}],"author":[{"embeddable":true,"href":"https:\/\/www.kibrishost.com\/tak\/wp-json\/wp\/v2\/users\/1"}],"replies":[{"embeddable":true,"href":"https:\/\/www.kibrishost.com\/tak\/wp-json\/wp\/v2\/comments?post=151323"}],"version-history":[{"count":0,"href":"https:\/\/www.kibrishost.com\/tak\/wp-json\/wp\/v2\/posts\/151323\/revisions"}],"wp:featuredmedia":[{"embeddable":true,"href":"https:\/\/www.kibrishost.com\/tak\/wp-json\/wp\/v2\/media\/151324"}],"wp:attachment":[{"href":"https:\/\/www.kibrishost.com\/tak\/wp-json\/wp\/v2\/media?parent=151323"}],"wp:term":[{"taxonomy":"category","embeddable":true,"href":"https:\/\/www.kibrishost.com\/tak\/wp-json\/wp\/v2\/categories?post=151323"},{"taxonomy":"post_tag","embeddable":true,"href":"https:\/\/www.kibrishost.com\/tak\/wp-json\/wp\/v2\/tags?post=151323"}],"curies":[{"name":"wp","href":"https:\/\/api.w.org\/{rel}","templated":true}]}}