{"id":151319,"date":"2026-09-05T14:20:13","date_gmt":"2026-09-05T11:20:13","guid":{"rendered":"https:\/\/www.kibrishost.com\/tak\/yemen-haber-ajansi-husilerin-balistik-fuze-saldirisinda-4-sivil-oldu-9-kisi-yaralandi\/"},"modified":"2026-09-05T14:20:13","modified_gmt":"2026-09-05T11:20:13","slug":"yemen-haber-ajansi-husilerin-balistik-fuze-saldirisinda-4-sivil-oldu-9-kisi-yaralandi","status":"publish","type":"post","link":"https:\/\/www.kibrishost.com\/tak\/yemen-haber-ajansi-husilerin-balistik-fuze-saldirisinda-4-sivil-oldu-9-kisi-yaralandi\/","title":{"rendered":"Yemen haber ajans\u0131: Husilerin balistik f\u00fcze sald\u0131r\u0131s\u0131nda 4 sivil \u00f6ld\u00fc 9 ki\u015fi yaraland\u0131"},"content":{"rendered":"<p>Yemen&#8217;de Husilerin \u00fclkenin g\u00fcneybat\u0131s\u0131ndaki Taiz ilinde sivillerin bulundu\u011fu b\u00f6lgeye d\u00fczenledi\u011fi balistik f\u00fcze sald\u0131r\u0131s\u0131nda 4 sivil ya\u015fam\u0131n\u0131 yitirdi, 9 ki\u015fi yaraland\u0131.<\/p>\n<p>Yemen resmi ajans\u0131 SABA&#8217;n\u0131n sa\u011fl\u0131k kaynaklar\u0131na dayand\u0131rd\u0131\u011f\u0131 haberinde, Husilerin, Taiz&#8217;deki Heyce el-Abd yolunda sivillerin bulundu\u011fu b\u00f6lgeyi balistik f\u00fczeyle hedef ald\u0131\u011f\u0131 belirtildi.<\/p>\n<p>Haberde, sald\u0131r\u0131 sonucunda 4 ki\u015finin hayat\u0131n\u0131 kaybetti\u011fi, 9 ki\u015finin yaraland\u0131\u011f\u0131 ve hedef al\u0131nan b\u00f6lgede hasar meydana geldi\u011fi ifade edildi.<\/p>\n<p>Yerel medya organlar\u0131, sald\u0131r\u0131n\u0131n Taiz&#8217;i kom\u015fu Lahic iline, oradan da \u00fclkenin g\u00fcneyindeki ge\u00e7ici ba\u015fkent Aden&#8217;e ba\u011flayan Heyce el-Abd yolundaki yolcu otob\u00fcslerini hedef ald\u0131\u011f\u0131n\u0131 aktard\u0131.<\/p>\n<p>&#8211; Husilere ait 2 \u0130HA d\u00fc\u015f\u00fcr\u00fcld\u00fc<\/p>\n<p>\u00d6te yandan Yemen&#8217;de h\u00fck\u00fcmet g\u00fc\u00e7leri, \u00fclkenin bat\u0131s\u0131ndaki Taiz ilinde Husilere ait 2 insans\u0131z hava arac\u0131n\u0131 (\u0130HA) d\u00fc\u015f\u00fcrd\u00fcklerini duyurdu.<\/p>\n<p>H\u00fck\u00fcmete ba\u011fl\u0131 Ulusal Direni\u015f G\u00fc\u00e7lerinin askeri medya biriminden yap\u0131lan a\u00e7\u0131klamada, Taiz&#8217;in bat\u0131s\u0131ndaki Berah Cephesi&#8217;nde Husilere ait 2 sald\u0131r\u0131 \u0130HA&#8217;s\u0131n\u0131n d\u00fc\u015f\u00fcr\u00fcld\u00fc\u011f\u00fc belirtildi.<\/p>\n<p>A\u00e7\u0131klamada, \u0130HA&#8217;lar\u0131n fiber optik kablolarla y\u00f6nlendirildi\u011fi ifade edildi ancak olay\u0131n ayr\u0131nt\u0131lar\u0131na ili\u015fkin bilgi verilmedi.<\/p>\n<p>Husilerden ise s\u00f6z konusu haber ve a\u00e7\u0131klamaya ili\u015fkin hen\u00fcz bir yorum yap\u0131lmad\u0131.<\/p>\n<p>Son g\u00fcnlerde Yemen&#8217;in Taiz, Hudeyde, Marib, \u015eebve ve Hadramevt illerinde h\u00fck\u00fcmet g\u00fc\u00e7leri ile \u0130ran&#8217;\u0131n destekledi\u011fi Husiler aras\u0131nda \u015fiddetli \u00e7at\u0131\u015fmalar ya\u015fan\u0131rken, bu \u00e7at\u0131\u015fmalar\u0131n Birle\u015fmi\u015f Milletler \u00f6nc\u00fcl\u00fc\u011f\u00fcnde Nisan 2022&#8217;de ilan edilen ate\u015fkesin ard\u0131ndan \u00fclkede cephelerde hakim olan g\u00f6rece sakin d\u00f6nemi sona erdirdi\u011fi belirtiliyor\u200b\u200b\u200b\u200b\u200b\u200b\u200b.<\/p>\n<p>Husiler, Eyl\u00fcl 2014&#8217;ten bu yana Yemen&#8217;in ba\u015fkenti Sana ve baz\u0131 kentlerini kontrol ederken, uluslararas\u0131 alanda tan\u0131nan h\u00fck\u00fcmet ve h\u00fck\u00fcmete ba\u011fl\u0131 g\u00fc\u00e7ler \u00fclkenin g\u00fcney, do\u011fu ve bat\u0131s\u0131ndaki geni\u015f b\u00f6lgelerde hakimiyetini s\u00fcrd\u00fcr\u00fcyor.<\/p><\/p>\n","protected":false},"excerpt":{"rendered":"<p>Yemen&#8217;de Husilerin \u00fclkenin g\u00fcneybat\u0131s\u0131ndaki Taiz ilinde sivillerin bulundu\u011fu b\u00f6lgeye d\u00fczenledi\u011fi balistik f\u00fcze sald\u0131r\u0131s\u0131nda 4 sivil ya\u015fam\u0131n\u0131 yitirdi, 9 ki\u015fi yaraland\u0131. Yemen resmi ajans\u0131 SABA&#8217;n\u0131n sa\u011fl\u0131k kaynaklar\u0131na dayand\u0131rd\u0131\u011f\u0131 haberinde, Husilerin, Taiz&#8217;deki Heyce el-Abd yolunda sivillerin bulundu\u011fu b\u00f6lgeyi balistik f\u00fczeyle hedef ald\u0131\u011f\u0131 belirtildi. Haberde, sald\u0131r\u0131 sonucunda 4 ki\u015finin hayat\u0131n\u0131 kaybetti\u011fi, 9 ki\u015finin yaraland\u0131\u011f\u0131 ve hedef al\u0131nan b\u00f6lgede &hellip;<\/p>\n","protected":false},"author":1,"featured_media":151320,"comment_status":"open","ping_status":"open","sticky":false,"template":"","format":"standard","meta":{"footnotes":""},"categories":[4],"tags":[2130,7731,4715,4716,4083,303,100,945,764,870,1092],"class_list":["post-151319","post","type-post","status-publish","format-standard","has-post-thumbnail","hentry","category-dunya","tag-husilerin","tag-ajansi","tag-balistik","tag-fuze","tag-haber","tag-kisi","tag-oldu","tag-saldirisinda","tag-sivil","tag-yaralandi","tag-yemen"],"_links":{"self":[{"href":"https:\/\/www.kibrishost.com\/tak\/wp-json\/wp\/v2\/posts\/151319"}],"collection":[{"href":"https:\/\/www.kibrishost.com\/tak\/wp-json\/wp\/v2\/posts"}],"about":[{"href":"https:\/\/www.kibrishost.com\/tak\/wp-json\/wp\/v2\/types\/post"}],"author":[{"embeddable":true,"href":"https:\/\/www.kibrishost.com\/tak\/wp-json\/wp\/v2\/users\/1"}],"replies":[{"embeddable":true,"href":"https:\/\/www.kibrishost.com\/tak\/wp-json\/wp\/v2\/comments?post=151319"}],"version-history":[{"count":0,"href":"https:\/\/www.kibrishost.com\/tak\/wp-json\/wp\/v2\/posts\/151319\/revisions"}],"wp:featuredmedia":[{"embeddable":true,"href":"https:\/\/www.kibrishost.com\/tak\/wp-json\/wp\/v2\/media\/151320"}],"wp:attachment":[{"href":"https:\/\/www.kibrishost.com\/tak\/wp-json\/wp\/v2\/media?parent=151319"}],"wp:term":[{"taxonomy":"category","embeddable":true,"href":"https:\/\/www.kibrishost.com\/tak\/wp-json\/wp\/v2\/categories?post=151319"},{"taxonomy":"post_tag","embeddable":true,"href":"https:\/\/www.kibrishost.com\/tak\/wp-json\/wp\/v2\/tags?post=151319"}],"curies":[{"name":"wp","href":"https:\/\/api.w.org\/{rel}","templated":true}]}}