{"id":151315,"date":"2026-09-05T13:30:13","date_gmt":"2026-09-05T10:30:13","guid":{"rendered":"https:\/\/www.kibrishost.com\/tak\/israilin-2023te-gazze-seridine-duzenledigi-saldirida-enkaz-altinda-kalan-55-kisinin-naasi-cikarildi\/"},"modified":"2026-09-05T13:30:13","modified_gmt":"2026-09-05T10:30:13","slug":"israilin-2023te-gazze-seridine-duzenledigi-saldirida-enkaz-altinda-kalan-55-kisinin-naasi-cikarildi","status":"publish","type":"post","link":"https:\/\/www.kibrishost.com\/tak\/israilin-2023te-gazze-seridine-duzenledigi-saldirida-enkaz-altinda-kalan-55-kisinin-naasi-cikarildi\/","title":{"rendered":"\u0130srail&#8217;in 2023&#8217;te Gazze \u015eeridi&#8217;ne d\u00fczenledi\u011fi sald\u0131r\u0131da enkaz alt\u0131nda kalan 55 ki\u015finin naa\u015f\u0131 \u00e7\u0131kar\u0131ld\u0131"},"content":{"rendered":"<p>Gazze&#8217;deki Sivil Savunma M\u00fcd\u00fcrl\u00fc\u011f\u00fc, \u0130srail ordusunun Kas\u0131m 2023&#8217;te Zeytun Mahallesi&#8217;ne d\u00fczenledi\u011fi sald\u0131r\u0131 sonucu enkaza d\u00f6nen binadan 55 Filistinlinin naa\u015f\u0131n\u0131n \u00e7\u0131kar\u0131ld\u0131\u011f\u0131n\u0131 a\u00e7\u0131klad\u0131.<\/p>\n<p>Sivil Savunma M\u00fcd\u00fcrl\u00fc\u011f\u00fc \u015eehit Cenazelerini Geri Kazanma Projesi Sorumlusu Muhammed Ebu Dan, konuya dair yaz\u0131l\u0131 a\u00e7\u0131klama yapt\u0131.<\/p>\n<p>Binadaki arama \u00e7al\u0131\u015fmalar\u0131n\u0131n 3 g\u00fcnd\u00fcr devam etti\u011fini aktaran Ebu Dan, o d\u00f6nem \u0130srail&#8217;in sald\u0131r\u0131lar\u0131ndan ka\u00e7arak binaya s\u0131\u011f\u0131nan 60&#8217;tan fazla ki\u015fi oldu\u011funu s\u00f6yledi.<\/p>\n<p>Ebu Dan, yakla\u015f\u0131k 3 y\u0131l sonra ula\u015f\u0131lan naa\u015flar\u0131n gelecek hafta d\u00fczenlenecek ortak bir cenaze t\u00f6reniyle defnedileceklerini kaydetti.<\/p>\n<p>Sivil Savunma ekiplerinin ekipman yetersizli\u011fi nedeniyle \u00e7al\u0131\u015fmalar\u0131n b\u00fcy\u00fck zorlukla y\u00fcr\u00fct\u00fcld\u00fc\u011f\u00fcne dikkati \u00e7eken Ebu Dan, enkaz alt\u0131ndaki cenazelerin \u00e7\u0131kar\u0131labilmesi i\u00e7in uluslararas\u0131 kurum ve kurulu\u015flardan destek istedi.<\/p>\n<p>Gazze \u015eeridi&#8217;nin kuzey ve orta kesimlerinde \u0130srail sald\u0131r\u0131lar\u0131 sonucu yerle bir olmu\u015f 147 binan\u0131n enkaz\u0131 alt\u0131nda bulundu\u011fu tahmin edilen 1072 cenaze i\u00e7in arama i\u015flemleri devam ediyor.<\/p>\n<p>Sivil Savunma ekipleri, Kas\u0131m 2025&#8217;in sonunda ba\u015flad\u0131klar\u0131 \u00e7al\u0131\u015fmalar\u0131n ilk a\u015famas\u0131nda, enkaz alt\u0131nda kalan kay\u0131p 559 cenazeden yakla\u015f\u0131k 333&#8217;\u00fcn\u00fc \u00e7\u0131karm\u0131\u015ft\u0131.<\/p>\n<p>Gazze&#8217;deki h\u00fck\u00fcmetin Medya Ofisi, Ekim 2025&#8217;te yapt\u0131\u011f\u0131 a\u00e7\u0131klamada, sald\u0131r\u0131lar\u0131n ba\u015f\u0131ndan bu yana kay\u0131p Filistinlilerin say\u0131s\u0131n\u0131n 9 bin 500&#8217;e ula\u015ft\u0131\u011f\u0131n\u0131, bunlar aras\u0131nda cenazeleri enkaz alt\u0131nda olanlar\u0131n ve ak\u0131beti bilinmeyen ki\u015filerin bulundu\u011funu duyurmu\u015ftu.<\/p>\n<p>(AA\/AK\/EMR)<\/p>\n","protected":false},"excerpt":{"rendered":"<p>Gazze&#8217;deki Sivil Savunma M\u00fcd\u00fcrl\u00fc\u011f\u00fc, \u0130srail ordusunun Kas\u0131m 2023&#8217;te Zeytun Mahallesi&#8217;ne d\u00fczenledi\u011fi sald\u0131r\u0131 sonucu enkaza d\u00f6nen binadan 55 Filistinlinin naa\u015f\u0131n\u0131n \u00e7\u0131kar\u0131ld\u0131\u011f\u0131n\u0131 a\u00e7\u0131klad\u0131. Sivil Savunma M\u00fcd\u00fcrl\u00fc\u011f\u00fc \u015eehit Cenazelerini Geri Kazanma Projesi Sorumlusu Muhammed Ebu Dan, konuya dair yaz\u0131l\u0131 a\u00e7\u0131klama yapt\u0131. Binadaki arama \u00e7al\u0131\u015fmalar\u0131n\u0131n 3 g\u00fcnd\u00fcr devam etti\u011fini aktaran Ebu Dan, o d\u00f6nem \u0130srail&#8217;in sald\u0131r\u0131lar\u0131ndan ka\u00e7arak binaya s\u0131\u011f\u0131nan &hellip;<\/p>\n","protected":false},"author":1,"featured_media":151316,"comment_status":"open","ping_status":"open","sticky":false,"template":"","format":"standard","meta":{"footnotes":""},"categories":[4],"tags":[2229,2709,1401,97,35185,1276,93,3919,2761,20627,611,1277],"class_list":["post-151315","post","type-post","status-publish","format-standard","has-post-thumbnail","hentry","category-dunya","tag-2023te","tag-altinda","tag-cikarildi","tag-duzenledigi","tag-enkaz","tag-gazze","tag-israilin","tag-kalan","tag-kisinin","tag-naasi","tag-saldirida","tag-seridine"],"_links":{"self":[{"href":"https:\/\/www.kibrishost.com\/tak\/wp-json\/wp\/v2\/posts\/151315"}],"collection":[{"href":"https:\/\/www.kibrishost.com\/tak\/wp-json\/wp\/v2\/posts"}],"about":[{"href":"https:\/\/www.kibrishost.com\/tak\/wp-json\/wp\/v2\/types\/post"}],"author":[{"embeddable":true,"href":"https:\/\/www.kibrishost.com\/tak\/wp-json\/wp\/v2\/users\/1"}],"replies":[{"embeddable":true,"href":"https:\/\/www.kibrishost.com\/tak\/wp-json\/wp\/v2\/comments?post=151315"}],"version-history":[{"count":0,"href":"https:\/\/www.kibrishost.com\/tak\/wp-json\/wp\/v2\/posts\/151315\/revisions"}],"wp:featuredmedia":[{"embeddable":true,"href":"https:\/\/www.kibrishost.com\/tak\/wp-json\/wp\/v2\/media\/151316"}],"wp:attachment":[{"href":"https:\/\/www.kibrishost.com\/tak\/wp-json\/wp\/v2\/media?parent=151315"}],"wp:term":[{"taxonomy":"category","embeddable":true,"href":"https:\/\/www.kibrishost.com\/tak\/wp-json\/wp\/v2\/categories?post=151315"},{"taxonomy":"post_tag","embeddable":true,"href":"https:\/\/www.kibrishost.com\/tak\/wp-json\/wp\/v2\/tags?post=151315"}],"curies":[{"name":"wp","href":"https:\/\/api.w.org\/{rel}","templated":true}]}}