{"id":151314,"date":"2026-09-05T13:11:08","date_gmt":"2026-09-05T10:11:08","guid":{"rendered":"https:\/\/www.kibrishost.com\/tak\/dp-genel-sekreteri-akpinar-filo-jet-faciasi-herkesin-ortak-meselesidir\/"},"modified":"2026-09-05T13:11:08","modified_gmt":"2026-09-05T10:11:08","slug":"dp-genel-sekreteri-akpinar-filo-jet-faciasi-herkesin-ortak-meselesidir","status":"publish","type":"post","link":"https:\/\/www.kibrishost.com\/tak\/dp-genel-sekreteri-akpinar-filo-jet-faciasi-herkesin-ortak-meselesidir\/","title":{"rendered":"DP Genel Sekreteri Akp\u0131nar: \u201cFilo Jet facias\u0131 herkesin ortak meselesidir\u201d"},"content":{"rendered":"<p>Demokrat Parti Genel Sekreteri Serhat Akp\u0131nar, Girne a\u00e7\u0131klar\u0131nda meydana gelen Filo Jet facias\u0131n\u0131n herkesin ortak meselesi oldu\u011funu vurgulad\u0131. <\/p>\n<p>Akp\u0131nar, yaz\u0131l\u0131 a\u00e7\u0131klamas\u0131nda, \u201cB\u00f6ylesi b\u00fcy\u00fck felaketler, ya\u015fatt\u0131klar\u0131 ac\u0131yla, en zor anda ortaya \u00e7\u0131kan dayan\u0131\u015fmayla, fedakarl\u0131k ve insan hayat\u0131n\u0131 her \u015feyin \u00fczerinde tutan iradeyle toplumlar\u0131n haf\u0131zas\u0131na kaz\u0131n\u0131r\u201d dedi.<\/p>\n<p>Serhat Akp\u0131nar, facian\u0131n meydana geldi\u011fi andan itibaren T\u00fcrkiye Cumhuriyeti yetkililerinin b\u00fct\u00fcn imkanlar\u0131yla K\u0131br\u0131s T\u00fcrk halk\u0131n\u0131n yan\u0131nda oldu\u011funu belirterek, konuyla ilgili dayan\u0131\u015fma g\u00f6steren herkese te\u015fekk\u00fcr etti.<\/p>\n<p>Gelinen a\u015famada y\u00fcr\u00fct\u00fclen arama faaliyetlerinin ne derece g\u00fc\u00e7 ve y\u00fcksek teknoloji gerektiren bir operasyon oldu\u011funun herkes taraf\u0131ndan g\u00f6r\u00fcld\u00fc\u011f\u00fcne i\u015faret eden Akp\u0131nar, arama kurtarma \u00e7al\u0131\u015fmalar\u0131yla ilgili teknik bilgiler verdi ve s\u00fcrecin; teknolojik bir arama-kurtarma operasyonu de\u011fil, 554 metre derinlikte dahi bir insandan vazge\u00e7meme iradesi oldu\u011funu vurgulad\u0131. <\/p>\n<p>Akp\u0131nar, 554 metre a\u015fa\u011f\u0131ya g\u00f6nderilen bir robotun kameras\u0131ndan gelecek g\u00f6r\u00fcnt\u00fcy\u00fc umutla bekleyen aileler oldu\u011funu, ayr\u0131ca \u201cbir insan\u0131m\u0131za daha ula\u015fabiliriz\u201d diyerek g\u00f6revini s\u00fcrd\u00fcrenlerin unutulmamas\u0131 gerekti\u011fini belirterek,\u00a0bu facian\u0131n b\u00fct\u00fcn y\u00f6nleriyle ayd\u0131nlat\u0131lmas\u0131, sorumluluklar\u0131n eksiksiz bi\u00e7imde ortaya \u00e7\u0131kar\u0131lmas\u0131 ve b\u00f6ylesi bir ac\u0131n\u0131n bir daha ya\u015fanmamas\u0131 i\u00e7in gereken b\u00fct\u00fcn derslerin \u00e7\u0131kar\u0131lmas\u0131n\u0131n, kaybettiklerine kar\u015f\u0131 sorumluluklar\u0131 oldu\u011funu dile getirdi.\u00a0<\/p><\/p>\n","protected":false},"excerpt":{"rendered":"<p>Demokrat Parti Genel Sekreteri Serhat Akp\u0131nar, Girne a\u00e7\u0131klar\u0131nda meydana gelen Filo Jet facias\u0131n\u0131n herkesin ortak meselesi oldu\u011funu vurgulad\u0131. Akp\u0131nar, yaz\u0131l\u0131 a\u00e7\u0131klamas\u0131nda, \u201cB\u00f6ylesi b\u00fcy\u00fck felaketler, ya\u015fatt\u0131klar\u0131 ac\u0131yla, en zor anda ortaya \u00e7\u0131kan dayan\u0131\u015fmayla, fedakarl\u0131k ve insan hayat\u0131n\u0131 her \u015feyin \u00fczerinde tutan iradeyle toplumlar\u0131n haf\u0131zas\u0131na kaz\u0131n\u0131r\u201d dedi. Serhat Akp\u0131nar, facian\u0131n meydana geldi\u011fi andan itibaren T\u00fcrkiye Cumhuriyeti yetkililerinin &hellip;<\/p>\n","protected":false},"author":1,"featured_media":0,"comment_status":"open","ping_status":"open","sticky":false,"template":"","format":"standard","meta":{"footnotes":""},"categories":[2],"tags":[4231,34151,34857,493,4559,8021,11011,1446,1989],"class_list":["post-151314","post","type-post","status-publish","format-standard","hentry","category-kibris","tag-akpinar","tag-faciasi","tag-filo","tag-genel","tag-herkesin","tag-jet","tag-meselesidir","tag-ortak","tag-sekreteri"],"_links":{"self":[{"href":"https:\/\/www.kibrishost.com\/tak\/wp-json\/wp\/v2\/posts\/151314"}],"collection":[{"href":"https:\/\/www.kibrishost.com\/tak\/wp-json\/wp\/v2\/posts"}],"about":[{"href":"https:\/\/www.kibrishost.com\/tak\/wp-json\/wp\/v2\/types\/post"}],"author":[{"embeddable":true,"href":"https:\/\/www.kibrishost.com\/tak\/wp-json\/wp\/v2\/users\/1"}],"replies":[{"embeddable":true,"href":"https:\/\/www.kibrishost.com\/tak\/wp-json\/wp\/v2\/comments?post=151314"}],"version-history":[{"count":0,"href":"https:\/\/www.kibrishost.com\/tak\/wp-json\/wp\/v2\/posts\/151314\/revisions"}],"wp:attachment":[{"href":"https:\/\/www.kibrishost.com\/tak\/wp-json\/wp\/v2\/media?parent=151314"}],"wp:term":[{"taxonomy":"category","embeddable":true,"href":"https:\/\/www.kibrishost.com\/tak\/wp-json\/wp\/v2\/categories?post=151314"},{"taxonomy":"post_tag","embeddable":true,"href":"https:\/\/www.kibrishost.com\/tak\/wp-json\/wp\/v2\/tags?post=151314"}],"curies":[{"name":"wp","href":"https:\/\/api.w.org\/{rel}","templated":true}]}}