{"id":151312,"date":"2026-09-05T13:10:19","date_gmt":"2026-09-05T10:10:19","guid":{"rendered":"https:\/\/www.kibrishost.com\/tak\/bm-bati-seriada-2023ten-bu-yana-6-bin-400den-fazla-filistinli-yerinden-edildi-2\/"},"modified":"2026-09-05T13:10:19","modified_gmt":"2026-09-05T10:10:19","slug":"bm-bati-seriada-2023ten-bu-yana-6-bin-400den-fazla-filistinli-yerinden-edildi-2","status":"publish","type":"post","link":"https:\/\/www.kibrishost.com\/tak\/bm-bati-seriada-2023ten-bu-yana-6-bin-400den-fazla-filistinli-yerinden-edildi-2\/","title":{"rendered":"BM: &#8220;Bat\u0131 \u015eeria&#8217;da 2023&#8217;ten bu yana 6 bin 400&#8217;den fazla Filistinli yerinden edildi&#8221;"},"content":{"rendered":"<p>Birle\u015fmi\u015f Milletler (BM), \u0130srail&#8217;in i\u015fgali alt\u0131ndaki Bat\u0131 \u015eeria&#8217;da 2023&#8217;ten bu yana 130 yerle\u015fim yerinde 6 bin 400&#8217;den fazla Filistinlinin yerinden edildi\u011fini bildirdi.<\/p>\n<p>BM Genel Sekreter S\u00f6zc\u00fcs\u00fc Stephane Dujarric, g\u00fcnl\u00fck bas\u0131n toplant\u0131s\u0131nda, Orta Do\u011fu&#8217;daki geli\u015fmeler hakk\u0131nda gazetecileri bilgilendirdi.<\/p>\n<p>Bat\u0131 \u015eeria topraklar\u0131n\u0131 gasbeden \u0130srailliler nedeniyle ya\u015fad\u0131klar\u0131 yerleri terk etmek zorunda kalan Filistinlilerle ilgili istatistiki bilgiler payla\u015fan Dujarric, &#8220;Oradaki insani yard\u0131m alan\u0131nda \u00e7al\u0131\u015fan meslekta\u015flar\u0131m\u0131z, 2023&#8217;ten bu yana 130 yerle\u015fim yerinde 6 bin 400&#8217;den fazla Filistinlinin yerle\u015fimci \u015fiddeti nedeniyle yerinden edildi\u011fini bildiriyor.&#8221; dedi.<\/p>\n<p>Dujarric &#8220;Bu durum, 2023&#8217;ten bu yana 48 Filistin yerle\u015fiminin tamamen bo\u015falmas\u0131na yol a\u00e7t\u0131; bunlardan bir d\u00fczinesi sadece bu y\u0131l ger\u00e7ekle\u015fti.&#8221; diye konu\u015ftu.<\/p>\n<p>Ayr\u0131ca, yerinden edilen bu ki\u015filerden 2 bin 500&#8217;den fazlas\u0131n\u0131n sadece bu y\u0131l i\u00e7inde evlerini terk etmek zorunda kald\u0131\u011f\u0131n\u0131n alt\u0131n\u0131 \u00e7izen Dujarric, bunlar\u0131n yar\u0131s\u0131ndan fazlas\u0131n\u0131n \u00e7ocuklardan olu\u015ftu\u011funu vurgulad\u0131.<\/p>\n<p>B\u00f6lgede BM ile ortak faaliyet g\u00f6steren kurulu\u015flar\u0131n raporlar\u0131n\u0131 payla\u015fan Dujarric, Filistin topraklar\u0131n\u0131 gasbeden \u0130sraillilerin yinelenen sald\u0131r\u0131lar\u0131 ve yasaklar y\u00fcz\u00fcnden Filistin halk\u0131n\u0131n durumunun daha da zorla\u015ft\u0131\u011f\u0131n\u0131, insani ihtiya\u00e7lar\u0131n\u0131n daha da derinle\u015fti\u011fini kaydetti.<\/p>\n<p>\u0130srail ordusunun Gazze \u015eeridi&#8217;ne sald\u0131r\u0131 ba\u015flatt\u0131\u011f\u0131 Ekim 2023&#8217;ten bu yana i\u015fgal alt\u0131ndaki Bat\u0131 \u015eeria ile Do\u011fu Kud\u00fcs&#8217;te de \u0130srail askerleri ile Filistin topraklar\u0131n\u0131 gasbeden \u0130sraillilerin bask\u0131n ve sald\u0131r\u0131lar\u0131nda art\u0131\u015f ya\u015fan\u0131yor.<\/p>\n<p>(AA\/AK\/EMR)<\/p>\n","protected":false},"excerpt":{"rendered":"<p>Birle\u015fmi\u015f Milletler (BM), \u0130srail&#8217;in i\u015fgali alt\u0131ndaki Bat\u0131 \u015eeria&#8217;da 2023&#8217;ten bu yana 130 yerle\u015fim yerinde 6 bin 400&#8217;den fazla Filistinlinin yerinden edildi\u011fini bildirdi. BM Genel Sekreter S\u00f6zc\u00fcs\u00fc Stephane Dujarric, g\u00fcnl\u00fck bas\u0131n toplant\u0131s\u0131nda, Orta Do\u011fu&#8217;daki geli\u015fmeler hakk\u0131nda gazetecileri bilgilendirdi. Bat\u0131 \u015eeria topraklar\u0131n\u0131 gasbeden \u0130srailliler nedeniyle ya\u015fad\u0131klar\u0131 yerleri terk etmek zorunda kalan Filistinlilerle ilgili istatistiki bilgiler payla\u015fan Dujarric, &hellip;<\/p>\n","protected":false},"author":1,"featured_media":151313,"comment_status":"open","ping_status":"open","sticky":false,"template":"","format":"standard","meta":{"footnotes":""},"categories":[4],"tags":[19269,18308,329,355,442,405,1303,99,2128,1785,695],"class_list":["post-151312","post","type-post","status-publish","format-standard","has-post-thumbnail","hentry","category-dunya","tag-2023ten","tag-400den","tag-bati","tag-bin","tag-bm","tag-edildi","tag-fazla","tag-filistinli","tag-seriada","tag-yana","tag-yerinden"],"_links":{"self":[{"href":"https:\/\/www.kibrishost.com\/tak\/wp-json\/wp\/v2\/posts\/151312"}],"collection":[{"href":"https:\/\/www.kibrishost.com\/tak\/wp-json\/wp\/v2\/posts"}],"about":[{"href":"https:\/\/www.kibrishost.com\/tak\/wp-json\/wp\/v2\/types\/post"}],"author":[{"embeddable":true,"href":"https:\/\/www.kibrishost.com\/tak\/wp-json\/wp\/v2\/users\/1"}],"replies":[{"embeddable":true,"href":"https:\/\/www.kibrishost.com\/tak\/wp-json\/wp\/v2\/comments?post=151312"}],"version-history":[{"count":0,"href":"https:\/\/www.kibrishost.com\/tak\/wp-json\/wp\/v2\/posts\/151312\/revisions"}],"wp:featuredmedia":[{"embeddable":true,"href":"https:\/\/www.kibrishost.com\/tak\/wp-json\/wp\/v2\/media\/151313"}],"wp:attachment":[{"href":"https:\/\/www.kibrishost.com\/tak\/wp-json\/wp\/v2\/media?parent=151312"}],"wp:term":[{"taxonomy":"category","embeddable":true,"href":"https:\/\/www.kibrishost.com\/tak\/wp-json\/wp\/v2\/categories?post=151312"},{"taxonomy":"post_tag","embeddable":true,"href":"https:\/\/www.kibrishost.com\/tak\/wp-json\/wp\/v2\/tags?post=151312"}],"curies":[{"name":"wp","href":"https:\/\/api.w.org\/{rel}","templated":true}]}}