{"id":151307,"date":"2026-09-05T12:40:21","date_gmt":"2026-09-05T09:40:21","guid":{"rendered":"https:\/\/www.kibrishost.com\/tak\/basbakan-ustel-bir-kisinin-daha-naasina-ulasildi\/"},"modified":"2026-09-05T12:40:31","modified_gmt":"2026-09-05T09:40:31","slug":"basbakan-ustel-bir-kisinin-daha-naasina-ulasildi","status":"publish","type":"post","link":"https:\/\/www.kibrishost.com\/tak\/basbakan-ustel-bir-kisinin-daha-naasina-ulasildi\/","title":{"rendered":"Ba\u015fbakan \u00dcstel: \u201cBir ki\u015finin daha naa\u015f\u0131na ula\u015f\u0131ld\u0131\u201d"},"content":{"rendered":"<p>Ba\u015fbakan \u00dcnal \u00dcstel, Girne a\u00e7\u0131klar\u0131nda meydana gelen deniz kazas\u0131n\u0131n ard\u0131ndan aral\u0131ks\u0131z s\u00fcrd\u00fcr\u00fclen arama \u00e7al\u0131\u015fmalar\u0131nda bir ki\u015finin daha naa\u015f\u0131na ula\u015f\u0131ld\u0131\u011f\u0131n\u0131 a\u00e7\u0131klad\u0131.<\/p>\n<p>Ba\u015fbakan \u00dcstel, T\u00fcrk Deniz Kuvvetlerine ba\u011fl\u0131 TCG I\u015eIN ve TCG Alemdar gemilerinin y\u00fcr\u00fctt\u00fc\u011f\u00fc arama faaliyetleri sonucunda ula\u015f\u0131lan naa\u015f\u0131n bir kad\u0131na ait oldu\u011funun tespit edildi\u011fini kaydetti. <\/p>\n<p>\u00dcstel, bulunan naa\u015f\u0131n kimli\u011finin belirlenmesi amac\u0131yla Polis te\u015fkilat\u0131 taraf\u0131ndan gerekli \u00e7al\u0131\u015fmalar\u0131n ba\u015flat\u0131ld\u0131\u011f\u0131n\u0131 belirtti.\u00a0<\/p>\n<p>Ba\u015fbakan \u00dcnal \u00dcstel, Girne Turizm Liman\u0131\u2019nda bas\u0131na yapt\u0131\u011f\u0131 a\u00e7\u0131klamada, ula\u015f\u0131lan ve Dr. Burhan Nalbanto\u011flu Devlet Hastanesi\u2019ne g\u00f6t\u00fcr\u00fclen naa\u015f\u0131n, kimlik tespiti i\u00e7in ailelerle temas kurulaca\u011f\u0131n\u0131, y\u00fcz taramas\u0131 ve gerekirse DNA testi yap\u0131lmas\u0131n\u0131n ard\u0131ndan naa\u015f\u0131n aileye teslim edilece\u011fini kaydetti.<\/p>\n<p>\u00dcstel, arama kurtarma \u00e7al\u0131\u015fmalar\u0131n\u0131n 554 metre derinlikte y\u00fcr\u00fct\u00fcld\u00fc\u011f\u00fcne dikkat \u00e7ekerek, bu ko\u015fullar nedeniyle \u00e7al\u0131\u015fmalar\u0131n zamana ihtiya\u00e7 duydu\u011funu ve a\u011f\u0131r ilerledi\u011fini s\u00f6yledi. \u00dcstel, TCG I\u015f\u0131n ve TCG Alemdar\u2019\u0131n arama kurtarma faaliyetlerini 7 g\u00fcn 24 saat esas\u0131na g\u00f6re s\u00fcrd\u00fcrd\u00fc\u011f\u00fcn\u00fc belirtti.<\/p>\n<p>Ula\u015f\u0131lan naa\u015fla birlikte kazada hayat\u0131n\u0131 kaybeden insanlar\u0131n say\u0131s\u0131n\u0131n 13\u2019e y\u00fckseldi\u011fini, kay\u0131p say\u0131s\u0131n\u0131n ise 15 oldu\u011funu ifade eden \u00dcstel, \u015f\u00f6yle devam etti:<\/p>\n<p>\u201cKay\u0131p insanlar\u0131m\u0131za ula\u015fmak amac\u0131yla ilgili t\u00fcm birimlerimizin kat\u0131l\u0131m\u0131yla y\u00fcr\u00fct\u00fclen arama faaliyetleri, 7 g\u00fcn 24 saat esas\u0131na g\u00f6re aral\u0131ks\u0131z devam etmektedir.<\/p>\n<p>Bu zorlu s\u00fcre\u00e7te ilk andan itibaren K\u0131br\u0131s T\u00fcrk halk\u0131n\u0131n yan\u0131nda olan T\u00fcrkiye Cumhuriyeti Cumhurba\u015fkan\u0131 Say\u0131n Recep Tayyip Erdo\u011fan\u2019a, Cumhurba\u015fkan\u0131 Yard\u0131mc\u0131s\u0131 Say\u0131n Cevdet Y\u0131lmaz\u2019a ve Milli Savunma Bakan\u0131 Say\u0131n Ya\u015far G\u00fcler\u2019e te\u015fekk\u00fcrlerimizi sunuyoruz.<\/p>\n<p>Arama \u00e7al\u0131\u015fmalar\u0131na b\u00fcy\u00fck bir \u00f6zveri ve kararl\u0131l\u0131kla katk\u0131 koyan T\u00fcrk Silahl\u0131 Kuvvetlerimizin, Deniz Kuvvetlerimizin, Hava Kuvvetlerimizin, T\u00fcrk Bar\u0131\u015f Kuvvetleri Komutanl\u0131\u011f\u0131m\u0131z\u0131n ve G\u00fcvenlik Kuvvetleri Komutanl\u0131\u011f\u0131m\u0131z\u0131n t\u00fcm komutanlar\u0131na ve personeline, sahada gece g\u00fcnd\u00fcz g\u00f6rev yapan t\u00fcm askeri ve sivil ekiplerimize \u015f\u00fckranlar\u0131m\u0131z\u0131 sunuyoruz.<\/p>\n<p>Ayr\u0131ca facian\u0131n ya\u015fand\u0131\u011f\u0131 ilk andan itibaren b\u00f6lgede g\u00f6rev yapan, geli\u015fmeleri kamuoyuna aktararak halk\u0131m\u0131z\u0131n do\u011fru bilgiye ula\u015fmas\u0131na katk\u0131 sa\u011flayan Kuzey K\u0131br\u0131s T\u00fcrk Cumhuriyeti, T\u00fcrkiye Cumhuriyeti ve di\u011fer d\u0131\u015f bas\u0131n mensuplar\u0131na, sorumlu gazetecilik anlay\u0131\u015flar\u0131 ve \u00f6zverili \u00e7al\u0131\u015fmalar\u0131 dolay\u0131s\u0131yla te\u015fekk\u00fcr ediyoruz.\u201d<\/p>\n<p>\u00dcstel, t\u00fcm ekiplerin, kay\u0131plara ula\u015fmak i\u00e7in ayn\u0131 kararl\u0131l\u0131k, hassasiyet ve \u00f6zveriyle \u00e7al\u0131\u015fmalar\u0131n\u0131 s\u00fcrd\u00fcrd\u00fc\u011f\u00fcn\u00fc vurgulayarak, \u201cHayat\u0131n\u0131 kaybeden insanlar\u0131m\u0131za Allah\u2019tan rahmet, ac\u0131l\u0131 ailelerine ve yak\u0131nlar\u0131na sab\u0131r diliyoruz.\u201d Dedi. <\/p>\n<p>Foto\u011fraflar: S\u00fcleyman \u00d6nal\u00a0<\/p>\n<\/p>\n<p><img decoding=\"async\" width=\"1024\" height=\"683\" src=\"https:\/\/www.kibrishost.com\/tak\/wp-content\/uploads\/2026\/09\/basbakan-ustel-bir-kisinin-daha-naasina-ulasildi-1-1024x683.jpg\" class=\"aligncenter wp-image-151309\" alt=\"Ba\u015fbakan \u00dcstel: \u201cBir ki\u015finin daha naa\u015f\u0131na ula\u015f\u0131ld\u0131\u201d\" loading=\"lazy\" srcset=\"https:\/\/www.kibrishost.com\/tak\/wp-content\/uploads\/2026\/09\/basbakan-ustel-bir-kisinin-daha-naasina-ulasildi-1-1024x683.jpg 1024w, https:\/\/www.kibrishost.com\/tak\/wp-content\/uploads\/2026\/09\/basbakan-ustel-bir-kisinin-daha-naasina-ulasildi-1-300x200.jpg 300w, https:\/\/www.kibrishost.com\/tak\/wp-content\/uploads\/2026\/09\/basbakan-ustel-bir-kisinin-daha-naasina-ulasildi-1-768x512.jpg 768w, https:\/\/www.kibrishost.com\/tak\/wp-content\/uploads\/2026\/09\/basbakan-ustel-bir-kisinin-daha-naasina-ulasildi-1-1536x1024.jpg 1536w, https:\/\/www.kibrishost.com\/tak\/wp-content\/uploads\/2026\/09\/basbakan-ustel-bir-kisinin-daha-naasina-ulasildi-1.jpg 1620w\" sizes=\"(max-width: 1024px) 100vw, 1024px\" \/><\/p>\n<p><img decoding=\"async\" width=\"1024\" height=\"683\" src=\"https:\/\/www.kibrishost.com\/tak\/wp-content\/uploads\/2026\/09\/basbakan-ustel-bir-kisinin-daha-naasina-ulasildi-2-1024x683.jpg\" class=\"aligncenter wp-image-151310\" alt=\"Ba\u015fbakan \u00dcstel: \u201cBir ki\u015finin daha naa\u015f\u0131na ula\u015f\u0131ld\u0131\u201d\" loading=\"lazy\" srcset=\"https:\/\/www.kibrishost.com\/tak\/wp-content\/uploads\/2026\/09\/basbakan-ustel-bir-kisinin-daha-naasina-ulasildi-2-1024x683.jpg 1024w, https:\/\/www.kibrishost.com\/tak\/wp-content\/uploads\/2026\/09\/basbakan-ustel-bir-kisinin-daha-naasina-ulasildi-2-300x200.jpg 300w, https:\/\/www.kibrishost.com\/tak\/wp-content\/uploads\/2026\/09\/basbakan-ustel-bir-kisinin-daha-naasina-ulasildi-2-768x512.jpg 768w, https:\/\/www.kibrishost.com\/tak\/wp-content\/uploads\/2026\/09\/basbakan-ustel-bir-kisinin-daha-naasina-ulasildi-2-1536x1024.jpg 1536w, https:\/\/www.kibrishost.com\/tak\/wp-content\/uploads\/2026\/09\/basbakan-ustel-bir-kisinin-daha-naasina-ulasildi-2.jpg 1620w\" sizes=\"(max-width: 1024px) 100vw, 1024px\" \/><\/p>\n","protected":false},"excerpt":{"rendered":"<p>Ba\u015fbakan \u00dcnal \u00dcstel, Girne a\u00e7\u0131klar\u0131nda meydana gelen deniz kazas\u0131n\u0131n ard\u0131ndan aral\u0131ks\u0131z s\u00fcrd\u00fcr\u00fclen arama \u00e7al\u0131\u015fmalar\u0131nda bir ki\u015finin daha naa\u015f\u0131na ula\u015f\u0131ld\u0131\u011f\u0131n\u0131 a\u00e7\u0131klad\u0131. Ba\u015fbakan \u00dcstel, T\u00fcrk Deniz Kuvvetlerine ba\u011fl\u0131 TCG I\u015eIN ve TCG Alemdar gemilerinin y\u00fcr\u00fctt\u00fc\u011f\u00fc arama faaliyetleri sonucunda ula\u015f\u0131lan naa\u015f\u0131n bir kad\u0131na ait oldu\u011funun tespit edildi\u011fini kaydetti. \u00dcstel, bulunan naa\u015f\u0131n kimli\u011finin belirlenmesi amac\u0131yla Polis te\u015fkilat\u0131 taraf\u0131ndan gerekli &hellip;<\/p>\n","protected":false},"author":1,"featured_media":151308,"comment_status":"open","ping_status":"open","sticky":false,"template":"","format":"standard","meta":{"footnotes":""},"categories":[2],"tags":[1015,64,1436,2761,36779,4206,1016],"class_list":["post-151307","post","type-post","status-publish","format-standard","has-post-thumbnail","hentry","category-kibris","tag-basbakan","tag-bir","tag-daha","tag-kisinin","tag-naasina","tag-ulasildi","tag-ustel"],"_links":{"self":[{"href":"https:\/\/www.kibrishost.com\/tak\/wp-json\/wp\/v2\/posts\/151307"}],"collection":[{"href":"https:\/\/www.kibrishost.com\/tak\/wp-json\/wp\/v2\/posts"}],"about":[{"href":"https:\/\/www.kibrishost.com\/tak\/wp-json\/wp\/v2\/types\/post"}],"author":[{"embeddable":true,"href":"https:\/\/www.kibrishost.com\/tak\/wp-json\/wp\/v2\/users\/1"}],"replies":[{"embeddable":true,"href":"https:\/\/www.kibrishost.com\/tak\/wp-json\/wp\/v2\/comments?post=151307"}],"version-history":[{"count":1,"href":"https:\/\/www.kibrishost.com\/tak\/wp-json\/wp\/v2\/posts\/151307\/revisions"}],"predecessor-version":[{"id":151311,"href":"https:\/\/www.kibrishost.com\/tak\/wp-json\/wp\/v2\/posts\/151307\/revisions\/151311"}],"wp:featuredmedia":[{"embeddable":true,"href":"https:\/\/www.kibrishost.com\/tak\/wp-json\/wp\/v2\/media\/151308"}],"wp:attachment":[{"href":"https:\/\/www.kibrishost.com\/tak\/wp-json\/wp\/v2\/media?parent=151307"}],"wp:term":[{"taxonomy":"category","embeddable":true,"href":"https:\/\/www.kibrishost.com\/tak\/wp-json\/wp\/v2\/categories?post=151307"},{"taxonomy":"post_tag","embeddable":true,"href":"https:\/\/www.kibrishost.com\/tak\/wp-json\/wp\/v2\/tags?post=151307"}],"curies":[{"name":"wp","href":"https:\/\/api.w.org\/{rel}","templated":true}]}}