{"id":151303,"date":"2026-09-05T12:10:12","date_gmt":"2026-09-05T09:10:12","guid":{"rendered":"https:\/\/www.kibrishost.com\/tak\/fransanin-aude-ilindeki-orman-yangininda-225-hektarlik-alan-kule-dondu\/"},"modified":"2026-09-05T12:10:12","modified_gmt":"2026-09-05T09:10:12","slug":"fransanin-aude-ilindeki-orman-yangininda-225-hektarlik-alan-kule-dondu","status":"publish","type":"post","link":"https:\/\/www.kibrishost.com\/tak\/fransanin-aude-ilindeki-orman-yangininda-225-hektarlik-alan-kule-dondu\/","title":{"rendered":"Fransa&#8217;n\u0131n Aude ilindeki orman yang\u0131n\u0131nda 225 hektarl\u0131k alan k\u00fcle d\u00f6nd\u00fc"},"content":{"rendered":"<p>Fransa&#8217;n\u0131n Aude iline ba\u011fl\u0131 Puilaurens k\u00f6y\u00fc yak\u0131nlar\u0131nda devam eden orman yang\u0131n\u0131nda 225 hektarl\u0131k alan yand\u0131.<\/p>\n<p>Aude Valili\u011finden yap\u0131lan a\u00e7\u0131klamaya g\u00f6re, Puilaurens k\u00f6y\u00fc yak\u0131nlar\u0131nda d\u00fcn yerel saatle 16.00 s\u0131ralar\u0131nda orman yang\u0131n\u0131 \u00e7\u0131kt\u0131.<\/p>\n<p>Yang\u0131na m\u00fcdahale etmek i\u00e7in farkl\u0131 illerden 350 itfaiye eri, 100 ara\u00e7, 1 helikopter ve 1 yang\u0131n s\u00f6nd\u00fcrme u\u00e7a\u011f\u0131 b\u00f6lgeye sevk edildi.<\/p>\n<p>Gece hava ko\u015fullar\u0131n\u0131n daha iyi olmas\u0131na ra\u011fmen yang\u0131n hen\u00fcz kontrol alt\u0131na al\u0131namad\u0131.<\/p>\n<p>Yang\u0131n nedeniyle \u015fu ana kadar 225 hektarl\u0131k alan k\u00fcle d\u00f6nerken, g\u00fcn i\u00e7inde b\u00f6lgede etkili olacak a\u015f\u0131r\u0131 s\u0131caklar\u0131n yang\u0131n s\u00f6nd\u00fcrme faaliyetlerini olumsuz etkileyebilece\u011fi konusunda uyar\u0131 yap\u0131ld\u0131.<\/p>\n<p>Aude Valisi Alain Bucquet, vatanda\u015flardan b\u00f6lgeden uzak durmalar\u0131n\u0131, itfaiye ve jandarma ekiplerinin talimatlar\u0131na uymalar\u0131n\u0131 istedi.<\/p>\n<p>Valilik, yang\u0131n\u0131n hangi nedenle \u00e7\u0131kt\u0131\u011f\u0131na dair bilgi payla\u015fmad\u0131.<\/p><\/p>\n","protected":false},"excerpt":{"rendered":"<p>Fransa&#8217;n\u0131n Aude iline ba\u011fl\u0131 Puilaurens k\u00f6y\u00fc yak\u0131nlar\u0131nda devam eden orman yang\u0131n\u0131nda 225 hektarl\u0131k alan yand\u0131. Aude Valili\u011finden yap\u0131lan a\u00e7\u0131klamaya g\u00f6re, Puilaurens k\u00f6y\u00fc yak\u0131nlar\u0131nda d\u00fcn yerel saatle 16.00 s\u0131ralar\u0131nda orman yang\u0131n\u0131 \u00e7\u0131kt\u0131. Yang\u0131na m\u00fcdahale etmek i\u00e7in farkl\u0131 illerden 350 itfaiye eri, 100 ara\u00e7, 1 helikopter ve 1 yang\u0131n s\u00f6nd\u00fcrme u\u00e7a\u011f\u0131 b\u00f6lgeye sevk edildi. Gece hava ko\u015fullar\u0131n\u0131n &hellip;<\/p>\n","protected":false},"author":1,"featured_media":151304,"comment_status":"open","ping_status":"open","sticky":false,"template":"","format":"standard","meta":{"footnotes":""},"categories":[4],"tags":[32147,2189,48813,4049,1430,20640,36719,9323,120,2587],"class_list":["post-151303","post","type-post","status-publish","format-standard","has-post-thumbnail","hentry","category-dunya","tag-32147","tag-alan","tag-aude","tag-dondu","tag-fransanin","tag-hektarlik","tag-ilindeki","tag-kule","tag-orman","tag-yangininda"],"_links":{"self":[{"href":"https:\/\/www.kibrishost.com\/tak\/wp-json\/wp\/v2\/posts\/151303"}],"collection":[{"href":"https:\/\/www.kibrishost.com\/tak\/wp-json\/wp\/v2\/posts"}],"about":[{"href":"https:\/\/www.kibrishost.com\/tak\/wp-json\/wp\/v2\/types\/post"}],"author":[{"embeddable":true,"href":"https:\/\/www.kibrishost.com\/tak\/wp-json\/wp\/v2\/users\/1"}],"replies":[{"embeddable":true,"href":"https:\/\/www.kibrishost.com\/tak\/wp-json\/wp\/v2\/comments?post=151303"}],"version-history":[{"count":0,"href":"https:\/\/www.kibrishost.com\/tak\/wp-json\/wp\/v2\/posts\/151303\/revisions"}],"wp:featuredmedia":[{"embeddable":true,"href":"https:\/\/www.kibrishost.com\/tak\/wp-json\/wp\/v2\/media\/151304"}],"wp:attachment":[{"href":"https:\/\/www.kibrishost.com\/tak\/wp-json\/wp\/v2\/media?parent=151303"}],"wp:term":[{"taxonomy":"category","embeddable":true,"href":"https:\/\/www.kibrishost.com\/tak\/wp-json\/wp\/v2\/categories?post=151303"},{"taxonomy":"post_tag","embeddable":true,"href":"https:\/\/www.kibrishost.com\/tak\/wp-json\/wp\/v2\/tags?post=151303"}],"curies":[{"name":"wp","href":"https:\/\/api.w.org\/{rel}","templated":true}]}}