{"id":151302,"date":"2026-09-05T11:40:28","date_gmt":"2026-09-05T08:40:28","guid":{"rendered":"https:\/\/www.kibrishost.com\/tak\/filo-jet-gemi-kazasi-faciasinda-7-gun-kayip-16-kisi-araniyor\/"},"modified":"2026-09-05T11:40:28","modified_gmt":"2026-09-05T08:40:28","slug":"filo-jet-gemi-kazasi-faciasinda-7-gun-kayip-16-kisi-araniyor","status":"publish","type":"post","link":"https:\/\/www.kibrishost.com\/tak\/filo-jet-gemi-kazasi-faciasinda-7-gun-kayip-16-kisi-araniyor\/","title":{"rendered":"Filo Jet gemi kazas\u0131 facias\u0131nda 7. g\u00fcn&#8230; Kay\u0131p 16 ki\u015fi aran\u0131yor"},"content":{"rendered":"<p>Girne-Ta\u015fucu seferini yapmak \u00fczere pazar g\u00fcn\u00fc Girne Turizm Liman\u0131\u2019ndan ayr\u0131ld\u0131ktan k\u0131sa s\u00fcre sonra alabora olarak batan Filo Jet isimli yolcu gemisinde kaybolanlar\u0131 arama \u00e7al\u0131\u015fmalar\u0131 7. g\u00fcne girdi.\u00a0D\u00fcn geminin enkaz\u0131ndan iki kad\u0131n yolcunun daha naa\u015f\u0131na ula\u015f\u0131ld\u0131.\u00a0Polis taraf\u0131ndan y\u00fcr\u00fct\u00fclen kimlik tespit \u00e7al\u0131\u015fmalar\u0131n\u0131n ard\u0131ndan bulunan ki\u015filerin \u015eerife \u00d6zdemir ve Nazmiye \u00d6zbolat oldu\u011fu belirlendi.Faciada ya\u015fam\u0131n\u0131 yitirenlerin say\u0131s\u0131 12\u2019ye y\u00fckselirken, kay\u0131p 16 ki\u015fiye ula\u015fmak i\u00e7in aramalar devam ediyor.Ba\u015fbakan \u00dcnal \u00dcstel\u2019in ilerleyen saatlerde aileleri ziyaret etmesi ve bilgilendirmesi bekleniyor.-\u00c7al\u0131\u015fmalar 24 saat esas\u0131na g\u00f6re devam ediyor554 metre derinlikte bulunan gemi enkaz\u0131nda T\u00fcrk Deniz Kuvvetleri\u2019ne ait TCG I\u015f\u0131n ve TCG Alemdar\u2019\u0131n kat\u0131l\u0131m\u0131yla y\u00fcr\u00fct\u00fclen \u00e7al\u0131\u015fmalar 24 saat esas\u0131na g\u00f6re s\u00fcrd\u00fcr\u00fcl\u00fcyor.Robotik sistemlerle enkaz \u00e7evresi ve gemiye giri\u015f yap\u0131labilecek noktalar taran\u0131rken, ekipler hem kay\u0131p yolculara hem de kazan\u0131n nedenlerinin ayd\u0131nlat\u0131lmas\u0131nda \u00f6nem ta\u015f\u0131yan kara kutuya ula\u015fmaya \u00e7al\u0131\u015f\u0131yor.Su alt\u0131ndaki \u00e7al\u0131\u015fmalara deniz ve hava unsurlar\u0131 da destek veriyor. B\u00f6lgede arama kurtarma \u00e7al\u0131\u015fmalar\u0131na toplam 9 gemi ve 11 hava arac\u0131 kat\u0131l\u0131yor. Kay\u0131plar\u0131 bulmaya y\u00f6nelik \u00e7al\u0131\u015fmalar, TCG Alemdar\u2019dan 554 metre derinli\u011fe indirilen uzaktan kumandal\u0131 su alt\u0131 ara\u00e7lar\u0131yla y\u00fcr\u00fct\u00fcl\u00fcyor.-Meclis Ara\u015ft\u0131rma Komitesi kurulmas\u0131 talep edildi\u00d6te yandan Ba\u015fbakan \u00dcnal \u00dcstel, facian\u0131n nedenlerinin ve olas\u0131 sorumluluklar\u0131n ara\u015ft\u0131r\u0131lmas\u0131 amac\u0131yla h\u00fck\u00fcmetin Cumhuriyet Meclisi\u2019ne ara\u015ft\u0131rma \u00f6nergesi sundu\u011funu ve Meclis Ara\u015ft\u0131rma Komitesi kurulmas\u0131n\u0131 talep etti\u011fini kaydetti.\u00a0Cumhuriyet Meclisi Ba\u015fkan\u0131 Ziya \u00d6zt\u00fcrkler de, ara\u015ft\u0131rma komitesi kurulmas\u0131 y\u00f6n\u00fcnde hem h\u00fck\u00fcmet hem de ana muhalefet CTP taraf\u0131ndan dilek\u00e7e sunuldu\u011funu bildirdi.-G\u00f6revden almalarKazan\u0131n ard\u0131ndan Bay\u0131nd\u0131rl\u0131k ve Ula\u015ft\u0131rma Bakanl\u0131\u011f\u0131\u2019nda ba\u015flayan g\u00f6rev de\u011fi\u015fiklikleri de devam etti.\u00a0Erhan Ar\u0131kl\u0131\u2019n\u0131n g\u00f6revden al\u0131nmas\u0131n\u0131n ard\u0131ndan Bakanl\u0131k M\u00fcste\u015far\u0131 Enver \u00d6zt\u00fcrk, Bakanl\u0131k M\u00fcd\u00fcr\u00fc Mustafa Ambar ve Limanlar Dairesi M\u00fcd\u00fcr\u00fc Emsal Emirzadeo\u011fullar\u0131\u2019n\u0131n g\u00f6revlerine son verildi. Kararlar, Resmi Gazete\u2019de yay\u0131mland\u0131.Denizdeki arama 7. g\u00fcn\u00fcnde s\u00fcrerken, kazan\u0131n ard\u0131ndan ba\u015flayan adli, idari ve siyasi s\u00fcre\u00e7te de, hem kay\u0131p 16 ki\u015finin bulunmas\u0131, hem de Filo Jet\u2019in neden batt\u0131\u011f\u0131 ve kazada olas\u0131 ihmallerin bulunup bulunmad\u0131\u011f\u0131 i\u00e7in \u00e7al\u0131\u015fmalar s\u00fcr\u00fcyor. (CPY\/EMR)Haber: Cemre Peral Yan\u0131ker &#8211; Foto\u011fraf: S\u00fcleyman \u00d6nal<\/p><\/p>\n","protected":false},"excerpt":{"rendered":"<p>Girne-Ta\u015fucu seferini yapmak \u00fczere pazar g\u00fcn\u00fc Girne Turizm Liman\u0131\u2019ndan ayr\u0131ld\u0131ktan k\u0131sa s\u00fcre sonra alabora olarak batan Filo Jet isimli yolcu gemisinde kaybolanlar\u0131 arama \u00e7al\u0131\u015fmalar\u0131 7. g\u00fcne girdi.\u00a0D\u00fcn geminin enkaz\u0131ndan iki kad\u0131n yolcunun daha naa\u015f\u0131na ula\u015f\u0131ld\u0131.\u00a0Polis taraf\u0131ndan y\u00fcr\u00fct\u00fclen kimlik tespit \u00e7al\u0131\u015fmalar\u0131n\u0131n ard\u0131ndan bulunan ki\u015filerin \u015eerife \u00d6zdemir ve Nazmiye \u00d6zbolat oldu\u011fu belirlendi.Faciada ya\u015fam\u0131n\u0131 yitirenlerin say\u0131s\u0131 12\u2019ye y\u00fckselirken, &hellip;<\/p>\n","protected":false},"author":1,"featured_media":0,"comment_status":"open","ping_status":"open","sticky":false,"template":"","format":"standard","meta":{"footnotes":""},"categories":[2],"tags":[3361,19749,34857,16445,2515,8021,4047,2123,303],"class_list":["post-151302","post","type-post","status-publish","format-standard","hentry","category-kibris","tag-araniyor","tag-faciasinda","tag-filo","tag-gemi","tag-gun","tag-jet","tag-kayip","tag-kazasi","tag-kisi"],"_links":{"self":[{"href":"https:\/\/www.kibrishost.com\/tak\/wp-json\/wp\/v2\/posts\/151302"}],"collection":[{"href":"https:\/\/www.kibrishost.com\/tak\/wp-json\/wp\/v2\/posts"}],"about":[{"href":"https:\/\/www.kibrishost.com\/tak\/wp-json\/wp\/v2\/types\/post"}],"author":[{"embeddable":true,"href":"https:\/\/www.kibrishost.com\/tak\/wp-json\/wp\/v2\/users\/1"}],"replies":[{"embeddable":true,"href":"https:\/\/www.kibrishost.com\/tak\/wp-json\/wp\/v2\/comments?post=151302"}],"version-history":[{"count":0,"href":"https:\/\/www.kibrishost.com\/tak\/wp-json\/wp\/v2\/posts\/151302\/revisions"}],"wp:attachment":[{"href":"https:\/\/www.kibrishost.com\/tak\/wp-json\/wp\/v2\/media?parent=151302"}],"wp:term":[{"taxonomy":"category","embeddable":true,"href":"https:\/\/www.kibrishost.com\/tak\/wp-json\/wp\/v2\/categories?post=151302"},{"taxonomy":"post_tag","embeddable":true,"href":"https:\/\/www.kibrishost.com\/tak\/wp-json\/wp\/v2\/tags?post=151302"}],"curies":[{"name":"wp","href":"https:\/\/api.w.org\/{rel}","templated":true}]}}