{"id":151297,"date":"2026-09-05T10:30:20","date_gmt":"2026-09-05T07:30:20","guid":{"rendered":"https:\/\/www.kibrishost.com\/tak\/genclik-federasyonu-sorumlulugu-bulunan-herkes-yargi-onune-cikarilmali\/"},"modified":"2026-09-05T10:30:20","modified_gmt":"2026-09-05T07:30:20","slug":"genclik-federasyonu-sorumlulugu-bulunan-herkes-yargi-onune-cikarilmali","status":"publish","type":"post","link":"https:\/\/www.kibrishost.com\/tak\/genclik-federasyonu-sorumlulugu-bulunan-herkes-yargi-onune-cikarilmali\/","title":{"rendered":"Gen\u00e7lik Federasyonu: \u201cSorumlulu\u011fu bulunan herkes yarg\u0131 \u00f6n\u00fcne \u00e7\u0131kar\u0131lmal\u0131\u201d"},"content":{"rendered":"<p>Gen\u00e7lik Federasyonu Merkez Konseyi (Gen\u00e7lik Konseyi), Girne\u2019deki deniz kazas\u0131 ile ilgili toplumun beklentisinin; mazeret de\u011fil, arama kurtarma \u00e7al\u0131\u015fmalar\u0131n\u0131n durmadan, soru\u015fturman\u0131n geciktirilmeden, kamu \u00f6zel ayr\u0131m\u0131 yap\u0131lmadan, sorumlulu\u011fu bulunan herkesin yarg\u0131 \u00f6n\u00fcne \u00e7\u0131kar\u0131lmas\u0131 ve adalet oldu\u011funu belirtti.<\/p>\n<p>Gen\u00e7lik Federasyonu Genel Ba\u015fkan Yard\u0131mc\u0131s\u0131 Yasemin Ayg\u0131n, Gen\u00e7lik Konseyi ad\u0131na Girne\u2019deki Filo Jet kazas\u0131na ili\u015fkin bas\u0131n a\u00e7\u0131klamas\u0131 yapt\u0131. <\/p>\n<p>Ayg\u0131n, a\u00e7\u0131klamas\u0131nda\u00a0arama kurtarma \u00e7al\u0131\u015fmalar\u0131, kazaya ili\u015fkin teknik konular, delillerin g\u00fcvence alt\u0131na al\u0131nmas\u0131, kamu ve \u00f6zel sekt\u00f6r\u00fcn sorumluluklar\u0131n\u0131n soru\u015fturulmas\u0131 ile siyasi ve idari sorumlulu\u011fu konular\u0131n\u0131 ele ald\u0131.<\/p>\n<p>\u201cBu facia kader de\u011fildir, kamu ve \u00f6zel t\u00fcm sorumlular hesap vermelidir\u201d diyen Ayg\u0131n, kazay\u0131 t\u00fcm y\u00f6nleriyle de\u011ferlendirdi ve h\u00fck\u00fcmete 8 maddelik \u00e7a\u011fr\u0131 yapt\u0131. <\/p>\n<p>Ayg\u0131n, \u00f6zetle, arama kurtarma \u00e7al\u0131\u015fmalar\u0131n\u0131n kesintisiz s\u00fcrmesi, ailelere y\u00f6nelik bilgilendirme ve destek merkezi kurulmas\u0131, gemi ile ilgili t\u00fcm bilgilerin a\u00e7\u0131klanmas\u0131, liman kay\u0131tlar\u0131n\u0131n ve delillerin korunmas\u0131, soru\u015fturman\u0131n ba\u011f\u0131ms\u0131z yap\u0131lmas\u0131, kazadan sa\u011f kurtulanlara ve hayat\u0131n\u0131 kaybedenlerle kay\u0131plar\u0131n ailelerine \u00fccretsiz sa\u011fl\u0131k hizmeti verilmesi, siyasi ve idari sorumlulu\u011fu olanlar\u0131n kamuoyuna hesap vermesi \u00e7a\u011fr\u0131s\u0131nda bulundu. <\/p>\n<\/p>\n<p>\u00a0<\/p><\/p>\n","protected":false},"excerpt":{"rendered":"<p>Gen\u00e7lik Federasyonu Merkez Konseyi (Gen\u00e7lik Konseyi), Girne\u2019deki deniz kazas\u0131 ile ilgili toplumun beklentisinin; mazeret de\u011fil, arama kurtarma \u00e7al\u0131\u015fmalar\u0131n\u0131n durmadan, soru\u015fturman\u0131n geciktirilmeden, kamu \u00f6zel ayr\u0131m\u0131 yap\u0131lmadan, sorumlulu\u011fu bulunan herkesin yarg\u0131 \u00f6n\u00fcne \u00e7\u0131kar\u0131lmas\u0131 ve adalet oldu\u011funu belirtti. Gen\u00e7lik Federasyonu Genel Ba\u015fkan Yard\u0131mc\u0131s\u0131 Yasemin Ayg\u0131n, Gen\u00e7lik Konseyi ad\u0131na Girne\u2019deki Filo Jet kazas\u0131na ili\u015fkin bas\u0131n a\u00e7\u0131klamas\u0131 yapt\u0131. Ayg\u0131n, a\u00e7\u0131klamas\u0131nda\u00a0arama &hellip;<\/p>\n","protected":false},"author":1,"featured_media":151298,"comment_status":"open","ping_status":"open","sticky":false,"template":"","format":"standard","meta":{"footnotes":""},"categories":[2],"tags":[10289,1726,32079,2155,796,4414,12636,2984],"class_list":["post-151297","post","type-post","status-publish","format-standard","has-post-thumbnail","hentry","category-kibris","tag-herkes","tag-bulunan","tag-cikarilmali","tag-federasyonu","tag-genclik","tag-onune","tag-sorumlulugu","tag-yargi"],"_links":{"self":[{"href":"https:\/\/www.kibrishost.com\/tak\/wp-json\/wp\/v2\/posts\/151297"}],"collection":[{"href":"https:\/\/www.kibrishost.com\/tak\/wp-json\/wp\/v2\/posts"}],"about":[{"href":"https:\/\/www.kibrishost.com\/tak\/wp-json\/wp\/v2\/types\/post"}],"author":[{"embeddable":true,"href":"https:\/\/www.kibrishost.com\/tak\/wp-json\/wp\/v2\/users\/1"}],"replies":[{"embeddable":true,"href":"https:\/\/www.kibrishost.com\/tak\/wp-json\/wp\/v2\/comments?post=151297"}],"version-history":[{"count":0,"href":"https:\/\/www.kibrishost.com\/tak\/wp-json\/wp\/v2\/posts\/151297\/revisions"}],"wp:featuredmedia":[{"embeddable":true,"href":"https:\/\/www.kibrishost.com\/tak\/wp-json\/wp\/v2\/media\/151298"}],"wp:attachment":[{"href":"https:\/\/www.kibrishost.com\/tak\/wp-json\/wp\/v2\/media?parent=151297"}],"wp:term":[{"taxonomy":"category","embeddable":true,"href":"https:\/\/www.kibrishost.com\/tak\/wp-json\/wp\/v2\/categories?post=151297"},{"taxonomy":"post_tag","embeddable":true,"href":"https:\/\/www.kibrishost.com\/tak\/wp-json\/wp\/v2\/tags?post=151297"}],"curies":[{"name":"wp","href":"https:\/\/api.w.org\/{rel}","templated":true}]}}