{"id":151291,"date":"2026-09-05T09:40:20","date_gmt":"2026-09-05T06:40:20","guid":{"rendered":"https:\/\/www.kibrishost.com\/tak\/trump-hayvancilarin-kendi-urunlerini-isleyebilmesini-saglayacak-kararnameyi-imzaladi\/"},"modified":"2026-09-05T09:40:20","modified_gmt":"2026-09-05T06:40:20","slug":"trump-hayvancilarin-kendi-urunlerini-isleyebilmesini-saglayacak-kararnameyi-imzaladi","status":"publish","type":"post","link":"https:\/\/www.kibrishost.com\/tak\/trump-hayvancilarin-kendi-urunlerini-isleyebilmesini-saglayacak-kararnameyi-imzaladi\/","title":{"rendered":"Trump, hayvanc\u0131lar\u0131n kendi \u00fcr\u00fcnlerini i\u015fleyebilmesini sa\u011flayacak kararnameyi imzalad\u0131"},"content":{"rendered":"<p>ABD Ba\u015fkan\u0131 Donald Trump, Amerikal\u0131 \u00fcreticilerin etlerini kesip i\u015fleme, paketleme ve eyaletler aras\u0131nda t\u00fcketicilere satabilmelerini destekleyen kararnameye imza att\u0131.<\/p>\n<p>Trump, Beyaz Saray&#8217;da d\u00fczenlenen imza t\u00f6reninde bas\u0131n mensuplar\u0131na a\u00e7\u0131klamalarda bulundu.<\/p>\n<p>\u00dcreticilerin y\u0131llard\u0131r b\u00fcy\u00fck et i\u015fleme \u015firketleriyle sorunlar\u0131 oldu\u011funu s\u00f6yleyen Trump, hayvanc\u0131lar\u0131n \u00fcr\u00fcnlerini i\u015flettirmek zorunda kald\u0131\u011f\u0131 bu \u015firketlerin bir tekel olu\u015fturdu\u011funu savundu.<\/p>\n<p>Trump, &#8220;B\u00fcy\u00fck i\u015fleme \u015firketleriyle i\u015f yapman\u0131n \u00e7ok zor oldu\u011funu, \u00e7ift\u00e7ilerimize, hayvanc\u0131lar\u0131m\u0131za ve halka \u00e7ok fazla maliyet ve s\u0131k\u0131nt\u0131 yaratt\u0131klar\u0131n\u0131 s\u00f6yl\u00fcyorlar. Art\u0131k bunun devam etmesine izin vermeyece\u011fiz.&#8221; diye konu\u015ftu.<\/p>\n<p>\u00c7ift\u00e7ilere kendi \u00fcr\u00fcnlerini i\u015fleme hakk\u0131 vereceklerini belirten Trump, k\u00fc\u00e7\u00fck, orta ve b\u00fcy\u00fck \u00f6l\u00e7ekli hayvanc\u0131l\u0131k i\u015fletmelerinin \u00fcr\u00fcnlerini do\u011frudan t\u00fcketicilere satabilmelerini sa\u011flayacak bir program olu\u015fturacaklar\u0131n\u0131 aktard\u0131.<\/p>\n<p>Trump, hayvanc\u0131lar\u0131n b\u00f6ylece b\u00fcy\u00fck i\u015fleme \u015firketlerine ve arac\u0131lara gitmek zorunda kalmayaca\u011f\u0131n\u0131 vurgulayarak, b\u00fcy\u00fck \u015firketlerin bundan memnun olmayaca\u011f\u0131n\u0131 ifade etti.<\/p>\n<p>Gerekli sa\u011fl\u0131k ve g\u00fcvenlik d\u00fczenlemelerini de yapacaklar\u0131n\u0131 dile getiren Trump, &#8220;\u0130steyenlerin kendi \u00fcr\u00fcnlerini i\u015flemesine izin verece\u011fiz. \u0130sterlerse di\u011fer yerlerden de yararlanmaya devam edebilirler, tabii hala var olurlarsa. A\u00e7\u0131k\u00e7as\u0131, bundan sonra var olup olmayacaklar\u0131n\u0131 bilmiyorum.&#8221; dedi.<\/p>\n<p>Trump ayr\u0131ca, \u00e7ift\u00e7ilerin kendi g\u0131dalar\u0131n\u0131 i\u015flemelerine izin veren d\u00fczenlemeye ek olarak s\u0131\u011f\u0131r s\u00fcr\u00fclerini y\u0131rt\u0131c\u0131 Meksika gri kurtlar\u0131na kar\u015f\u0131 koruyabilmelerine y\u00f6nelik de kararnameyi imzalad\u0131\u011f\u0131n\u0131 bildirdi.<\/p>\n<p>&#8211; &#8220;En d\u00fc\u015f\u00fck faiz oran\u0131 bizde olmal\u0131&#8221;<\/p>\n<p>\u00d6te yandan bug\u00fcn yay\u0131mlanan istihdam verilerine ili\u015fkin de de\u011ferlendirmelerde bulunan Trump, \u00e7ok iyi veriler a\u00e7\u0131kland\u0131\u011f\u0131nda piyasalar\u0131n y\u00fckselmesi gerekti\u011fini ancak borsan\u0131n d\u00fc\u015ft\u00fc\u011f\u00fcn\u00fc s\u00f6yledi.<\/p>\n<p>Enflasyona b\u00fcy\u00fcmenin de\u011fil &#8220;aptall\u0131\u011f\u0131n&#8221; neden oldu\u011funu savunan Trump, y\u00fczde 2-4 yerine y\u00fczde 12-15 gibi b\u00fcy\u00fck oranlarda ekonomik b\u00fcy\u00fcme kaydetmeleri gerekti\u011fini dile getirdi.<\/p>\n<p>Trump, baz\u0131 \u00fclkelerde politika faizi yar\u0131m puanken ABD&#8217;de bu oran\u0131n yakla\u015f\u0131k y\u00fczde 4 oldu\u011funa i\u015faret ederek, &#8220;D\u00fcnyan\u0131n en d\u00fc\u015f\u00fck faiz oran\u0131na sahip olmal\u0131y\u0131z.&#8221; g\u00f6r\u00fc\u015f\u00fcn\u00fc payla\u015ft\u0131.<\/p>\n<p>&#8211; Amerikal\u0131 \u00fcreticiler desteklenecek<\/p>\n<p>Beyaz Saray&#8217;dan yap\u0131lan a\u00e7\u0131klamada, Trump&#8217;\u0131n &#8220;Hayvanc\u0131l\u0131k Piyasalar\u0131nda Adil Rekabetin Te\u015fvik Edilmesi ve Amerikal\u0131 Et \u00dcreticileri \u0130\u00e7in Pazar Eri\u015fiminin Geni\u015fletilmesi&#8221; ve &#8220;ABD&#8217;nin Hayvanc\u0131lar\u0131n\u0131 Desteklemek&#8221; ba\u015fl\u0131kl\u0131 iki kararnameye imza att\u0131\u011f\u0131 bildirildi.<\/p>\n<p>Bu kapsamda et i\u015fleme sekt\u00f6r\u00fcndeki tekelci uygulamalar nedeniyle fahi\u015f maliyetlere maruz kalmadan, en y\u00fcksek g\u0131da g\u00fcvenli\u011fi standartlar\u0131n\u0131 koruyarak, Amerikal\u0131 \u00fcreticilerin et kesimi, i\u015fleme, paketleme ve eyaletler aras\u0131 sat\u0131\u015f yapma kapasitelerinin desteklenece\u011fi kaydedildi.<\/p><\/p>\n","protected":false},"excerpt":{"rendered":"<p>ABD Ba\u015fkan\u0131 Donald Trump, Amerikal\u0131 \u00fcreticilerin etlerini kesip i\u015fleme, paketleme ve eyaletler aras\u0131nda t\u00fcketicilere satabilmelerini destekleyen kararnameye imza att\u0131. Trump, Beyaz Saray&#8217;da d\u00fczenlenen imza t\u00f6reninde bas\u0131n mensuplar\u0131na a\u00e7\u0131klamalarda bulundu. \u00dcreticilerin y\u0131llard\u0131r b\u00fcy\u00fck et i\u015fleme \u015firketleriyle sorunlar\u0131 oldu\u011funu s\u00f6yleyen Trump, hayvanc\u0131lar\u0131n \u00fcr\u00fcnlerini i\u015flettirmek zorunda kald\u0131\u011f\u0131 bu \u015firketlerin bir tekel olu\u015fturdu\u011funu savundu. Trump, &#8220;B\u00fcy\u00fck i\u015fleme \u015firketleriyle i\u015f &hellip;<\/p>\n","protected":false},"author":1,"featured_media":151292,"comment_status":"open","ping_status":"open","sticky":false,"template":"","format":"standard","meta":{"footnotes":""},"categories":[4],"tags":[48808,2045,48809,19722,5039,5583,129,25622],"class_list":["post-151291","post","type-post","status-publish","format-standard","has-post-thumbnail","hentry","category-dunya","tag-hayvancilarin","tag-imzaladi","tag-isleyebilmesini","tag-kararnameyi","tag-kendi","tag-saglayacak","tag-trump","tag-urunlerini"],"_links":{"self":[{"href":"https:\/\/www.kibrishost.com\/tak\/wp-json\/wp\/v2\/posts\/151291"}],"collection":[{"href":"https:\/\/www.kibrishost.com\/tak\/wp-json\/wp\/v2\/posts"}],"about":[{"href":"https:\/\/www.kibrishost.com\/tak\/wp-json\/wp\/v2\/types\/post"}],"author":[{"embeddable":true,"href":"https:\/\/www.kibrishost.com\/tak\/wp-json\/wp\/v2\/users\/1"}],"replies":[{"embeddable":true,"href":"https:\/\/www.kibrishost.com\/tak\/wp-json\/wp\/v2\/comments?post=151291"}],"version-history":[{"count":0,"href":"https:\/\/www.kibrishost.com\/tak\/wp-json\/wp\/v2\/posts\/151291\/revisions"}],"wp:featuredmedia":[{"embeddable":true,"href":"https:\/\/www.kibrishost.com\/tak\/wp-json\/wp\/v2\/media\/151292"}],"wp:attachment":[{"href":"https:\/\/www.kibrishost.com\/tak\/wp-json\/wp\/v2\/media?parent=151291"}],"wp:term":[{"taxonomy":"category","embeddable":true,"href":"https:\/\/www.kibrishost.com\/tak\/wp-json\/wp\/v2\/categories?post=151291"},{"taxonomy":"post_tag","embeddable":true,"href":"https:\/\/www.kibrishost.com\/tak\/wp-json\/wp\/v2\/tags?post=151291"}],"curies":[{"name":"wp","href":"https:\/\/api.w.org\/{rel}","templated":true}]}}