{"id":151287,"date":"2026-09-05T09:40:19","date_gmt":"2026-09-05T06:40:19","guid":{"rendered":"https:\/\/www.kibrishost.com\/tak\/abd-baskani-trump-iran-bizim-icin-buyuk-bir-mesele-degil\/"},"modified":"2026-09-05T09:40:19","modified_gmt":"2026-09-05T06:40:19","slug":"abd-baskani-trump-iran-bizim-icin-buyuk-bir-mesele-degil","status":"publish","type":"post","link":"https:\/\/www.kibrishost.com\/tak\/abd-baskani-trump-iran-bizim-icin-buyuk-bir-mesele-degil\/","title":{"rendered":"ABD Ba\u015fkan\u0131 Trump: &#8220;\u0130ran bizim i\u00e7in b\u00fcy\u00fck bir mesele de\u011fil&#8221;"},"content":{"rendered":"<p>ABD Ba\u015fkan\u0131 Donald Trump, \u0130ran&#8217;la ya\u015fad\u0131klar\u0131 gerilimi &#8220;askeri bir \u00e7at\u0131\u015fma&#8221; olarak tan\u0131mlad\u0131\u011f\u0131n\u0131 belirterek &#8220;Bir\u00e7ok ki\u015fi buna sava\u015f demiyor. Ben buna askeri \u00e7at\u0131\u015fma diyorum \u00e7\u00fcnk\u00fc bizim i\u00e7in \u00f6nemsiz bir mesele.&#8221; de\u011ferlendirmesini yapt\u0131.<\/p>\n<p>ABD Ba\u015fkan\u0131 Trump, Beyaz Saray&#8217;da d\u00fczenledi\u011fi bas\u0131n toplant\u0131s\u0131n\u0131n ard\u0131ndan g\u00fcndeme ili\u015fkin sorular\u0131 yan\u0131tlad\u0131.<\/p>\n<p>Venezuela&#8217;n\u0131n ard\u0131ndan \u0130ran&#8217;da da askeri olarak her \u015feyi yapt\u0131klar\u0131n\u0131 ve \u00e7ok ba\u015far\u0131l\u0131 olduklar\u0131n\u0131 savunan Trump, aktif olarak bir sald\u0131r\u0131 halinde olmad\u0131klar\u0131n\u0131 dile getirdi.<\/p>\n<p>ABD Ba\u015fkan Yard\u0131mc\u0131s\u0131 JD Vance&#8217;in \u0130ran&#8217;la ya\u015fanan gerilim i\u00e7in &#8220;sava\u015f&#8221; ifadesini \u00f6zellikle kullanmad\u0131\u011f\u0131 hat\u0131rlat\u0131lan Trump, &#8220;Bir\u00e7ok ki\u015fi buna sava\u015f demiyor. Ben buna askeri \u00e7at\u0131\u015fma diyorum \u00e7\u00fcnk\u00fc bizim i\u00e7in \u00f6nemsiz bir mesele. \u0130ran bizim i\u00e7in b\u00fcy\u00fck bir mesele de\u011fil. Venezuela&#8217;ya m\u00fcdahale ettik, buraya da m\u00fcdahale ettik.&#8221; diye konu\u015ftu.<\/p>\n<p>\u0130ran&#8217;la \u00e7at\u0131\u015fmalarda sadece 18 ABD askerinin \u00f6ld\u00fc\u011f\u00fcn\u00fc kaydeden Trump, bunun Vietnam veya Afganistan sava\u015flar\u0131 ile k\u0131yasland\u0131\u011f\u0131nda \u00e7ok b\u00fcy\u00fck bir say\u0131 olmad\u0131\u011f\u0131n\u0131 s\u00f6yledi.<\/p>\n<p>&#8211; &#8220;Kazma Da\u011f\u0131&#8217;n\u0131 yak\u0131nda vurabiliriz&#8221;<\/p>\n<p>Trump, H\u00fcrm\u00fcz Bo\u011faz\u0131 ve etraf\u0131ndaki geli\u015fmeleri \u00e7ok yak\u0131ndan takip ettiklerini vurgulayarak, Kazma Da\u011f\u0131 civar\u0131ndaki hareketlili\u011fi izlediklerini s\u00f6yledi.<\/p>\n<p>&#8220;E\u011fer o b\u00f6lgede geli\u015fmeler olursa Kazma Da\u011f\u0131&#8217;n\u0131 yak\u0131nda vurabiliriz.&#8221; diyen Trump, H\u00fcrm\u00fcz Bo\u011faz\u0131&#8217;n\u0131 ise petrol tankerlerinin ge\u00e7i\u015fi i\u00e7in a\u00e7\u0131k tuttuklar\u0131n\u0131 savundu.<\/p>\n<p>&#8211; \u00c7in, \u0130ran krizine dahil olmad\u0131<\/p>\n<p>\u00d6te yandan Trump, \u00c7in Devlet Ba\u015fkan\u0131 \u015ei Cinping ile Beyaz Saray&#8217;da 24 Eyl\u00fcl&#8217;de g\u00f6r\u00fc\u015fece\u011fini ifade ederek &#8220;\u00c7in Devlet Ba\u015fkan\u0131 \u015ei ile \u00e7ok iyi anla\u015f\u0131yorum. \u015ei&#8217;ye &#8216;L\u00fctfen \u0130ran konusunda dahil olmay\u0131n&#8217; dedim. Onlar da ger\u00e7ekten pek de dahil olmad\u0131lar.&#8221; dedi.<\/p>\n<p>\u00c7in&#8217;in istese bu s\u00fcrece \u00e7ok daha aktif kat\u0131labilece\u011fini savunan Trump, bununla birlikte Pekin&#8217;in, \u0130ran gerilimine \u00e7ok az m\u00fcdahil oldu\u011funu belirtti.<\/p><\/p>\n","protected":false},"excerpt":{"rendered":"<p>ABD Ba\u015fkan\u0131 Donald Trump, \u0130ran&#8217;la ya\u015fad\u0131klar\u0131 gerilimi &#8220;askeri bir \u00e7at\u0131\u015fma&#8221; olarak tan\u0131mlad\u0131\u011f\u0131n\u0131 belirterek &#8220;Bir\u00e7ok ki\u015fi buna sava\u015f demiyor. Ben buna askeri \u00e7at\u0131\u015fma diyorum \u00e7\u00fcnk\u00fc bizim i\u00e7in \u00f6nemsiz bir mesele.&#8221; de\u011ferlendirmesini yapt\u0131. ABD Ba\u015fkan\u0131 Trump, Beyaz Saray&#8217;da d\u00fczenledi\u011fi bas\u0131n toplant\u0131s\u0131n\u0131n ard\u0131ndan g\u00fcndeme ili\u015fkin sorular\u0131 yan\u0131tlad\u0131. Venezuela&#8217;n\u0131n ard\u0131ndan \u0130ran&#8217;da da askeri olarak her \u015feyi yapt\u0131klar\u0131n\u0131 ve \u00e7ok &hellip;<\/p>\n","protected":false},"author":1,"featured_media":151288,"comment_status":"open","ping_status":"open","sticky":false,"template":"","format":"standard","meta":{"footnotes":""},"categories":[4],"tags":[11009,615,103,64,5829,170,1830,116,1690,129],"class_list":["post-151287","post","type-post","status-publish","format-standard","has-post-thumbnail","hentry","category-dunya","tag-mesele","tag-abd","tag-baskani","tag-bir","tag-bizim","tag-buyuk","tag-degil","tag-icin","tag-iran","tag-trump"],"_links":{"self":[{"href":"https:\/\/www.kibrishost.com\/tak\/wp-json\/wp\/v2\/posts\/151287"}],"collection":[{"href":"https:\/\/www.kibrishost.com\/tak\/wp-json\/wp\/v2\/posts"}],"about":[{"href":"https:\/\/www.kibrishost.com\/tak\/wp-json\/wp\/v2\/types\/post"}],"author":[{"embeddable":true,"href":"https:\/\/www.kibrishost.com\/tak\/wp-json\/wp\/v2\/users\/1"}],"replies":[{"embeddable":true,"href":"https:\/\/www.kibrishost.com\/tak\/wp-json\/wp\/v2\/comments?post=151287"}],"version-history":[{"count":0,"href":"https:\/\/www.kibrishost.com\/tak\/wp-json\/wp\/v2\/posts\/151287\/revisions"}],"wp:featuredmedia":[{"embeddable":true,"href":"https:\/\/www.kibrishost.com\/tak\/wp-json\/wp\/v2\/media\/151288"}],"wp:attachment":[{"href":"https:\/\/www.kibrishost.com\/tak\/wp-json\/wp\/v2\/media?parent=151287"}],"wp:term":[{"taxonomy":"category","embeddable":true,"href":"https:\/\/www.kibrishost.com\/tak\/wp-json\/wp\/v2\/categories?post=151287"},{"taxonomy":"post_tag","embeddable":true,"href":"https:\/\/www.kibrishost.com\/tak\/wp-json\/wp\/v2\/tags?post=151287"}],"curies":[{"name":"wp","href":"https:\/\/api.w.org\/{rel}","templated":true}]}}