{"id":151285,"date":"2026-09-05T09:40:14","date_gmt":"2026-09-05T06:40:14","guid":{"rendered":"https:\/\/www.kibrishost.com\/tak\/abd-baskani-trump-rusyanin-nato-topraklarina-saldirmayacagini-soyledi\/"},"modified":"2026-09-05T09:40:14","modified_gmt":"2026-09-05T06:40:14","slug":"abd-baskani-trump-rusyanin-nato-topraklarina-saldirmayacagini-soyledi","status":"publish","type":"post","link":"https:\/\/www.kibrishost.com\/tak\/abd-baskani-trump-rusyanin-nato-topraklarina-saldirmayacagini-soyledi\/","title":{"rendered":"ABD Ba\u015fkan\u0131 Trump, Rusya&#8217;n\u0131n NATO topraklar\u0131na sald\u0131rmayaca\u011f\u0131n\u0131 s\u00f6yledi"},"content":{"rendered":"<p>ABD Ba\u015fkan\u0131 Donald Trump, Rusya Devlet Ba\u015fkan\u0131 Vladimir Putin&#8217;i \u00e7ok iyi tan\u0131d\u0131\u011f\u0131n\u0131 belirterek &#8220;Putin, NATO topraklar\u0131na sald\u0131rmay\u0131 d\u00fc\u015f\u00fcnm\u00fcyor.&#8221; dedi.<\/p>\n<p>ABD Ba\u015fkan\u0131 Trump, Beyaz Saray&#8217;da d\u00fczenledi\u011fi bas\u0131n toplant\u0131s\u0131nda g\u00fcndeme ili\u015fkin sorular\u0131 yan\u0131tlad\u0131.<\/p>\n<p>Trump, Almanya&#8217;n\u0131n, bir Alman havaliman\u0131na d\u00fczenlenen dron sald\u0131r\u0131s\u0131 i\u00e7in &#8220;Rusya&#8217;y\u0131 su\u00e7lad\u0131\u011f\u0131n\u0131n&#8221; hat\u0131rlat\u0131lmas\u0131 \u00fczerine, Rusya&#8217;n\u0131n NATO \u00fclkelerine sald\u0131rmayaca\u011f\u0131na inand\u0131\u011f\u0131n\u0131 vurgulad\u0131.<\/p>\n<p>ABD Ba\u015fkan\u0131, &#8220;Putin&#8217;in bunu yapaca\u011f\u0131n\u0131 sanm\u0131yorum. Onunla g\u00f6r\u00fc\u015f\u00fcyorum ve onu \u00e7ok iyi tan\u0131yorum. Putin, NATO topraklar\u0131na sald\u0131rmay\u0131 d\u00fc\u015f\u00fcnm\u00fcyor.&#8221; de\u011ferlendirmesini yapt\u0131.<\/p><\/p>\n","protected":false},"excerpt":{"rendered":"<p>ABD Ba\u015fkan\u0131 Donald Trump, Rusya Devlet Ba\u015fkan\u0131 Vladimir Putin&#8217;i \u00e7ok iyi tan\u0131d\u0131\u011f\u0131n\u0131 belirterek &#8220;Putin, NATO topraklar\u0131na sald\u0131rmay\u0131 d\u00fc\u015f\u00fcnm\u00fcyor.&#8221; dedi. ABD Ba\u015fkan\u0131 Trump, Beyaz Saray&#8217;da d\u00fczenledi\u011fi bas\u0131n toplant\u0131s\u0131nda g\u00fcndeme ili\u015fkin sorular\u0131 yan\u0131tlad\u0131. Trump, Almanya&#8217;n\u0131n, bir Alman havaliman\u0131na d\u00fczenlenen dron sald\u0131r\u0131s\u0131 i\u00e7in &#8220;Rusya&#8217;y\u0131 su\u00e7lad\u0131\u011f\u0131n\u0131n&#8221; hat\u0131rlat\u0131lmas\u0131 \u00fczerine, Rusya&#8217;n\u0131n NATO \u00fclkelerine sald\u0131rmayaca\u011f\u0131na inand\u0131\u011f\u0131n\u0131 vurgulad\u0131. ABD Ba\u015fkan\u0131, &#8220;Putin&#8217;in bunu yapaca\u011f\u0131n\u0131 &hellip;<\/p>\n","protected":false},"author":1,"featured_media":151286,"comment_status":"open","ping_status":"open","sticky":false,"template":"","format":"standard","meta":{"footnotes":""},"categories":[4],"tags":[3523,615,103,399,48807,841,6102,129],"class_list":["post-151285","post","type-post","status-publish","format-standard","has-post-thumbnail","hentry","category-dunya","tag-nato","tag-abd","tag-baskani","tag-rusyanin","tag-saldirmayacagini","tag-soyledi","tag-topraklarina","tag-trump"],"_links":{"self":[{"href":"https:\/\/www.kibrishost.com\/tak\/wp-json\/wp\/v2\/posts\/151285"}],"collection":[{"href":"https:\/\/www.kibrishost.com\/tak\/wp-json\/wp\/v2\/posts"}],"about":[{"href":"https:\/\/www.kibrishost.com\/tak\/wp-json\/wp\/v2\/types\/post"}],"author":[{"embeddable":true,"href":"https:\/\/www.kibrishost.com\/tak\/wp-json\/wp\/v2\/users\/1"}],"replies":[{"embeddable":true,"href":"https:\/\/www.kibrishost.com\/tak\/wp-json\/wp\/v2\/comments?post=151285"}],"version-history":[{"count":0,"href":"https:\/\/www.kibrishost.com\/tak\/wp-json\/wp\/v2\/posts\/151285\/revisions"}],"wp:featuredmedia":[{"embeddable":true,"href":"https:\/\/www.kibrishost.com\/tak\/wp-json\/wp\/v2\/media\/151286"}],"wp:attachment":[{"href":"https:\/\/www.kibrishost.com\/tak\/wp-json\/wp\/v2\/media?parent=151285"}],"wp:term":[{"taxonomy":"category","embeddable":true,"href":"https:\/\/www.kibrishost.com\/tak\/wp-json\/wp\/v2\/categories?post=151285"},{"taxonomy":"post_tag","embeddable":true,"href":"https:\/\/www.kibrishost.com\/tak\/wp-json\/wp\/v2\/tags?post=151285"}],"curies":[{"name":"wp","href":"https:\/\/api.w.org\/{rel}","templated":true}]}}