{"id":151277,"date":"2026-09-05T09:25:12","date_gmt":"2026-09-05T06:25:12","guid":{"rendered":"https:\/\/www.kibrishost.com\/tak\/kktcdeki-gemi-kazasinda-hayatini-kaybeden-elmas-demirin-cenazesi-eskisehire-getirildi\/"},"modified":"2026-09-05T09:25:26","modified_gmt":"2026-09-05T06:25:26","slug":"kktcdeki-gemi-kazasinda-hayatini-kaybeden-elmas-demirin-cenazesi-eskisehire-getirildi","status":"publish","type":"post","link":"https:\/\/www.kibrishost.com\/tak\/kktcdeki-gemi-kazasinda-hayatini-kaybeden-elmas-demirin-cenazesi-eskisehire-getirildi\/","title":{"rendered":"KKTC&#8217;deki gemi kazas\u0131nda hayat\u0131n\u0131 kaybeden Elmas Demir&#8217;in cenazesi Eski\u015fehir&#8217;e getirildi"},"content":{"rendered":"<p>Girne Liman\u0131 a\u00e7\u0131\u011f\u0131nda yolcu gemisinin alabora olmas\u0131 sonucu kaybolan ve denizden cans\u0131z bedeni \u00e7\u0131kar\u0131lan 58 ya\u015f\u0131ndaki Elmas Demir&#8217;in cenazesi memleketi Eski\u015fehir&#8217;e getirildi.<\/p>\n<p>KKTC&#8217;nin Girne Liman\u0131&#8217;ndan Mersin&#8217;in Silifke il\u00e7esindeki Ta\u015fucu Liman\u0131&#8217;na gitmek i\u00e7in demir alan &#8220;Filo Jet&#8221; isimli geminin 30 A\u011fustos&#8217;ta alabora oldu\u011fu kazada kaybolan 5 \u00e7ocuk annesi Elmas Demir&#8217;in cenazesine b\u00f6lgede y\u00fcr\u00fct\u00fclen arama kurtarma \u00e7al\u0131\u015fmalar\u0131 sonucu ula\u015f\u0131ld\u0131.<\/p>\n<p>Ankara&#8217;ya, ard\u0131ndan da kara yoluyla memleketi Eski\u015fehir&#8217;e getirilen Demir&#8217;in cenazesi, Tepeba\u015f\u0131 il\u00e7esi Fevzi\u00e7akmak Mahallesi&#8217;ndeki \u0130lahiyat Camisi&#8217;nde yak\u0131nlar\u0131nca kar\u015f\u0131land\u0131.<\/p>\n<p>&#8211; Cenazeyi Demir&#8217;in e\u015fi ve o\u011flu teslim ald\u0131<\/p>\n<p>Cenazesi getirilen kad\u0131n\u0131n e\u015fi Abbas Demir, gazetecilere, gemi kaptan\u0131ndan ve di\u011fer sorumlulardan \u015fikayet\u00e7i olacaklar\u0131n\u0131 ve hukuki olarak haklar\u0131n\u0131 arayacaklar\u0131n\u0131 s\u00f6yledi.<\/p>\n<p>E\u015fiyle kazadan \u00f6nce saat 11.30 s\u0131ralar\u0131nda g\u00f6r\u00fc\u015ft\u00fc\u011f\u00fcn\u00fc kaydeden Demir, &#8220;Bana gemiye bindi\u011fini s\u00f6yledi. 12.30&#8217;da arad\u0131m fakat haber alamad\u0131m. Telefonu denizin ortas\u0131nda \u00e7eken bir telefon. En sonunda ye\u011fenim geldi. Pazardayd\u0131m, &#8216;Day\u0131 gemi batm\u0131\u015f&#8217; dedi, ben ondan haber ald\u0131m.&#8221; dedi.<\/p>\n<p>Cemal Demir ise annesinin cenazesini teslim ald\u0131klar\u0131n\u0131 belirterek, son g\u00f6revlerini yapacaklar\u0131n\u0131 ifade etti.<\/p>\n<p>Annesinin mezar\u0131n\u0131 g\u00fcllerle s\u00fcsleyeceklerini anlatan Demir, \u015f\u00f6yle konu\u015ftu:<\/p>\n<p>&#8220;Bize bir mutluluk verdiler. Sesimizi duyurduk, sesimize de kar\u015f\u0131l\u0131k verdiler. Buradan Cumhurba\u015fkan\u0131m\u0131za \u00e7ok te\u015fekk\u00fcr ediyorum. Siz bize bu mutlu g\u00fcn\u00fcm\u00fcz\u00fc ya\u015fatt\u0131n\u0131z. Ac\u0131 g\u00fcn\u00fcm\u00fcz ama \u015fu anda mutlu g\u00fcn\u00fcm\u00fcz gibi ayn\u0131. En az\u0131ndan annemin topra\u011f\u0131na sar\u0131laca\u011f\u0131m. Bana dirisi gelmedi, \u00f6l\u00fcs\u00fc geldi. Ben de s\u00f6ylemi\u015ftim, &#8216;Ben dirisini istemiyorum ama \u00f6l\u00fcs\u00fcn\u00fc verin&#8217; bana demi\u015ftim. \u00c7ok te\u015fekk\u00fcr ediyorum, annemi bana getirdiler. Sar\u0131lacak bir topra\u011f\u0131 oldu art\u0131k.&#8221;<\/p>\n<p>Elmas Demir&#8217;in cenazesi, \u0130lahiyat Camisi&#8217;nde \u00f6\u011fle namaz\u0131n\u0131 m\u00fcteakip k\u0131l\u0131nacak cenaze namaz\u0131n\u0131n ard\u0131ndan Asri Mezarl\u0131\u011f\u0131&#8217;na defnedilecek.<\/p>\n<p>&#8211; Girne a\u00e7\u0131klar\u0131nda batan gemi<\/p>\n<p>KKTC&#8217;deki Girne Liman\u0131 ile Mersin&#8217;deki Ta\u015fucu Liman\u0131 aras\u0131nda sefer yapan &#8220;Filo Jet&#8221; isimli y\u00fcksek h\u0131zl\u0131 yolcu gemisi, 30 A\u011fustos Pazar g\u00fcn\u00fc \u00f6\u011fle saatlerinde Girne&#8217;den hareket ettikten k\u0131sa s\u00fcre sonra \u00f6n k\u0131sm\u0131ndan su almaya ba\u015flam\u0131\u015f, Girne Liman\u0131&#8217;na d\u00f6nmeye \u00e7al\u0131\u015ft\u0131\u011f\u0131 s\u0131rada batm\u0131\u015ft\u0131.<\/p>\n<p>KKTC, geminin batmas\u0131n\u0131n ard\u0131ndan 12 ki\u015finin cenazelerine ula\u015f\u0131ld\u0131\u011f\u0131n\u0131 ve kay\u0131p 16 ki\u015fi i\u00e7in arama \u00e7al\u0131\u015fmalar\u0131n\u0131n devam etti\u011fini a\u00e7\u0131klam\u0131\u015ft\u0131.<\/p>\n<p>Batan geminin enkaz\u0131n\u0131n Girne a\u00e7\u0131klar\u0131nda 554 metre derinlikte bulundu\u011fu bildiriliyor.<\/p>\n<\/p>\n<p><img decoding=\"async\" width=\"1024\" height=\"576\" src=\"https:\/\/www.kibrishost.com\/tak\/wp-content\/uploads\/2026\/09\/kktcdeki-gemi-kazasinda-hayatini-kaybeden-elmas-demirin-cenazesi-eskisehire-getirildi-1-1024x576.jpg\" class=\"aligncenter wp-image-151279\" alt=\"KKTC&#039;deki gemi kazas\u0131nda hayat\u0131n\u0131 kaybeden Elmas Demir&#039;in cenazesi Eski\u015fehir&#039;e getirildi\" loading=\"lazy\" srcset=\"https:\/\/www.kibrishost.com\/tak\/wp-content\/uploads\/2026\/09\/kktcdeki-gemi-kazasinda-hayatini-kaybeden-elmas-demirin-cenazesi-eskisehire-getirildi-1-1024x576.jpg 1024w, https:\/\/www.kibrishost.com\/tak\/wp-content\/uploads\/2026\/09\/kktcdeki-gemi-kazasinda-hayatini-kaybeden-elmas-demirin-cenazesi-eskisehire-getirildi-1-300x169.jpg 300w, https:\/\/www.kibrishost.com\/tak\/wp-content\/uploads\/2026\/09\/kktcdeki-gemi-kazasinda-hayatini-kaybeden-elmas-demirin-cenazesi-eskisehire-getirildi-1-768x432.jpg 768w, https:\/\/www.kibrishost.com\/tak\/wp-content\/uploads\/2026\/09\/kktcdeki-gemi-kazasinda-hayatini-kaybeden-elmas-demirin-cenazesi-eskisehire-getirildi-1-1536x864.jpg 1536w, https:\/\/www.kibrishost.com\/tak\/wp-content\/uploads\/2026\/09\/kktcdeki-gemi-kazasinda-hayatini-kaybeden-elmas-demirin-cenazesi-eskisehire-getirildi-1-2048x1152.jpg 2048w, https:\/\/www.kibrishost.com\/tak\/wp-content\/uploads\/2026\/09\/kktcdeki-gemi-kazasinda-hayatini-kaybeden-elmas-demirin-cenazesi-eskisehire-getirildi-1-390x220.jpg 390w\" sizes=\"(max-width: 1024px) 100vw, 1024px\" \/><\/p>\n","protected":false},"excerpt":{"rendered":"<p>Girne Liman\u0131 a\u00e7\u0131\u011f\u0131nda yolcu gemisinin alabora olmas\u0131 sonucu kaybolan ve denizden cans\u0131z bedeni \u00e7\u0131kar\u0131lan 58 ya\u015f\u0131ndaki Elmas Demir&#8217;in cenazesi memleketi Eski\u015fehir&#8217;e getirildi. KKTC&#8217;nin Girne Liman\u0131&#8217;ndan Mersin&#8217;in Silifke il\u00e7esindeki Ta\u015fucu Liman\u0131&#8217;na gitmek i\u00e7in demir alan &#8220;Filo Jet&#8221; isimli geminin 30 A\u011fustos&#8217;ta alabora oldu\u011fu kazada kaybolan 5 \u00e7ocuk annesi Elmas Demir&#8217;in cenazesine b\u00f6lgede y\u00fcr\u00fct\u00fclen arama kurtarma \u00e7al\u0131\u015fmalar\u0131 &hellip;<\/p>\n","protected":false},"author":1,"featured_media":151278,"comment_status":"open","ping_status":"open","sticky":false,"template":"","format":"standard","meta":{"footnotes":""},"categories":[2],"tags":[6411,34774,8902,30388,16445,387,676,3634,1972,2280],"class_list":["post-151277","post","type-post","status-publish","format-standard","has-post-thumbnail","hentry","category-kibris","tag-cenazesi","tag-demirin","tag-elmas","tag-eskisehire","tag-gemi","tag-getirildi","tag-hayatini","tag-kaybeden","tag-kazasinda","tag-kktcdeki"],"_links":{"self":[{"href":"https:\/\/www.kibrishost.com\/tak\/wp-json\/wp\/v2\/posts\/151277"}],"collection":[{"href":"https:\/\/www.kibrishost.com\/tak\/wp-json\/wp\/v2\/posts"}],"about":[{"href":"https:\/\/www.kibrishost.com\/tak\/wp-json\/wp\/v2\/types\/post"}],"author":[{"embeddable":true,"href":"https:\/\/www.kibrishost.com\/tak\/wp-json\/wp\/v2\/users\/1"}],"replies":[{"embeddable":true,"href":"https:\/\/www.kibrishost.com\/tak\/wp-json\/wp\/v2\/comments?post=151277"}],"version-history":[{"count":1,"href":"https:\/\/www.kibrishost.com\/tak\/wp-json\/wp\/v2\/posts\/151277\/revisions"}],"predecessor-version":[{"id":151280,"href":"https:\/\/www.kibrishost.com\/tak\/wp-json\/wp\/v2\/posts\/151277\/revisions\/151280"}],"wp:featuredmedia":[{"embeddable":true,"href":"https:\/\/www.kibrishost.com\/tak\/wp-json\/wp\/v2\/media\/151278"}],"wp:attachment":[{"href":"https:\/\/www.kibrishost.com\/tak\/wp-json\/wp\/v2\/media?parent=151277"}],"wp:term":[{"taxonomy":"category","embeddable":true,"href":"https:\/\/www.kibrishost.com\/tak\/wp-json\/wp\/v2\/categories?post=151277"},{"taxonomy":"post_tag","embeddable":true,"href":"https:\/\/www.kibrishost.com\/tak\/wp-json\/wp\/v2\/tags?post=151277"}],"curies":[{"name":"wp","href":"https:\/\/api.w.org\/{rel}","templated":true}]}}