{"id":151273,"date":"2026-09-04T22:25:17","date_gmt":"2026-09-04T19:25:17","guid":{"rendered":"https:\/\/www.kibrishost.com\/tak\/ustel-arama-calismalarinda-bulunan-naaslar-serife-ozdemir-ve-nazmiye-ozbolata-ait\/"},"modified":"2026-09-04T22:25:17","modified_gmt":"2026-09-04T19:25:17","slug":"ustel-arama-calismalarinda-bulunan-naaslar-serife-ozdemir-ve-nazmiye-ozbolata-ait","status":"publish","type":"post","link":"https:\/\/www.kibrishost.com\/tak\/ustel-arama-calismalarinda-bulunan-naaslar-serife-ozdemir-ve-nazmiye-ozbolata-ait\/","title":{"rendered":"\u00dcstel: Arama \u00e7al\u0131\u015fmalar\u0131nda bulunan naa\u015flar \u015eerife \u00d6zdemir ve Nazmiye \u00d6zbolat\u2019a ait"},"content":{"rendered":"<p>Girne a\u00e7\u0131klar\u0131nda meydana gelen deniz facias\u0131n\u0131n ard\u0131ndan y\u00fcr\u00fct\u00fclen arama \u00e7al\u0131\u015fmalar\u0131nda da bu sabah ula\u015f\u0131lan iki kad\u0131n naa\u015f\u0131n\u0131n \u015eerife \u00d6zdemir ve Nazmiye \u00d6zbolat\u2019a ait oldu\u011fu belirlendi.<\/p>\n<p>Ba\u015fbakan \u00dcnal \u00dcstel, Girne a\u00e7\u0131klar\u0131nda meydana gelen deniz kazas\u0131nda bu sabah ula\u015f\u0131lan iki kad\u0131n naa\u015f\u0131n\u0131n kimlik tespit \u00e7al\u0131\u015fmalar\u0131n\u0131n tamamland\u0131\u011f\u0131n\u0131 a\u00e7\u0131klad\u0131.<\/p>\n<p>\u00dcstel, Polis Te\u015fkilat\u0131 taraf\u0131ndan y\u00fcr\u00fct\u00fclen \u00e7al\u0131\u015fmalar sonucunda, bu sabah ula\u015f\u0131lan naa\u015flar\u0131n \u015eerife \u00d6zdemir ve Nazmiye \u00d6zbolat\u2019a ait oldu\u011funun belirlendi\u011fini ve \u00a0ailelere gerekli bilgilendirmenin yap\u0131ld\u0131\u011f\u0131n\u0131 belirtti.\u00a0 \u00dcstel, \u201cMerhumelere Allah\u2019tan rahmet, yasl\u0131 ailelerine ve yak\u0131nlar\u0131na sab\u0131r ve ba\u015fsa\u011fl\u0131\u011f\u0131 diliyoruz\u201d dedi.<\/p>\n<p>Yap\u0131lan kimlik tespit \u00e7al\u0131\u015fmalar\u0131n\u0131n ard\u0131ndan, kazada hayat\u0131n\u0131 kaybedenlerin say\u0131s\u0131n\u0131n 12\u2019ye, kay\u0131plar\u0131n ise 16\u2019ya y\u00fckseldi\u011fini belirten \u00dcstel, \u00a0a\u00e7\u0131klamas\u0131n\u0131 \u015f\u00f6yle s\u00fcrd\u00fcrd\u00fc:<\/p>\n<p>\u201cKay\u0131p insanlar\u0131m\u0131za ula\u015fmak amac\u0131yla y\u00fcr\u00fct\u00fclen arama \u00e7al\u0131\u015fmalar\u0131, T\u00fcrkiye Cumhuriyeti\u2019nin g\u00fc\u00e7l\u00fc deste\u011fi ve ilgili t\u00fcm birimlerimizin kat\u0131l\u0131m\u0131yla 7 g\u00fcn 24 saat esas\u0131na g\u00f6re, hi\u00e7 ara verilmeden devam etmektedir. Sahadaki geli\u015fmeleri anbean takip ediyor, t\u00fcm imkanlar\u0131m\u0131zla kay\u0131p insanlar\u0131m\u0131za ula\u015fmak i\u00e7in \u00e7al\u0131\u015fmalar\u0131m\u0131z\u0131 s\u00fcrd\u00fcr\u00fcyoruz. \u00a0Milletimizin bir kez daha ba\u015f\u0131 sa\u011f olsun.\u201d<\/p><\/p>\n","protected":false},"excerpt":{"rendered":"<p>Girne a\u00e7\u0131klar\u0131nda meydana gelen deniz facias\u0131n\u0131n ard\u0131ndan y\u00fcr\u00fct\u00fclen arama \u00e7al\u0131\u015fmalar\u0131nda da bu sabah ula\u015f\u0131lan iki kad\u0131n naa\u015f\u0131n\u0131n \u015eerife \u00d6zdemir ve Nazmiye \u00d6zbolat\u2019a ait oldu\u011fu belirlendi. Ba\u015fbakan \u00dcnal \u00dcstel, Girne a\u00e7\u0131klar\u0131nda meydana gelen deniz kazas\u0131nda bu sabah ula\u015f\u0131lan iki kad\u0131n naa\u015f\u0131n\u0131n kimlik tespit \u00e7al\u0131\u015fmalar\u0131n\u0131n tamamland\u0131\u011f\u0131n\u0131 a\u00e7\u0131klad\u0131. \u00dcstel, Polis Te\u015fkilat\u0131 taraf\u0131ndan y\u00fcr\u00fct\u00fclen \u00e7al\u0131\u015fmalar sonucunda, bu sabah ula\u015f\u0131lan &hellip;<\/p>\n","protected":false},"author":1,"featured_media":151274,"comment_status":"open","ping_status":"open","sticky":false,"template":"","format":"standard","meta":{"footnotes":""},"categories":[2],"tags":[63,4573,1726,23307,48804,48805,48806,14758,36784,1016],"class_list":["post-151273","post","type-post","status-publish","format-standard","has-post-thumbnail","hentry","category-kibris","tag-ait","tag-arama","tag-bulunan","tag-calismalarinda","tag-naaslar","tag-nazmiye","tag-ozbolata","tag-ozdemir","tag-serife","tag-ustel"],"_links":{"self":[{"href":"https:\/\/www.kibrishost.com\/tak\/wp-json\/wp\/v2\/posts\/151273"}],"collection":[{"href":"https:\/\/www.kibrishost.com\/tak\/wp-json\/wp\/v2\/posts"}],"about":[{"href":"https:\/\/www.kibrishost.com\/tak\/wp-json\/wp\/v2\/types\/post"}],"author":[{"embeddable":true,"href":"https:\/\/www.kibrishost.com\/tak\/wp-json\/wp\/v2\/users\/1"}],"replies":[{"embeddable":true,"href":"https:\/\/www.kibrishost.com\/tak\/wp-json\/wp\/v2\/comments?post=151273"}],"version-history":[{"count":0,"href":"https:\/\/www.kibrishost.com\/tak\/wp-json\/wp\/v2\/posts\/151273\/revisions"}],"wp:featuredmedia":[{"embeddable":true,"href":"https:\/\/www.kibrishost.com\/tak\/wp-json\/wp\/v2\/media\/151274"}],"wp:attachment":[{"href":"https:\/\/www.kibrishost.com\/tak\/wp-json\/wp\/v2\/media?parent=151273"}],"wp:term":[{"taxonomy":"category","embeddable":true,"href":"https:\/\/www.kibrishost.com\/tak\/wp-json\/wp\/v2\/categories?post=151273"},{"taxonomy":"post_tag","embeddable":true,"href":"https:\/\/www.kibrishost.com\/tak\/wp-json\/wp\/v2\/tags?post=151273"}],"curies":[{"name":"wp","href":"https:\/\/api.w.org\/{rel}","templated":true}]}}