{"id":151271,"date":"2026-09-04T22:25:11","date_gmt":"2026-09-04T19:25:11","guid":{"rendered":"https:\/\/www.kibrishost.com\/tak\/icisleri-bakanligi-muzik-yasaginin-uzatildigini-acikladi\/"},"modified":"2026-09-04T22:25:11","modified_gmt":"2026-09-04T19:25:11","slug":"icisleri-bakanligi-muzik-yasaginin-uzatildigini-acikladi","status":"publish","type":"post","link":"https:\/\/www.kibrishost.com\/tak\/icisleri-bakanligi-muzik-yasaginin-uzatildigini-acikladi\/","title":{"rendered":"\u0130\u00e7i\u015fleri Bakanl\u0131\u011f\u0131 m\u00fczik yasa\u011f\u0131n\u0131n uzat\u0131ld\u0131\u011f\u0131n\u0131 a\u00e7\u0131klad\u0131"},"content":{"rendered":"<p>\u0130\u00e7i\u015fleri Bakanl\u0131\u011f\u0131na ba\u011fl\u0131 Lefko\u015fa Merkez Kaymakaml\u0131\u011f\u0131, Girne a\u00e7\u0131klar\u0131nda meydana gelen elim deniz kazas\u0131 nedeniyle uygulanan m\u00fczik yay\u0131n\u0131 ve e\u011flence yasa\u011f\u0131n\u0131n 9 Eyl\u00fcl 2026 \u00c7ar\u015famba g\u00fcn\u00fc saat 00.00\u2019a kadar uzat\u0131ld\u0131\u011f\u0131n\u0131 duyurdu.<\/p>\n<p>Karar kapsam\u0131nda, d\u00fc\u011f\u00fcn salonlar\u0131nda ger\u00e7ekle\u015ftirilen d\u00fc\u011f\u00fcnler hari\u00e7 olmak \u00fczere; konut, i\u015f yeri, restoran, kafe, bar, e\u011flence mek\u00e2nlar\u0131 ve benzeri yerlerde her t\u00fcrl\u00fc m\u00fczik yay\u0131n\u0131 yasakland\u0131.<\/p>\n<p>Merkez Kaymakaml\u0131\u011f\u0131, t\u00fcm ki\u015fi, kurum ve i\u015fletmelerden karara hassasiyetle uymalar\u0131n\u0131 istedi.<\/p><\/p>\n","protected":false},"excerpt":{"rendered":"<p>\u0130\u00e7i\u015fleri Bakanl\u0131\u011f\u0131na ba\u011fl\u0131 Lefko\u015fa Merkez Kaymakaml\u0131\u011f\u0131, Girne a\u00e7\u0131klar\u0131nda meydana gelen elim deniz kazas\u0131 nedeniyle uygulanan m\u00fczik yay\u0131n\u0131 ve e\u011flence yasa\u011f\u0131n\u0131n 9 Eyl\u00fcl 2026 \u00c7ar\u015famba g\u00fcn\u00fc saat 00.00\u2019a kadar uzat\u0131ld\u0131\u011f\u0131n\u0131 duyurdu. Karar kapsam\u0131nda, d\u00fc\u011f\u00fcn salonlar\u0131nda ger\u00e7ekle\u015ftirilen d\u00fc\u011f\u00fcnler hari\u00e7 olmak \u00fczere; konut, i\u015f yeri, restoran, kafe, bar, e\u011flence mek\u00e2nlar\u0131 ve benzeri yerlerde her t\u00fcrl\u00fc m\u00fczik yay\u0131n\u0131 yasakland\u0131. &hellip;<\/p>\n","protected":false},"author":1,"featured_media":151272,"comment_status":"open","ping_status":"open","sticky":false,"template":"","format":"standard","meta":{"footnotes":""},"categories":[2],"tags":[1587,1020,1289,1617,4758,9015],"class_list":["post-151271","post","type-post","status-publish","format-standard","has-post-thumbnail","hentry","category-kibris","tag-acikladi","tag-bakanligi","tag-icisleri","tag-muzik","tag-uzatildigini","tag-yasaginin"],"_links":{"self":[{"href":"https:\/\/www.kibrishost.com\/tak\/wp-json\/wp\/v2\/posts\/151271"}],"collection":[{"href":"https:\/\/www.kibrishost.com\/tak\/wp-json\/wp\/v2\/posts"}],"about":[{"href":"https:\/\/www.kibrishost.com\/tak\/wp-json\/wp\/v2\/types\/post"}],"author":[{"embeddable":true,"href":"https:\/\/www.kibrishost.com\/tak\/wp-json\/wp\/v2\/users\/1"}],"replies":[{"embeddable":true,"href":"https:\/\/www.kibrishost.com\/tak\/wp-json\/wp\/v2\/comments?post=151271"}],"version-history":[{"count":0,"href":"https:\/\/www.kibrishost.com\/tak\/wp-json\/wp\/v2\/posts\/151271\/revisions"}],"wp:featuredmedia":[{"embeddable":true,"href":"https:\/\/www.kibrishost.com\/tak\/wp-json\/wp\/v2\/media\/151272"}],"wp:attachment":[{"href":"https:\/\/www.kibrishost.com\/tak\/wp-json\/wp\/v2\/media?parent=151271"}],"wp:term":[{"taxonomy":"category","embeddable":true,"href":"https:\/\/www.kibrishost.com\/tak\/wp-json\/wp\/v2\/categories?post=151271"},{"taxonomy":"post_tag","embeddable":true,"href":"https:\/\/www.kibrishost.com\/tak\/wp-json\/wp\/v2\/tags?post=151271"}],"curies":[{"name":"wp","href":"https:\/\/api.w.org\/{rel}","templated":true}]}}