{"id":151267,"date":"2026-09-04T19:10:12","date_gmt":"2026-09-04T16:10:12","guid":{"rendered":"https:\/\/www.kibrishost.com\/tak\/zelenskiy-rusya-ukrayna-guvenlik-servisinin-merkez-binasini-vurdu\/"},"modified":"2026-09-04T19:10:12","modified_gmt":"2026-09-04T16:10:12","slug":"zelenskiy-rusya-ukrayna-guvenlik-servisinin-merkez-binasini-vurdu","status":"publish","type":"post","link":"https:\/\/www.kibrishost.com\/tak\/zelenskiy-rusya-ukrayna-guvenlik-servisinin-merkez-binasini-vurdu\/","title":{"rendered":"Zelenskiy: &#8220;Rusya, Ukrayna G\u00fcvenlik Servisi&#8217;nin merkez binas\u0131n\u0131 vurdu&#8221;"},"content":{"rendered":"<p>Ukrayna Devlet Ba\u015fkan\u0131 Volodimir Zelenskiy, Rusya&#8217;n\u0131n, Ukrayna G\u00fcvenlik Servisi&#8217;nin (SBU) merkez binas\u0131n\u0131 vurdu\u011funu ve misillemede bulunacaklar\u0131n\u0131 duyurdu.<\/p>\n<p>Zelenskiy, Rusya&#8217;n\u0131n, Ukrayna G\u00fcvenlik Servisi&#8217;nin ba\u015fkent Kiev&#8217;deki merkez binas\u0131na insans\u0131z hava arac\u0131 sald\u0131r\u0131s\u0131 d\u00fczenlendi\u011fini, sald\u0131r\u0131da SBU Ba\u015fkan\u0131 Oleksandr Poklad&#8217;\u0131n odas\u0131n\u0131n hedef al\u0131nd\u0131\u011f\u0131n\u0131 bildirdi.<\/p>\n<p>Sald\u0131r\u0131n\u0131n ard\u0131ndan t\u00fcm acil servislerin olay yerine intikal etti\u011fini belirten Zelenskiy, yaral\u0131lara gerekli yard\u0131m\u0131n sa\u011fland\u0131\u011f\u0131n\u0131 kaydetti.<\/p>\n<p>Zelenskiy, SBU Ba\u015fkan\u0131 Poklad&#8217;la bir araya gelerek, sald\u0131r\u0131ya &#8220;yeterli, dikkat \u00e7ekici ve m\u00fcmk\u00fcnse ayn\u0131 \u015fekilde&#8221; misilleme yap\u0131lmas\u0131 talimat\u0131n\u0131 verdi\u011fini aktard\u0131.<\/p>\n<p>Misilleme yapacaklar\u0131 konumu da belirlediklerini s\u00f6yleyen Zelenskiy, sonu\u00e7 al\u0131nabilmesi i\u00e7in uygun zaman\u0131 bekleyeceklerini ifade etti.<\/p>\n<p>\u00d6te yandan Kiev Belediye Ba\u015fkan\u0131 Vitali Kli\u00e7ko, sosyal medya hesaplar\u0131ndan SBU binas\u0131na yap\u0131lan sald\u0131r\u0131da 9 ki\u015finin yaraland\u0131\u011f\u0131n\u0131 a\u00e7\u0131klad\u0131.<\/p><\/p>\n","protected":false},"excerpt":{"rendered":"<p>Ukrayna Devlet Ba\u015fkan\u0131 Volodimir Zelenskiy, Rusya&#8217;n\u0131n, Ukrayna G\u00fcvenlik Servisi&#8217;nin (SBU) merkez binas\u0131n\u0131 vurdu\u011funu ve misillemede bulunacaklar\u0131n\u0131 duyurdu. Zelenskiy, Rusya&#8217;n\u0131n, Ukrayna G\u00fcvenlik Servisi&#8217;nin ba\u015fkent Kiev&#8217;deki merkez binas\u0131na insans\u0131z hava arac\u0131 sald\u0131r\u0131s\u0131 d\u00fczenlendi\u011fini, sald\u0131r\u0131da SBU Ba\u015fkan\u0131 Oleksandr Poklad&#8217;\u0131n odas\u0131n\u0131n hedef al\u0131nd\u0131\u011f\u0131n\u0131 bildirdi. Sald\u0131r\u0131n\u0131n ard\u0131ndan t\u00fcm acil servislerin olay yerine intikal etti\u011fini belirten Zelenskiy, yaral\u0131lara gerekli yard\u0131m\u0131n sa\u011fland\u0131\u011f\u0131n\u0131 &hellip;<\/p>\n","protected":false},"author":1,"featured_media":151268,"comment_status":"open","ping_status":"open","sticky":false,"template":"","format":"standard","meta":{"footnotes":""},"categories":[4],"tags":[9135,734,2664,718,47041,765,3083,941],"class_list":["post-151267","post","type-post","status-publish","format-standard","has-post-thumbnail","hentry","category-dunya","tag-binasini","tag-guvenlik","tag-merkez","tag-rusya","tag-servisinin","tag-ukrayna","tag-vurdu","tag-zelenskiy"],"_links":{"self":[{"href":"https:\/\/www.kibrishost.com\/tak\/wp-json\/wp\/v2\/posts\/151267"}],"collection":[{"href":"https:\/\/www.kibrishost.com\/tak\/wp-json\/wp\/v2\/posts"}],"about":[{"href":"https:\/\/www.kibrishost.com\/tak\/wp-json\/wp\/v2\/types\/post"}],"author":[{"embeddable":true,"href":"https:\/\/www.kibrishost.com\/tak\/wp-json\/wp\/v2\/users\/1"}],"replies":[{"embeddable":true,"href":"https:\/\/www.kibrishost.com\/tak\/wp-json\/wp\/v2\/comments?post=151267"}],"version-history":[{"count":0,"href":"https:\/\/www.kibrishost.com\/tak\/wp-json\/wp\/v2\/posts\/151267\/revisions"}],"wp:featuredmedia":[{"embeddable":true,"href":"https:\/\/www.kibrishost.com\/tak\/wp-json\/wp\/v2\/media\/151268"}],"wp:attachment":[{"href":"https:\/\/www.kibrishost.com\/tak\/wp-json\/wp\/v2\/media?parent=151267"}],"wp:term":[{"taxonomy":"category","embeddable":true,"href":"https:\/\/www.kibrishost.com\/tak\/wp-json\/wp\/v2\/categories?post=151267"},{"taxonomy":"post_tag","embeddable":true,"href":"https:\/\/www.kibrishost.com\/tak\/wp-json\/wp\/v2\/tags?post=151267"}],"curies":[{"name":"wp","href":"https:\/\/api.w.org\/{rel}","templated":true}]}}