{"id":151265,"date":"2026-09-04T18:25:11","date_gmt":"2026-09-04T15:25:11","guid":{"rendered":"https:\/\/www.kibrishost.com\/tak\/ldhden-filo-jet-faciasiyla-ilgili-cagri-dosya-bastan-sona-acilmalidir\/"},"modified":"2026-09-04T18:25:11","modified_gmt":"2026-09-04T15:25:11","slug":"ldhden-filo-jet-faciasiyla-ilgili-cagri-dosya-bastan-sona-acilmalidir","status":"publish","type":"post","link":"https:\/\/www.kibrishost.com\/tak\/ldhden-filo-jet-faciasiyla-ilgili-cagri-dosya-bastan-sona-acilmalidir\/","title":{"rendered":"LDH\u2019den Filo Jet facias\u0131yla ilgili \u00e7a\u011fr\u0131: \u201cDosya ba\u015ftan sona a\u00e7\u0131lmal\u0131d\u0131r\u201d"},"content":{"rendered":"<p>Liberal Demokrasi Hareketi (LDH), Filo Jet facias\u0131yla ilgili t\u00fcm s\u00fcrecin ara\u015ft\u0131r\u0131larak sorumlular\u0131n ortaya \u00e7\u0131kar\u0131lmas\u0131 ve Filo Jet dosyas\u0131n\u0131n ba\u015ftan sona a\u00e7\u0131lmas\u0131 \u00e7a\u011fr\u0131s\u0131nda bulundu.<\/p>\n<p>LDH\u2019den yap\u0131lan a\u00e7\u0131klamada, hayat\u0131n\u0131 kaybedenlerin ailelerine ba\u015fsa\u011fl\u0131\u011f\u0131 dilenirken, kay\u0131p ki\u015filerin bulunmas\u0131 temenni edildi.<\/p>\n<p>\u201cYas tutarken susmayaca\u011f\u0131z\u201d ba\u015fl\u0131\u011f\u0131yla yap\u0131lan a\u00e7\u0131klamada, geminin daha \u00f6nce su ald\u0131\u011f\u0131, motor ve d\u00fcmen sorunlar\u0131n\u0131n bilindi\u011fi, sefere \u00e7\u0131k\u0131lmamas\u0131 y\u00f6n\u00fcnde uyar\u0131 yap\u0131ld\u0131\u011f\u0131 ve baz\u0131 belgelerin eksik oldu\u011funa ili\u015fkin ifadelerin soru\u015fturma dosyas\u0131nda yer ald\u0131\u011f\u0131 belirtildi.<\/p>\n<p>Buna ra\u011fmen geminin Girne Liman\u0131\u2019ndan yolcular\u0131yla sefere \u00e7\u0131kt\u0131\u011f\u0131 kaydedilen a\u00e7\u0131klamada, \u201cBunun siyasi sorumlulu\u011fu vard\u0131r.\u201d ifadeleri kullan\u0131ld\u0131.<\/p>\n<p>Eski Bay\u0131nd\u0131rl\u0131k ve Ula\u015ft\u0131rma Bakan\u0131 Erhan Ar\u0131kl\u0131\u2019n\u0131n facian\u0131n ard\u0131ndan yapt\u0131\u011f\u0131 a\u00e7\u0131klamalar\u0131 da ele\u015ftiren LDH, Ar\u0131kl\u0131\u2019n\u0131n g\u00f6revden al\u0131nmas\u0131n\u0131n soru\u015fturman\u0131n \u201c\u015feffaf ve sa\u011fl\u0131kl\u0131 y\u00fcr\u00fct\u00fclebilmesi a\u00e7\u0131s\u0131ndan gerekli bir ad\u0131m\u201d oldu\u011funu savundu.<\/p>\n<p>A\u00e7\u0131klamada, bu ad\u0131m\u0131n h\u00fck\u00fcmetin siyasi sorumlulu\u011funu ortadan kald\u0131rmayaca\u011f\u0131 ileri s\u00fcr\u00fclerek, h\u00fck\u00fcmete y\u00f6nelik ele\u015ftirilerde bulunuldu.<\/p>\n<p>Filo Jet dosyas\u0131n\u0131n kaptandan \u015firkete, denet\u00e7iden Limanlar Dairesi\u2019ne, Bakanl\u0131ktan h\u00fck\u00fcmete kadar t\u00fcm y\u00f6nleriyle ele al\u0131nmas\u0131 gerekti\u011fi g\u00f6r\u00fc\u015f\u00fcn\u00fc dile getiren LDH, \u201c<strong>Filo Jet dosyas\u0131 ba\u015ftan sona a\u00e7\u0131lmal\u0131d\u0131r<\/strong>. Kim neyi biliyordu, hangi belgeye kim imza att\u0131, hangi denetim yap\u0131ld\u0131, hangi sorumluluk yerine getirilmedi; hepsi ortaya \u00e7\u0131kar\u0131lmal\u0131d\u0131r.\u201d ifadelerini kulland\u0131.<\/p><\/p>\n","protected":false},"excerpt":{"rendered":"<p>Liberal Demokrasi Hareketi (LDH), Filo Jet facias\u0131yla ilgili t\u00fcm s\u00fcrecin ara\u015ft\u0131r\u0131larak sorumlular\u0131n ortaya \u00e7\u0131kar\u0131lmas\u0131 ve Filo Jet dosyas\u0131n\u0131n ba\u015ftan sona a\u00e7\u0131lmas\u0131 \u00e7a\u011fr\u0131s\u0131nda bulundu. LDH\u2019den yap\u0131lan a\u00e7\u0131klamada, hayat\u0131n\u0131 kaybedenlerin ailelerine ba\u015fsa\u011fl\u0131\u011f\u0131 dilenirken, kay\u0131p ki\u015filerin bulunmas\u0131 temenni edildi. \u201cYas tutarken susmayaca\u011f\u0131z\u201d ba\u015fl\u0131\u011f\u0131yla yap\u0131lan a\u00e7\u0131klamada, geminin daha \u00f6nce su ald\u0131\u011f\u0131, motor ve d\u00fcmen sorunlar\u0131n\u0131n bilindi\u011fi, sefere \u00e7\u0131k\u0131lmamas\u0131 y\u00f6n\u00fcnde &hellip;<\/p>\n","protected":false},"author":1,"featured_media":151266,"comment_status":"open","ping_status":"open","sticky":false,"template":"","format":"standard","meta":{"footnotes":""},"categories":[2],"tags":[48803,34583,560,18004,48630,34857,2322,8021,48524,1323],"class_list":["post-151265","post","type-post","status-publish","format-standard","has-post-thumbnail","hentry","category-kibris","tag-acilmalidir","tag-bastan","tag-cagri","tag-dosya","tag-faciasiyla","tag-filo","tag-ilgili","tag-jet","tag-ldhden","tag-sona"],"_links":{"self":[{"href":"https:\/\/www.kibrishost.com\/tak\/wp-json\/wp\/v2\/posts\/151265"}],"collection":[{"href":"https:\/\/www.kibrishost.com\/tak\/wp-json\/wp\/v2\/posts"}],"about":[{"href":"https:\/\/www.kibrishost.com\/tak\/wp-json\/wp\/v2\/types\/post"}],"author":[{"embeddable":true,"href":"https:\/\/www.kibrishost.com\/tak\/wp-json\/wp\/v2\/users\/1"}],"replies":[{"embeddable":true,"href":"https:\/\/www.kibrishost.com\/tak\/wp-json\/wp\/v2\/comments?post=151265"}],"version-history":[{"count":0,"href":"https:\/\/www.kibrishost.com\/tak\/wp-json\/wp\/v2\/posts\/151265\/revisions"}],"wp:featuredmedia":[{"embeddable":true,"href":"https:\/\/www.kibrishost.com\/tak\/wp-json\/wp\/v2\/media\/151266"}],"wp:attachment":[{"href":"https:\/\/www.kibrishost.com\/tak\/wp-json\/wp\/v2\/media?parent=151265"}],"wp:term":[{"taxonomy":"category","embeddable":true,"href":"https:\/\/www.kibrishost.com\/tak\/wp-json\/wp\/v2\/categories?post=151265"},{"taxonomy":"post_tag","embeddable":true,"href":"https:\/\/www.kibrishost.com\/tak\/wp-json\/wp\/v2\/tags?post=151265"}],"curies":[{"name":"wp","href":"https:\/\/api.w.org\/{rel}","templated":true}]}}