{"id":151263,"date":"2026-09-04T18:20:20","date_gmt":"2026-09-04T15:20:20","guid":{"rendered":"https:\/\/www.kibrishost.com\/tak\/melih-gokcek-ifade-vermek-icin-ankara-adliyesinde\/"},"modified":"2026-09-04T18:20:20","modified_gmt":"2026-09-04T15:20:20","slug":"melih-gokcek-ifade-vermek-icin-ankara-adliyesinde","status":"publish","type":"post","link":"https:\/\/www.kibrishost.com\/tak\/melih-gokcek-ifade-vermek-icin-ankara-adliyesinde\/","title":{"rendered":"Melih G\u00f6k\u00e7ek ifade vermek i\u00e7in Ankara Adliyesinde"},"content":{"rendered":"<p>Eski Ankara B\u00fcy\u00fck\u015fehir Belediye Ba\u015fkan\u0131 \u0130brahim Melih G\u00f6k\u00e7ek, Ankara Adliyesinde &#8220;\u015f\u00fcpheli&#8221; s\u0131fat\u0131yla ifade vermeye ba\u015flad\u0131.<\/p>\n<p>AA\u2019n\u0131n aktard\u0131\u011f\u0131na g\u00f6re G\u00f6k\u00e7ek, Ankara Cumhuriyet Ba\u015fsavc\u0131l\u0131\u011f\u0131nca hakk\u0131nda ba\u015flat\u0131lan soru\u015fturma kapsam\u0131nda ifade vermek \u00fczere avukat\u0131yla birlikte S\u0131hhiye&#8217;deki Ankara Adliyesine geldi.<\/p>\n<p>Adliye \u00f6n\u00fcnde bekleyen gazetecilerin sorular\u0131n\u0131 yan\u0131tlamayan G\u00f6k\u00e7ek, adliyede ba\u015fsavc\u0131 vekillerinin bulundu\u011fu koridora ge\u00e7ti. \u0130brahim Melih G\u00f6k\u00e7ek&#8217;in ifadesinin al\u0131nmas\u0131na ba\u015fland\u0131.<\/p>\n<p>Ankara Cumhuriyet Ba\u015fsavc\u0131l\u0131\u011f\u0131, G\u00f6k\u00e7ek hakk\u0131nda &#8220;yurt d\u0131\u015f\u0131ndaki \u015firketlere kay\u0131t d\u0131\u015f\u0131 para aktar\u0131ld\u0131\u011f\u0131&#8221; iddialar\u0131na ili\u015fkin soru\u015fturma ba\u015flatm\u0131\u015ft\u0131.<\/p>\n<p>Bu kapsamda G\u00f6k\u00e7ek, &#8220;\u015f\u00fcpheli&#8221; s\u0131fat\u0131yla ifade vermek \u00fczere Ankara Adliyesine \u00e7a\u011fr\u0131lm\u0131\u015ft\u0131.<\/p><\/p>\n","protected":false},"excerpt":{"rendered":"<p>Eski Ankara B\u00fcy\u00fck\u015fehir Belediye Ba\u015fkan\u0131 \u0130brahim Melih G\u00f6k\u00e7ek, Ankara Adliyesinde &#8220;\u015f\u00fcpheli&#8221; s\u0131fat\u0131yla ifade vermeye ba\u015flad\u0131. AA\u2019n\u0131n aktard\u0131\u011f\u0131na g\u00f6re G\u00f6k\u00e7ek, Ankara Cumhuriyet Ba\u015fsavc\u0131l\u0131\u011f\u0131nca hakk\u0131nda ba\u015flat\u0131lan soru\u015fturma kapsam\u0131nda ifade vermek \u00fczere avukat\u0131yla birlikte S\u0131hhiye&#8217;deki Ankara Adliyesine geldi. Adliye \u00f6n\u00fcnde bekleyen gazetecilerin sorular\u0131n\u0131 yan\u0131tlamayan G\u00f6k\u00e7ek, adliyede ba\u015fsavc\u0131 vekillerinin bulundu\u011fu koridora ge\u00e7ti. \u0130brahim Melih G\u00f6k\u00e7ek&#8217;in ifadesinin al\u0131nmas\u0131na ba\u015fland\u0131. Ankara &hellip;<\/p>\n","protected":false},"author":1,"featured_media":151264,"comment_status":"open","ping_status":"open","sticky":false,"template":"","format":"standard","meta":{"footnotes":""},"categories":[3],"tags":[9971,48802,48593,116,4700,48801,5847],"class_list":["post-151263","post","type-post","status-publish","format-standard","has-post-thumbnail","hentry","category-turkiye","tag-ankara","tag-adliyesinde","tag-gokcek","tag-icin","tag-ifade","tag-melih","tag-vermek"],"_links":{"self":[{"href":"https:\/\/www.kibrishost.com\/tak\/wp-json\/wp\/v2\/posts\/151263"}],"collection":[{"href":"https:\/\/www.kibrishost.com\/tak\/wp-json\/wp\/v2\/posts"}],"about":[{"href":"https:\/\/www.kibrishost.com\/tak\/wp-json\/wp\/v2\/types\/post"}],"author":[{"embeddable":true,"href":"https:\/\/www.kibrishost.com\/tak\/wp-json\/wp\/v2\/users\/1"}],"replies":[{"embeddable":true,"href":"https:\/\/www.kibrishost.com\/tak\/wp-json\/wp\/v2\/comments?post=151263"}],"version-history":[{"count":0,"href":"https:\/\/www.kibrishost.com\/tak\/wp-json\/wp\/v2\/posts\/151263\/revisions"}],"wp:featuredmedia":[{"embeddable":true,"href":"https:\/\/www.kibrishost.com\/tak\/wp-json\/wp\/v2\/media\/151264"}],"wp:attachment":[{"href":"https:\/\/www.kibrishost.com\/tak\/wp-json\/wp\/v2\/media?parent=151263"}],"wp:term":[{"taxonomy":"category","embeddable":true,"href":"https:\/\/www.kibrishost.com\/tak\/wp-json\/wp\/v2\/categories?post=151263"},{"taxonomy":"post_tag","embeddable":true,"href":"https:\/\/www.kibrishost.com\/tak\/wp-json\/wp\/v2\/tags?post=151263"}],"curies":[{"name":"wp","href":"https:\/\/api.w.org\/{rel}","templated":true}]}}