{"id":151243,"date":"2026-09-04T16:45:11","date_gmt":"2026-09-04T13:45:11","guid":{"rendered":"https:\/\/www.kibrishost.com\/tak\/ozturkler-gemi-faciasiyla-ilgili-tum-surec-cumhuriyet-meclisinde-konusulacak-ve-tartisilacak\/"},"modified":"2026-09-04T16:45:19","modified_gmt":"2026-09-04T13:45:19","slug":"ozturkler-gemi-faciasiyla-ilgili-tum-surec-cumhuriyet-meclisinde-konusulacak-ve-tartisilacak","status":"publish","type":"post","link":"https:\/\/www.kibrishost.com\/tak\/ozturkler-gemi-faciasiyla-ilgili-tum-surec-cumhuriyet-meclisinde-konusulacak-ve-tartisilacak\/","title":{"rendered":"\u00d6zt\u00fcrkler: \u201cGemi facias\u0131yla ilgili t\u00fcm s\u00fcre\u00e7 Cumhuriyet Meclisi\u2019nde konu\u015fulacak ve tart\u0131\u015f\u0131lacak\u201d"},"content":{"rendered":"<p>Cumhuriyet Meclisi Ba\u015fkan\u0131 Ziya \u00d6zt\u00fcrkler, Girne a\u00e7\u0131klar\u0131nda meydana gelen gemi facias\u0131n\u0131n t\u00fcm gerek\u00e7eleri, belgeleri ve s\u00fcreciyle ayd\u0131nlat\u0131lmas\u0131n\u0131 istediklerini belirterek, konunun Cumhuriyet Meclisi\u2019nde ayr\u0131nt\u0131l\u0131 \u015fekilde ele al\u0131naca\u011f\u0131n\u0131 s\u00f6yledi.<\/p>\n<p>Gemi facias\u0131n\u0131n ard\u0131ndan kay\u0131p yak\u0131nlar\u0131n\u0131n bekleyi\u015fini s\u00fcrd\u00fcrd\u00fc\u011f\u00fc Girne Liman\u0131\u2019n\u0131 ziyaret ederek ailelerle bir araya gelen \u00d6zt\u00fcrkler, ziyaretin ard\u0131ndan bas\u0131na a\u00e7\u0131klamalarda bulundu.<\/p>\n<p>\u00d6zt\u00fcrkler, K\u0131br\u0131s T\u00fcrk halk\u0131na ve T\u00fcrkiye Cumhuriyeti\u2019ne ba\u015fsa\u011fl\u0131\u011f\u0131 dileyerek, zor g\u00fcnlerden ge\u00e7ildi\u011fini ve kay\u0131p ki\u015filere ula\u015f\u0131lmas\u0131 i\u00e7in \u00e7al\u0131\u015fmalar\u0131n s\u00fcrd\u00fc\u011f\u00fcn\u00fc belirtti.<\/p>\n<p>Ailelerin ya\u015fad\u0131\u011f\u0131 ac\u0131ya i\u015faret eden \u00d6zt\u00fcrkler, \u201cBazen s\u00f6yleyece\u011finiz s\u00f6zlerin t\u0131kand\u0131\u011f\u0131, durdu\u011fu noktadan ge\u00e7iyoruz. S\u00fcre\u00e7 devam ediyor, kay\u0131p olan ki\u015fileri arama s\u00fcreci devam ediyor.\u201d dedi.<\/p>\n<p>\u00d6zt\u00fcrkler, arama kurtarma \u00e7al\u0131\u015fmalar\u0131n\u0131n teknik boyutlar\u0131na ili\u015fkin de\u011ferlendirmeyi ilgili kriz masas\u0131n\u0131n yapmas\u0131n\u0131n daha do\u011fru olaca\u011f\u0131n\u0131 belirterek, Cumhuriyet Meclisi\u2019ne ili\u015fkin gazetecilerin sorular\u0131n\u0131 yan\u0131tlad\u0131.<\/p>\n<p><strong>&#8211; Ara\u015ft\u0131rma komitesi kurulmas\u0131 \u00f6nerisi<\/strong><\/p>\n<p>Cumhuriyet\u00e7i T\u00fcrk Partisi \u00a0(CTP) Genel Ba\u015fkan\u0131 S\u0131la Usar \u0130ncirli\u2019nin, gemi facias\u0131yla ilgili ara\u015ft\u0131rma komitesi kurulmas\u0131 ve Cumhuriyet Meclisi\u2019nin ola\u011fan\u00fcst\u00fc toplant\u0131ya \u00e7a\u011fr\u0131lmas\u0131 y\u00f6n\u00fcndeki a\u00e7\u0131klamas\u0131n\u0131n sorulmas\u0131 \u00fczerine \u00d6zt\u00fcrkler, CTP milletvekillerinin d\u00fcn ara\u015ft\u0131rma komitesi kurulmas\u0131 amac\u0131yla Meclis\u2019e dilek\u00e7e sundu\u011funu s\u00f6yledi.<\/p>\n<p>Ba\u015fbakan \u00dcnal \u00dcstel ile Demokrat Parti Genel Ba\u015fkan\u0131 Fikri Atao\u011flu\u2019nun da ak\u015fam saatlerinde benzer gerek\u00e7elerle ara\u015ft\u0131rma komitesi kurulmas\u0131na y\u00f6nelik ba\u015fvuruda bulundu\u011funu kaydeden \u00d6zt\u00fcrkler, hem h\u00fck\u00fcmet hem de ana muhalefetin konunun t\u00fcm y\u00f6nleriyle ara\u015ft\u0131r\u0131lmas\u0131n\u0131 talep etti\u011fini ifade etti.<\/p>\n<p>\u00d6zt\u00fcrkler, Cumhuriyet Meclisi olarak kendilerinin de olay\u0131n t\u00fcm gerek\u00e7eleri, belgeleri ve s\u00fcreciyle ayd\u0131nlat\u0131lmas\u0131n\u0131 istediklerini belirterek, konunun Meclis\u2019te ayr\u0131nt\u0131l\u0131 \u015fekilde ele al\u0131naca\u011f\u0131n\u0131 s\u00f6yledi.<\/p>\n<p>Arama \u00e7al\u0131\u015fmalar\u0131n\u0131n halen kritik bir a\u015famada bulundu\u011funu, h\u00fck\u00fcmet yetkililerinin de s\u00fcrecin i\u00e7inde yer ald\u0131\u011f\u0131n\u0131 ifade eden \u00d6zt\u00fcrkler, ola\u011fan\u00fcst\u00fc toplant\u0131 tarihinin bu durum g\u00f6zetilerek belirlenmesi gerekti\u011fini kaydetti.<\/p>\n<p>\u00d6zt\u00fcrkler, \u015f\u00f6yle devam etti:<\/p>\n<p>\u201cBiraz daha sabredip bu s\u00fcre\u00e7te kay\u0131plar\u0131n bulunmas\u0131 i\u00e7in verilen m\u00fccadeleye destek olal\u0131m. Hemen arkas\u0131ndan elbette Cumhuriyet Meclisi\u2019nde ola\u011fan\u00fcst\u00fc toplant\u0131 s\u00fcrecinde bunlar konu\u015fulacak ve tart\u0131\u015f\u0131lacak. Toplant\u0131n\u0131n tarihini do\u011fru ayarlamak \u00f6nemli. \u00c7\u00fcnk\u00fc ola\u011fan\u00fcst\u00fc toplant\u0131n\u0131n yap\u0131ld\u0131\u011f\u0131 g\u00fcn milletvekillerinin ve h\u00fck\u00fcmet mensuplar\u0131n\u0131n Meclis\u2019te olmas\u0131 ve sorulan sorulara cevap vermesi gerekiyor.\u201d<\/p>\n<p>Ailelerin \u00f6ncelikli beklentisinin kay\u0131plara ula\u015f\u0131lmas\u0131 oldu\u011funu belirten \u00d6zt\u00fcrkler, arama s\u00fcrecinin ard\u0131ndan ya\u015fananlar\u0131n Cumhuriyet Meclisi\u2019nde kamuoyu \u00f6n\u00fcnde de\u011ferlendirilece\u011fini ifade etti.<\/p>\n<p><strong>&#8211; \u201c5 Ekim\u2019i beklemeden ola\u011fan\u00fcst\u00fc toplant\u0131 gerekecek\u201d<\/strong><\/p>\n<p>Meclis\u2019in yeni yasama y\u0131l\u0131ndaki ilk ola\u011fan toplant\u0131s\u0131n\u0131n 5 Ekim\u2019de yap\u0131laca\u011f\u0131n\u0131n hat\u0131rlat\u0131lmas\u0131 \u00fczerine \u00d6zt\u00fcrkler, gemi facias\u0131n\u0131n yan\u0131 s\u0131ra g\u00fcndemde bulunan baz\u0131 ivedi yasalar\u0131n da ele al\u0131nabilmesi i\u00e7in bu tarihi beklemeden ola\u011fan\u00fcst\u00fc toplant\u0131 yap\u0131lmas\u0131n\u0131n gerekece\u011fini s\u00f6yledi.<\/p>\n<p>\u00d6zt\u00fcrkler, \u201c\u0130lk ola\u011fan toplant\u0131 tarihi 5 Ekim\u2019dir. Ancak 5 Ekim\u2019i beklemeden hem bu konular\u0131n konu\u015fulmas\u0131 hem de birtak\u0131m ivedi yasalar\u0131n g\u00fcndeme gelmesi i\u00e7in ola\u011fan\u00fcst\u00fc toplant\u0131n\u0131n yap\u0131lmas\u0131 gerekecektir.\u201d dedi.<\/p>\n<p><strong>&#8211; Meclis aritmeti\u011fi<\/strong><\/p>\n<p>Yeniden Do\u011fu\u015f Partisi\u2019nin (YDP) h\u00fck\u00fcmetten \u00e7ekilmesine ili\u015fkin a\u00e7\u0131klamalar \u0131\u015f\u0131\u011f\u0131nda\u00a0 h\u00fck\u00fcmetin Meclis\u2019teki \u00e7o\u011funlu\u011funun ne olaca\u011f\u0131 y\u00f6n\u00fcndeki soruyu da yan\u0131tlayan \u00d6zt\u00fcrkler, bu konudaki esas de\u011ferlendirmenin Ba\u015fbakan ve h\u00fck\u00fcmet taraf\u0131ndan yap\u0131lmas\u0131 gerekti\u011fini s\u00f6yledi.<\/p>\n<p>\u00d6zt\u00fcrkler, kendisine ula\u015fan bilginin h\u00fck\u00fcmetin \u00e7o\u011funlu\u011funu kaybetmedi\u011fi y\u00f6n\u00fcnde oldu\u011funu belirterek, \u201cBendeki bilgi, \u00e7o\u011funluk noktas\u0131nda bir s\u0131k\u0131nt\u0131 olmad\u0131\u011f\u0131 y\u00f6n\u00fcndedir ancak en do\u011fru a\u00e7\u0131klamay\u0131 Say\u0131n Ba\u015fbakan ve ilgili taraflar yapacakt\u0131r.\u201d ifadelerini kulland\u0131.<\/p>\n<p>Cumhuriyet Meclisi\u2019nin karar alabilmesi i\u00e7in Genel Kurul\u2019da 26 milletvekilinin bulunmas\u0131 gerekti\u011fini de kaydeden \u00d6zt\u00fcrkler, Meclis aritmeti\u011fine ili\u015fkin durumun ola\u011fan\u00fcst\u00fc toplant\u0131 s\u00fcrecinde de netle\u015fece\u011fini belirtti.<\/p>\n<p>Haber: Arda Mercan<\/p>\n<\/p>\n<p><img decoding=\"async\" width=\"1024\" height=\"682\" src=\"https:\/\/www.kibrishost.com\/tak\/wp-content\/uploads\/2026\/09\/ozturkler-gemi-faciasiyla-ilgili-tum-surec-cumhuriyet-meclisinde-konusulacak-ve-tartisilacak-1-1024x682.jpg\" class=\"aligncenter wp-image-151245\" alt=\"\u00d6zt\u00fcrkler: \u201cGemi facias\u0131yla ilgili t\u00fcm s\u00fcre\u00e7 Cumhuriyet Meclisi\u2019nde konu\u015fulacak ve tart\u0131\u015f\u0131lacak\u201d\" loading=\"lazy\" srcset=\"https:\/\/www.kibrishost.com\/tak\/wp-content\/uploads\/2026\/09\/ozturkler-gemi-faciasiyla-ilgili-tum-surec-cumhuriyet-meclisinde-konusulacak-ve-tartisilacak-1-1024x682.jpg 1024w, https:\/\/www.kibrishost.com\/tak\/wp-content\/uploads\/2026\/09\/ozturkler-gemi-faciasiyla-ilgili-tum-surec-cumhuriyet-meclisinde-konusulacak-ve-tartisilacak-1-300x200.jpg 300w, https:\/\/www.kibrishost.com\/tak\/wp-content\/uploads\/2026\/09\/ozturkler-gemi-faciasiyla-ilgili-tum-surec-cumhuriyet-meclisinde-konusulacak-ve-tartisilacak-1-768x512.jpg 768w, https:\/\/www.kibrishost.com\/tak\/wp-content\/uploads\/2026\/09\/ozturkler-gemi-faciasiyla-ilgili-tum-surec-cumhuriyet-meclisinde-konusulacak-ve-tartisilacak-1-1536x1023.jpg 1536w, https:\/\/www.kibrishost.com\/tak\/wp-content\/uploads\/2026\/09\/ozturkler-gemi-faciasiyla-ilgili-tum-surec-cumhuriyet-meclisinde-konusulacak-ve-tartisilacak-1.jpg 1600w\" sizes=\"(max-width: 1024px) 100vw, 1024px\" \/><\/p>\n<p><img decoding=\"async\" width=\"1024\" height=\"682\" src=\"https:\/\/www.kibrishost.com\/tak\/wp-content\/uploads\/2026\/09\/ozturkler-gemi-faciasiyla-ilgili-tum-surec-cumhuriyet-meclisinde-konusulacak-ve-tartisilacak-2-1024x682.jpg\" class=\"aligncenter wp-image-151246\" alt=\"\u00d6zt\u00fcrkler: \u201cGemi facias\u0131yla ilgili t\u00fcm s\u00fcre\u00e7 Cumhuriyet Meclisi\u2019nde konu\u015fulacak ve tart\u0131\u015f\u0131lacak\u201d\" loading=\"lazy\" srcset=\"https:\/\/www.kibrishost.com\/tak\/wp-content\/uploads\/2026\/09\/ozturkler-gemi-faciasiyla-ilgili-tum-surec-cumhuriyet-meclisinde-konusulacak-ve-tartisilacak-2-1024x682.jpg 1024w, https:\/\/www.kibrishost.com\/tak\/wp-content\/uploads\/2026\/09\/ozturkler-gemi-faciasiyla-ilgili-tum-surec-cumhuriyet-meclisinde-konusulacak-ve-tartisilacak-2-300x200.jpg 300w, https:\/\/www.kibrishost.com\/tak\/wp-content\/uploads\/2026\/09\/ozturkler-gemi-faciasiyla-ilgili-tum-surec-cumhuriyet-meclisinde-konusulacak-ve-tartisilacak-2-768x512.jpg 768w, https:\/\/www.kibrishost.com\/tak\/wp-content\/uploads\/2026\/09\/ozturkler-gemi-faciasiyla-ilgili-tum-surec-cumhuriyet-meclisinde-konusulacak-ve-tartisilacak-2-1536x1023.jpg 1536w, https:\/\/www.kibrishost.com\/tak\/wp-content\/uploads\/2026\/09\/ozturkler-gemi-faciasiyla-ilgili-tum-surec-cumhuriyet-meclisinde-konusulacak-ve-tartisilacak-2.jpg 1600w\" sizes=\"(max-width: 1024px) 100vw, 1024px\" \/><\/p>\n","protected":false},"excerpt":{"rendered":"<p>Cumhuriyet Meclisi Ba\u015fkan\u0131 Ziya \u00d6zt\u00fcrkler, Girne a\u00e7\u0131klar\u0131nda meydana gelen gemi facias\u0131n\u0131n t\u00fcm gerek\u00e7eleri, belgeleri ve s\u00fcreciyle ayd\u0131nlat\u0131lmas\u0131n\u0131 istediklerini belirterek, konunun Cumhuriyet Meclisi\u2019nde ayr\u0131nt\u0131l\u0131 \u015fekilde ele al\u0131naca\u011f\u0131n\u0131 s\u00f6yledi. Gemi facias\u0131n\u0131n ard\u0131ndan kay\u0131p yak\u0131nlar\u0131n\u0131n bekleyi\u015fini s\u00fcrd\u00fcrd\u00fc\u011f\u00fc Girne Liman\u0131\u2019n\u0131 ziyaret ederek ailelerle bir araya gelen \u00d6zt\u00fcrkler, ziyaretin ard\u0131ndan bas\u0131na a\u00e7\u0131klamalarda bulundu. \u00d6zt\u00fcrkler, K\u0131br\u0131s T\u00fcrk halk\u0131na ve T\u00fcrkiye Cumhuriyeti\u2019ne &hellip;<\/p>\n","protected":false},"author":1,"featured_media":151244,"comment_status":"open","ping_status":"open","sticky":false,"template":"","format":"standard","meta":{"footnotes":""},"categories":[2],"tags":[561,3751,48630,16445,2322,13204,10578,11645,4201,5435],"class_list":["post-151243","post","type-post","status-publish","format-standard","has-post-thumbnail","hentry","category-kibris","tag-tum","tag-cumhuriyet","tag-faciasiyla","tag-gemi","tag-ilgili","tag-konusulacak","tag-meclisinde","tag-ozturkler","tag-surec","tag-tartisilacak"],"_links":{"self":[{"href":"https:\/\/www.kibrishost.com\/tak\/wp-json\/wp\/v2\/posts\/151243"}],"collection":[{"href":"https:\/\/www.kibrishost.com\/tak\/wp-json\/wp\/v2\/posts"}],"about":[{"href":"https:\/\/www.kibrishost.com\/tak\/wp-json\/wp\/v2\/types\/post"}],"author":[{"embeddable":true,"href":"https:\/\/www.kibrishost.com\/tak\/wp-json\/wp\/v2\/users\/1"}],"replies":[{"embeddable":true,"href":"https:\/\/www.kibrishost.com\/tak\/wp-json\/wp\/v2\/comments?post=151243"}],"version-history":[{"count":1,"href":"https:\/\/www.kibrishost.com\/tak\/wp-json\/wp\/v2\/posts\/151243\/revisions"}],"predecessor-version":[{"id":151247,"href":"https:\/\/www.kibrishost.com\/tak\/wp-json\/wp\/v2\/posts\/151243\/revisions\/151247"}],"wp:featuredmedia":[{"embeddable":true,"href":"https:\/\/www.kibrishost.com\/tak\/wp-json\/wp\/v2\/media\/151244"}],"wp:attachment":[{"href":"https:\/\/www.kibrishost.com\/tak\/wp-json\/wp\/v2\/media?parent=151243"}],"wp:term":[{"taxonomy":"category","embeddable":true,"href":"https:\/\/www.kibrishost.com\/tak\/wp-json\/wp\/v2\/categories?post=151243"},{"taxonomy":"post_tag","embeddable":true,"href":"https:\/\/www.kibrishost.com\/tak\/wp-json\/wp\/v2\/tags?post=151243"}],"curies":[{"name":"wp","href":"https:\/\/api.w.org\/{rel}","templated":true}]}}