{"id":151236,"date":"2026-09-04T15:55:37","date_gmt":"2026-09-04T12:55:37","guid":{"rendered":"https:\/\/www.kibrishost.com\/tak\/guzelyurt-polis-muduru-huseyin-kafa-guzelyurt-belediye-baskani-ozcinari-ziyaret-etti\/"},"modified":"2026-09-04T15:55:37","modified_gmt":"2026-09-04T12:55:37","slug":"guzelyurt-polis-muduru-huseyin-kafa-guzelyurt-belediye-baskani-ozcinari-ziyaret-etti","status":"publish","type":"post","link":"https:\/\/www.kibrishost.com\/tak\/guzelyurt-polis-muduru-huseyin-kafa-guzelyurt-belediye-baskani-ozcinari-ziyaret-etti\/","title":{"rendered":"G\u00fczelyurt Polis M\u00fcd\u00fcr\u00fc H\u00fcseyin Kafa, G\u00fczelyurt Belediye Ba\u015fkan\u0131 \u00d6z\u00e7\u0131nar\u2019\u0131 ziyaret etti"},"content":{"rendered":"<p>G\u00fczelyurt\u2019un yeni Polis M\u00fcd\u00fcr\u00fc H\u00fcseyin Kafa, bug\u00fcn saat 14.30\u2019da G\u00fczelyurt Belediye Ba\u015fkan\u0131 Mahmut \u00d6z\u00e7\u0131nar\u2019\u0131 ziyaret etti.<\/p>\n<p>Belediyeden verilen bilgiye g\u00f6re, G\u00fczelyurt Belediyesi\u2019nde ger\u00e7ekle\u015fen ziyarette, polis ve belediye aras\u0131ndaki i\u015f birli\u011finin bundan sonraki s\u00fcre\u00e7te de devam edece\u011fi belirtildi.<\/p>\n<p>G\u00fczelyurt Belediye Ba\u015fkan\u0131 Mahmut \u00d6z\u00e7\u0131nar, ziyaretten duydu\u011fu memnuniyeti ifade ederek Polis M\u00fcd\u00fcr\u00fc H\u00fcseyin Kafa\u2019ya yeni g\u00f6revinde ba\u015far\u0131lar diledi ve g\u00f6revinin hay\u0131rl\u0131 olmas\u0131n\u0131 temenni etti. <\/p><\/p>\n","protected":false},"excerpt":{"rendered":"<p>G\u00fczelyurt\u2019un yeni Polis M\u00fcd\u00fcr\u00fc H\u00fcseyin Kafa, bug\u00fcn saat 14.30\u2019da G\u00fczelyurt Belediye Ba\u015fkan\u0131 Mahmut \u00d6z\u00e7\u0131nar\u2019\u0131 ziyaret etti. Belediyeden verilen bilgiye g\u00f6re, G\u00fczelyurt Belediyesi\u2019nde ger\u00e7ekle\u015fen ziyarette, polis ve belediye aras\u0131ndaki i\u015f birli\u011finin bundan sonraki s\u00fcre\u00e7te de devam edece\u011fi belirtildi. G\u00fczelyurt Belediye Ba\u015fkan\u0131 Mahmut \u00d6z\u00e7\u0131nar, ziyaretten duydu\u011fu memnuniyeti ifade ederek Polis M\u00fcd\u00fcr\u00fc H\u00fcseyin Kafa\u2019ya yeni g\u00f6revinde ba\u015far\u0131lar diledi &hellip;<\/p>\n","protected":false},"author":1,"featured_media":151237,"comment_status":"open","ping_status":"open","sticky":false,"template":"","format":"standard","meta":{"footnotes":""},"categories":[2],"tags":[19181,103,1489,290,2381,6310,2414,26249,1497,971],"class_list":["post-151236","post","type-post","status-publish","format-standard","has-post-thumbnail","hentry","category-kibris","tag-kafa","tag-baskani","tag-belediye","tag-etti","tag-guzelyurt","tag-huseyin","tag-muduru","tag-ozcinari","tag-polis","tag-ziyaret"],"_links":{"self":[{"href":"https:\/\/www.kibrishost.com\/tak\/wp-json\/wp\/v2\/posts\/151236"}],"collection":[{"href":"https:\/\/www.kibrishost.com\/tak\/wp-json\/wp\/v2\/posts"}],"about":[{"href":"https:\/\/www.kibrishost.com\/tak\/wp-json\/wp\/v2\/types\/post"}],"author":[{"embeddable":true,"href":"https:\/\/www.kibrishost.com\/tak\/wp-json\/wp\/v2\/users\/1"}],"replies":[{"embeddable":true,"href":"https:\/\/www.kibrishost.com\/tak\/wp-json\/wp\/v2\/comments?post=151236"}],"version-history":[{"count":0,"href":"https:\/\/www.kibrishost.com\/tak\/wp-json\/wp\/v2\/posts\/151236\/revisions"}],"wp:featuredmedia":[{"embeddable":true,"href":"https:\/\/www.kibrishost.com\/tak\/wp-json\/wp\/v2\/media\/151237"}],"wp:attachment":[{"href":"https:\/\/www.kibrishost.com\/tak\/wp-json\/wp\/v2\/media?parent=151236"}],"wp:term":[{"taxonomy":"category","embeddable":true,"href":"https:\/\/www.kibrishost.com\/tak\/wp-json\/wp\/v2\/categories?post=151236"},{"taxonomy":"post_tag","embeddable":true,"href":"https:\/\/www.kibrishost.com\/tak\/wp-json\/wp\/v2\/tags?post=151236"}],"curies":[{"name":"wp","href":"https:\/\/api.w.org\/{rel}","templated":true}]}}