{"id":151232,"date":"2026-09-04T15:55:12","date_gmt":"2026-09-04T12:55:12","guid":{"rendered":"https:\/\/www.kibrishost.com\/tak\/balci-kadinlar-ve-cocuklar-ikinci-kez-magdur-edilmemeli\/"},"modified":"2026-09-04T15:55:12","modified_gmt":"2026-09-04T12:55:12","slug":"balci-kadinlar-ve-cocuklar-ikinci-kez-magdur-edilmemeli","status":"publish","type":"post","link":"https:\/\/www.kibrishost.com\/tak\/balci-kadinlar-ve-cocuklar-ikinci-kez-magdur-edilmemeli\/","title":{"rendered":"Balc\u0131: \u201cKad\u0131nlar ve \u00e7ocuklar ikinci kez ma\u011fdur edilmemeli\u201d"},"content":{"rendered":"<p>Toplumcu Demokrasi Partisi (TDP) Toplumsal Cinsiyet E\u015fitli\u011fi Komitesi Ba\u015fkan\u0131 Ece Balc\u0131, Girne a\u00e7\u0131klar\u0131nda ya\u015fanan gemi facias\u0131ndan etkilenen kad\u0131n ve \u00e7ocuklar\u0131n ikinci kez ma\u011fdur edilmemesi i\u00e7in devletin harekete ge\u00e7mesi gerekti\u011fini s\u00f6yledi.<\/p>\n<p>TDP Bas\u0131n B\u00fcrosu\u2019ndan yap\u0131lan a\u00e7\u0131klamaya g\u00f6re Balc\u0131, hayat\u0131n\u0131 kaybeden veya kendilerine hen\u00fcz ula\u015f\u0131lamayan ki\u015filerin aileleri i\u00e7in hangi sosyal ve ekonomik destek \u00e7al\u0131\u015fmalar\u0131n\u0131n y\u00fcr\u00fct\u00fcld\u00fc\u011f\u00fcn\u00fcn a\u00e7\u0131klanmas\u0131n\u0131 da istedi.<\/p>\n<p>Facian\u0131n aileler \u00fczerindeki etkisinin t\u00fcm boyutlar\u0131yla belirlenmesi gerekti\u011fini kaydeden Balc\u0131, ailelerin bar\u0131nma, bak\u0131m, e\u011fitim, sa\u011fl\u0131k ve psikolojik destek ihtiya\u00e7lar\u0131n\u0131n tespit edilmesi, Sosyal Hizmetler Dairesi\u2019nin de ailelerle do\u011frudan temas kurmas\u0131 gerekti\u011fi y\u00f6n\u00fcnde de\u011ferlendirmede bulundu.<\/p>\n<p>\u201cAilelerin ihtiya\u00e7 haritas\u0131 \u00e7\u0131kar\u0131ld\u0131 m\u0131?\u201d sorusunu y\u00f6nelten Balc\u0131, ailelere ge\u00e7ici gelir deste\u011fi, sosyal yard\u0131m veya destek maa\u015f\u0131 sa\u011flanmas\u0131na y\u00f6nelik \u00e7al\u0131\u015fma yap\u0131l\u0131p yap\u0131lmad\u0131\u011f\u0131n\u0131n kamuoyuyla payla\u015f\u0131lmas\u0131n\u0131 istedi.<\/p>\n<p>\u00d6l\u00fcm ayl\u0131\u011f\u0131, \u00e7ocuklara y\u00f6nelik destek maa\u015f\u0131, ge\u00e7ici gelir deste\u011fi ve di\u011fer sosyal g\u00fcvenlik i\u015flemlerinin h\u0131zland\u0131r\u0131lmas\u0131 gerekti\u011fini savunan Balc\u0131, kay\u0131p stat\u00fcs\u00fcnden kaynaklanabilecek hukuki ve b\u00fcrokratik gecikmelere kar\u015f\u0131 ailelere ge\u00e7ici destek sa\u011flanmas\u0131 \u00e7a\u011fr\u0131s\u0131nda bulundu.<\/p>\n<p>Sosyal hizmet uzmanlar\u0131 ve psikologlardan olu\u015fan ekiplerin ailelerle do\u011frudan temas kurmas\u0131 gerekti\u011fini de kaydeden Balc\u0131, \u201cAc\u0131l\u0131 aileler devleti aramak zorunda b\u0131rak\u0131lmamal\u0131d\u0131r. Devlet, ailelerin kap\u0131s\u0131n\u0131 kendisi \u00e7almal\u0131d\u0131r.\u201d ifadelerini kulland\u0131.<\/p>\n<p>\u00a0<\/p><\/p>\n","protected":false},"excerpt":{"rendered":"<p>Toplumcu Demokrasi Partisi (TDP) Toplumsal Cinsiyet E\u015fitli\u011fi Komitesi Ba\u015fkan\u0131 Ece Balc\u0131, Girne a\u00e7\u0131klar\u0131nda ya\u015fanan gemi facias\u0131ndan etkilenen kad\u0131n ve \u00e7ocuklar\u0131n ikinci kez ma\u011fdur edilmemesi i\u00e7in devletin harekete ge\u00e7mesi gerekti\u011fini s\u00f6yledi. TDP Bas\u0131n B\u00fcrosu\u2019ndan yap\u0131lan a\u00e7\u0131klamaya g\u00f6re Balc\u0131, hayat\u0131n\u0131 kaybeden veya kendilerine hen\u00fcz ula\u015f\u0131lamayan ki\u015filerin aileleri i\u00e7in hangi sosyal ve ekonomik destek \u00e7al\u0131\u015fmalar\u0131n\u0131n y\u00fcr\u00fct\u00fcld\u00fc\u011f\u00fcn\u00fcn a\u00e7\u0131klanmas\u0131n\u0131 da &hellip;<\/p>\n","protected":false},"author":1,"featured_media":151233,"comment_status":"open","ping_status":"open","sticky":false,"template":"","format":"standard","meta":{"footnotes":""},"categories":[2],"tags":[23809,2343,5799,885,3387,1184,4809],"class_list":["post-151232","post","type-post","status-publish","format-standard","has-post-thumbnail","hentry","category-kibris","tag-balci","tag-cocuklar","tag-edilmemeli","tag-ikinci","tag-kadinlar","tag-kez","tag-magdur"],"_links":{"self":[{"href":"https:\/\/www.kibrishost.com\/tak\/wp-json\/wp\/v2\/posts\/151232"}],"collection":[{"href":"https:\/\/www.kibrishost.com\/tak\/wp-json\/wp\/v2\/posts"}],"about":[{"href":"https:\/\/www.kibrishost.com\/tak\/wp-json\/wp\/v2\/types\/post"}],"author":[{"embeddable":true,"href":"https:\/\/www.kibrishost.com\/tak\/wp-json\/wp\/v2\/users\/1"}],"replies":[{"embeddable":true,"href":"https:\/\/www.kibrishost.com\/tak\/wp-json\/wp\/v2\/comments?post=151232"}],"version-history":[{"count":0,"href":"https:\/\/www.kibrishost.com\/tak\/wp-json\/wp\/v2\/posts\/151232\/revisions"}],"wp:featuredmedia":[{"embeddable":true,"href":"https:\/\/www.kibrishost.com\/tak\/wp-json\/wp\/v2\/media\/151233"}],"wp:attachment":[{"href":"https:\/\/www.kibrishost.com\/tak\/wp-json\/wp\/v2\/media?parent=151232"}],"wp:term":[{"taxonomy":"category","embeddable":true,"href":"https:\/\/www.kibrishost.com\/tak\/wp-json\/wp\/v2\/categories?post=151232"},{"taxonomy":"post_tag","embeddable":true,"href":"https:\/\/www.kibrishost.com\/tak\/wp-json\/wp\/v2\/tags?post=151232"}],"curies":[{"name":"wp","href":"https:\/\/api.w.org\/{rel}","templated":true}]}}