{"id":151199,"date":"2026-09-04T15:40:22","date_gmt":"2026-09-04T12:40:22","guid":{"rendered":"https:\/\/www.kibrishost.com\/tak\/gemi-faciasi-nedeniyle-adli-yil-acilis-toreni-iptal-edildi\/"},"modified":"2026-09-04T15:40:22","modified_gmt":"2026-09-04T12:40:22","slug":"gemi-faciasi-nedeniyle-adli-yil-acilis-toreni-iptal-edildi","status":"publish","type":"post","link":"https:\/\/www.kibrishost.com\/tak\/gemi-faciasi-nedeniyle-adli-yil-acilis-toreni-iptal-edildi\/","title":{"rendered":"Gemi facias\u0131 nedeniyle adli y\u0131l a\u00e7\u0131l\u0131\u015f t\u00f6reni iptal edildi"},"content":{"rendered":"<p>Y\u00fcksek Mahkeme,\u00a0 gemi kazas\u0131 nedeniyle adli y\u0131l a\u00e7\u0131l\u0131\u015f t\u00f6reninin iptal edildi\u011fini duyurdu.<\/p>\n<p>Y\u00fcksek Mahkeme\u2019den yap\u0131lan a\u00e7\u0131klama \u015f\u00f6yle: <\/p>\n<p>\u201c\u00dclkemizin ya\u015fad\u0131\u011f\u0131 elim gemi kazas\u0131nda hayat\u0131n\u0131 kaybeden vatanda\u015flar\u0131m\u0131za Allah\u2019tan rahmet, yasl\u0131 ailelerine ve yak\u0131nlar\u0131na sab\u0131r; kazadan sa\u011f kurtulan yolcular\u0131m\u0131za ise ge\u00e7mi\u015f olsun dileklerimizi iletiyoruz.\u201d<\/p>\n<p>\u00a0Ya\u015fanan bu b\u00fcy\u00fck ac\u0131 ve millet\u00e7e i\u00e7inde bulundu\u011fumuz derin \u00fcz\u00fcnt\u00fc nedeniyle, bu y\u0131l ger\u00e7ekle\u015ftirilmesi planlanan Adli Y\u0131l A\u00e7\u0131l\u0131\u015f T\u00f6reni\u2019mizi iptal etme karar\u0131 ald\u0131\u011f\u0131m\u0131z\u0131 kamuoyunun bilgisine sayg\u0131yla sunar\u0131z.\u201d<\/p>\n<p>\u00a0<\/p><\/p>\n","protected":false},"excerpt":{"rendered":"<p>Y\u00fcksek Mahkeme,\u00a0 gemi kazas\u0131 nedeniyle adli y\u0131l a\u00e7\u0131l\u0131\u015f t\u00f6reninin iptal edildi\u011fini duyurdu. Y\u00fcksek Mahkeme\u2019den yap\u0131lan a\u00e7\u0131klama \u015f\u00f6yle: \u201c\u00dclkemizin ya\u015fad\u0131\u011f\u0131 elim gemi kazas\u0131nda hayat\u0131n\u0131 kaybeden vatanda\u015flar\u0131m\u0131za Allah\u2019tan rahmet, yasl\u0131 ailelerine ve yak\u0131nlar\u0131na sab\u0131r; kazadan sa\u011f kurtulan yolcular\u0131m\u0131za ise ge\u00e7mi\u015f olsun dileklerimizi iletiyoruz.\u201d \u00a0Ya\u015fanan bu b\u00fcy\u00fck ac\u0131 ve millet\u00e7e i\u00e7inde bulundu\u011fumuz derin \u00fcz\u00fcnt\u00fc nedeniyle, bu y\u0131l ger\u00e7ekle\u015ftirilmesi &hellip;<\/p>\n","protected":false},"author":1,"featured_media":151200,"comment_status":"open","ping_status":"open","sticky":false,"template":"","format":"standard","meta":{"footnotes":""},"categories":[2],"tags":[5916,800,405,34151,16445,380,81,808,83],"class_list":["post-151199","post","type-post","status-publish","format-standard","has-post-thumbnail","hentry","category-kibris","tag-acilis","tag-adli","tag-edildi","tag-faciasi","tag-gemi","tag-iptal","tag-nedeniyle","tag-toreni","tag-yil"],"_links":{"self":[{"href":"https:\/\/www.kibrishost.com\/tak\/wp-json\/wp\/v2\/posts\/151199"}],"collection":[{"href":"https:\/\/www.kibrishost.com\/tak\/wp-json\/wp\/v2\/posts"}],"about":[{"href":"https:\/\/www.kibrishost.com\/tak\/wp-json\/wp\/v2\/types\/post"}],"author":[{"embeddable":true,"href":"https:\/\/www.kibrishost.com\/tak\/wp-json\/wp\/v2\/users\/1"}],"replies":[{"embeddable":true,"href":"https:\/\/www.kibrishost.com\/tak\/wp-json\/wp\/v2\/comments?post=151199"}],"version-history":[{"count":0,"href":"https:\/\/www.kibrishost.com\/tak\/wp-json\/wp\/v2\/posts\/151199\/revisions"}],"wp:featuredmedia":[{"embeddable":true,"href":"https:\/\/www.kibrishost.com\/tak\/wp-json\/wp\/v2\/media\/151200"}],"wp:attachment":[{"href":"https:\/\/www.kibrishost.com\/tak\/wp-json\/wp\/v2\/media?parent=151199"}],"wp:term":[{"taxonomy":"category","embeddable":true,"href":"https:\/\/www.kibrishost.com\/tak\/wp-json\/wp\/v2\/categories?post=151199"},{"taxonomy":"post_tag","embeddable":true,"href":"https:\/\/www.kibrishost.com\/tak\/wp-json\/wp\/v2\/tags?post=151199"}],"curies":[{"name":"wp","href":"https:\/\/api.w.org\/{rel}","templated":true}]}}