{"id":151190,"date":"2026-09-04T15:10:22","date_gmt":"2026-09-04T12:10:22","guid":{"rendered":"https:\/\/www.kibrishost.com\/tak\/gemi-kazasinda-yasamini-yitiren-ismail-kurt-son-yolculuguna-ugurlandi\/"},"modified":"2026-09-04T15:10:34","modified_gmt":"2026-09-04T12:10:34","slug":"gemi-kazasinda-yasamini-yitiren-ismail-kurt-son-yolculuguna-ugurlandi","status":"publish","type":"post","link":"https:\/\/www.kibrishost.com\/tak\/gemi-kazasinda-yasamini-yitiren-ismail-kurt-son-yolculuguna-ugurlandi\/","title":{"rendered":"Gemi kazas\u0131nda ya\u015fam\u0131n\u0131 yitiren \u0130smail Kurt son yolculu\u011funa u\u011furland\u0131"},"content":{"rendered":"<p>Girne a\u00e7\u0131klar\u0131ndaki gemi kazas\u0131nda hayat\u0131n\u0131 kaybeden \u0130smail Kurt son yolculu\u011funa u\u011furland\u0131.<\/p>\n<p>Kurt&#8217;un naa\u015f\u0131 saat 13.00&#8217;te \u0130smail Safa camiinde k\u0131l\u0131nan cenaze namaz\u0131n\u0131n ard\u0131ndan Lefko\u015fa Mezarl\u0131\u011f\u0131&#8217;nda topra\u011fa verildi. Cenaze t\u00f6reni s\u0131ras\u0131nda Kurt&#8217;un ailesi ve yak\u0131nlar\u0131ndan fenala\u015fanlara sa\u011fl\u0131k ekipleri m\u00fcdahale etti.<\/p>\n<p>T\u00f6rene, Cumhurba\u015fkan\u0131 Tufan Erh\u00fcrman&#8217;\u0131n yan\u0131 s\u0131ra, Ba\u015fbakan \u00dcnal \u00dcstel,\u00a0 Ana Muhalefet CTP Genel Ba\u015fkan\u0131 S\u0131la Usar \u0130ncirli, baz\u0131 bakanlar, milletvekilleri, belediye ba\u015fkanlar\u0131 ile Kurt&#8217;un ailesi ve sevenleri kat\u0131ld\u0131.<\/p>\n<p>Haber: Raif Uzkan\u00a0 \u00a0 \u00a0Foto: Erol Uysal<\/p>\n<\/p>\n<p><img decoding=\"async\" width=\"1024\" height=\"684\" src=\"https:\/\/www.kibrishost.com\/tak\/wp-content\/uploads\/2026\/09\/gemi-kazasinda-yasamini-yitiren-ismail-kurt-son-yolculuguna-ugurlandi-1-1024x684.jpg\" class=\"aligncenter wp-image-151192\" alt=\"Gemi kazas\u0131nda ya\u015fam\u0131n\u0131 yitiren \u0130smail Kurt son yolculu\u011funa u\u011furland\u0131\" loading=\"lazy\" srcset=\"https:\/\/www.kibrishost.com\/tak\/wp-content\/uploads\/2026\/09\/gemi-kazasinda-yasamini-yitiren-ismail-kurt-son-yolculuguna-ugurlandi-1-1024x684.jpg 1024w, https:\/\/www.kibrishost.com\/tak\/wp-content\/uploads\/2026\/09\/gemi-kazasinda-yasamini-yitiren-ismail-kurt-son-yolculuguna-ugurlandi-1-300x200.jpg 300w, https:\/\/www.kibrishost.com\/tak\/wp-content\/uploads\/2026\/09\/gemi-kazasinda-yasamini-yitiren-ismail-kurt-son-yolculuguna-ugurlandi-1-768x513.jpg 768w, https:\/\/www.kibrishost.com\/tak\/wp-content\/uploads\/2026\/09\/gemi-kazasinda-yasamini-yitiren-ismail-kurt-son-yolculuguna-ugurlandi-1-1536x1025.jpg 1536w, https:\/\/www.kibrishost.com\/tak\/wp-content\/uploads\/2026\/09\/gemi-kazasinda-yasamini-yitiren-ismail-kurt-son-yolculuguna-ugurlandi-1.jpg 1600w\" sizes=\"(max-width: 1024px) 100vw, 1024px\" \/><\/p>\n<p><img decoding=\"async\" width=\"1024\" height=\"684\" src=\"https:\/\/www.kibrishost.com\/tak\/wp-content\/uploads\/2026\/09\/gemi-kazasinda-yasamini-yitiren-ismail-kurt-son-yolculuguna-ugurlandi-2-1024x684.jpg\" class=\"aligncenter wp-image-151193\" alt=\"Gemi kazas\u0131nda ya\u015fam\u0131n\u0131 yitiren \u0130smail Kurt son yolculu\u011funa u\u011furland\u0131\" loading=\"lazy\" srcset=\"https:\/\/www.kibrishost.com\/tak\/wp-content\/uploads\/2026\/09\/gemi-kazasinda-yasamini-yitiren-ismail-kurt-son-yolculuguna-ugurlandi-2-1024x684.jpg 1024w, https:\/\/www.kibrishost.com\/tak\/wp-content\/uploads\/2026\/09\/gemi-kazasinda-yasamini-yitiren-ismail-kurt-son-yolculuguna-ugurlandi-2-300x200.jpg 300w, https:\/\/www.kibrishost.com\/tak\/wp-content\/uploads\/2026\/09\/gemi-kazasinda-yasamini-yitiren-ismail-kurt-son-yolculuguna-ugurlandi-2-768x513.jpg 768w, https:\/\/www.kibrishost.com\/tak\/wp-content\/uploads\/2026\/09\/gemi-kazasinda-yasamini-yitiren-ismail-kurt-son-yolculuguna-ugurlandi-2-1536x1025.jpg 1536w, https:\/\/www.kibrishost.com\/tak\/wp-content\/uploads\/2026\/09\/gemi-kazasinda-yasamini-yitiren-ismail-kurt-son-yolculuguna-ugurlandi-2.jpg 1600w\" sizes=\"(max-width: 1024px) 100vw, 1024px\" \/><\/p>\n<p><img decoding=\"async\" width=\"1024\" height=\"684\" src=\"https:\/\/www.kibrishost.com\/tak\/wp-content\/uploads\/2026\/09\/gemi-kazasinda-yasamini-yitiren-ismail-kurt-son-yolculuguna-ugurlandi-3-1024x684.jpg\" class=\"aligncenter wp-image-151194\" alt=\"Gemi kazas\u0131nda ya\u015fam\u0131n\u0131 yitiren \u0130smail Kurt son yolculu\u011funa u\u011furland\u0131\" loading=\"lazy\" srcset=\"https:\/\/www.kibrishost.com\/tak\/wp-content\/uploads\/2026\/09\/gemi-kazasinda-yasamini-yitiren-ismail-kurt-son-yolculuguna-ugurlandi-3-1024x684.jpg 1024w, https:\/\/www.kibrishost.com\/tak\/wp-content\/uploads\/2026\/09\/gemi-kazasinda-yasamini-yitiren-ismail-kurt-son-yolculuguna-ugurlandi-3-300x200.jpg 300w, https:\/\/www.kibrishost.com\/tak\/wp-content\/uploads\/2026\/09\/gemi-kazasinda-yasamini-yitiren-ismail-kurt-son-yolculuguna-ugurlandi-3-768x513.jpg 768w, https:\/\/www.kibrishost.com\/tak\/wp-content\/uploads\/2026\/09\/gemi-kazasinda-yasamini-yitiren-ismail-kurt-son-yolculuguna-ugurlandi-3-1536x1025.jpg 1536w, https:\/\/www.kibrishost.com\/tak\/wp-content\/uploads\/2026\/09\/gemi-kazasinda-yasamini-yitiren-ismail-kurt-son-yolculuguna-ugurlandi-3.jpg 1600w\" sizes=\"(max-width: 1024px) 100vw, 1024px\" \/><\/p>\n<p><img decoding=\"async\" width=\"1024\" height=\"684\" src=\"https:\/\/www.kibrishost.com\/tak\/wp-content\/uploads\/2026\/09\/gemi-kazasinda-yasamini-yitiren-ismail-kurt-son-yolculuguna-ugurlandi-4-1024x684.jpg\" class=\"aligncenter wp-image-151195\" alt=\"Gemi kazas\u0131nda ya\u015fam\u0131n\u0131 yitiren \u0130smail Kurt son yolculu\u011funa u\u011furland\u0131\" loading=\"lazy\" srcset=\"https:\/\/www.kibrishost.com\/tak\/wp-content\/uploads\/2026\/09\/gemi-kazasinda-yasamini-yitiren-ismail-kurt-son-yolculuguna-ugurlandi-4-1024x684.jpg 1024w, https:\/\/www.kibrishost.com\/tak\/wp-content\/uploads\/2026\/09\/gemi-kazasinda-yasamini-yitiren-ismail-kurt-son-yolculuguna-ugurlandi-4-300x200.jpg 300w, https:\/\/www.kibrishost.com\/tak\/wp-content\/uploads\/2026\/09\/gemi-kazasinda-yasamini-yitiren-ismail-kurt-son-yolculuguna-ugurlandi-4-768x513.jpg 768w, https:\/\/www.kibrishost.com\/tak\/wp-content\/uploads\/2026\/09\/gemi-kazasinda-yasamini-yitiren-ismail-kurt-son-yolculuguna-ugurlandi-4-1536x1025.jpg 1536w, https:\/\/www.kibrishost.com\/tak\/wp-content\/uploads\/2026\/09\/gemi-kazasinda-yasamini-yitiren-ismail-kurt-son-yolculuguna-ugurlandi-4.jpg 1600w\" sizes=\"(max-width: 1024px) 100vw, 1024px\" \/><\/p>\n","protected":false},"excerpt":{"rendered":"<p>Girne a\u00e7\u0131klar\u0131ndaki gemi kazas\u0131nda hayat\u0131n\u0131 kaybeden \u0130smail Kurt son yolculu\u011funa u\u011furland\u0131. Kurt&#8217;un naa\u015f\u0131 saat 13.00&#8217;te \u0130smail Safa camiinde k\u0131l\u0131nan cenaze namaz\u0131n\u0131n ard\u0131ndan Lefko\u015fa Mezarl\u0131\u011f\u0131&#8217;nda topra\u011fa verildi. Cenaze t\u00f6reni s\u0131ras\u0131nda Kurt&#8217;un ailesi ve yak\u0131nlar\u0131ndan fenala\u015fanlara sa\u011fl\u0131k ekipleri m\u00fcdahale etti. T\u00f6rene, Cumhurba\u015fkan\u0131 Tufan Erh\u00fcrman&#8217;\u0131n yan\u0131 s\u0131ra, Ba\u015fbakan \u00dcnal \u00dcstel,\u00a0 Ana Muhalefet CTP Genel Ba\u015fkan\u0131 S\u0131la Usar \u0130ncirli, &hellip;<\/p>\n","protected":false},"author":1,"featured_media":151191,"comment_status":"open","ping_status":"open","sticky":false,"template":"","format":"standard","meta":{"footnotes":""},"categories":[2],"tags":[16445,3591,1972,5034,297,4120,3196,3197,4119],"class_list":["post-151190","post","type-post","status-publish","format-standard","has-post-thumbnail","hentry","category-kibris","tag-gemi","tag-ismail","tag-kazasinda","tag-kurt","tag-son","tag-ugurlandi","tag-yasamini","tag-yitiren","tag-yolculuguna"],"_links":{"self":[{"href":"https:\/\/www.kibrishost.com\/tak\/wp-json\/wp\/v2\/posts\/151190"}],"collection":[{"href":"https:\/\/www.kibrishost.com\/tak\/wp-json\/wp\/v2\/posts"}],"about":[{"href":"https:\/\/www.kibrishost.com\/tak\/wp-json\/wp\/v2\/types\/post"}],"author":[{"embeddable":true,"href":"https:\/\/www.kibrishost.com\/tak\/wp-json\/wp\/v2\/users\/1"}],"replies":[{"embeddable":true,"href":"https:\/\/www.kibrishost.com\/tak\/wp-json\/wp\/v2\/comments?post=151190"}],"version-history":[{"count":1,"href":"https:\/\/www.kibrishost.com\/tak\/wp-json\/wp\/v2\/posts\/151190\/revisions"}],"predecessor-version":[{"id":151196,"href":"https:\/\/www.kibrishost.com\/tak\/wp-json\/wp\/v2\/posts\/151190\/revisions\/151196"}],"wp:featuredmedia":[{"embeddable":true,"href":"https:\/\/www.kibrishost.com\/tak\/wp-json\/wp\/v2\/media\/151191"}],"wp:attachment":[{"href":"https:\/\/www.kibrishost.com\/tak\/wp-json\/wp\/v2\/media?parent=151190"}],"wp:term":[{"taxonomy":"category","embeddable":true,"href":"https:\/\/www.kibrishost.com\/tak\/wp-json\/wp\/v2\/categories?post=151190"},{"taxonomy":"post_tag","embeddable":true,"href":"https:\/\/www.kibrishost.com\/tak\/wp-json\/wp\/v2\/tags?post=151190"}],"curies":[{"name":"wp","href":"https:\/\/api.w.org\/{rel}","templated":true}]}}