{"id":151184,"date":"2026-09-04T14:50:21","date_gmt":"2026-09-04T11:50:21","guid":{"rendered":"https:\/\/www.kibrishost.com\/tak\/lefkosanin-bazi-bolgelerinde-telefon-hizmetlerinde-kesinti-yasanacak\/"},"modified":"2026-09-04T14:50:21","modified_gmt":"2026-09-04T11:50:21","slug":"lefkosanin-bazi-bolgelerinde-telefon-hizmetlerinde-kesinti-yasanacak","status":"publish","type":"post","link":"https:\/\/www.kibrishost.com\/tak\/lefkosanin-bazi-bolgelerinde-telefon-hizmetlerinde-kesinti-yasanacak\/","title":{"rendered":"Lefko\u015fa\u2019n\u0131n baz\u0131 b\u00f6lgelerinde telefon hizmetlerinde kesinti ya\u015fanacak"},"content":{"rendered":"<p>Telekom\u00fcnikasyon Dairesi, hafta sonu boyunca Lefko\u015fa\u2019n\u0131n baz\u0131 b\u00f6lgelerinde telefon hizmetlerinde kesinti ya\u015fanaca\u011f\u0131n\u0131 duyurdu.<\/p>\n<p>Daireden yap\u0131lan a\u00e7\u0131klamaya g\u00f6re, ge\u00e7ici kesinti Lefko\u015fa\u2019da y\u00fcr\u00fct\u00fclen saha dolab\u0131 yenileme ve de\u011fi\u015fim \u00e7al\u0131\u015fmalar\u0131 nedeniyle yar\u0131n ve pazar g\u00fcn\u00fc yap\u0131lacak. <\/p>\n<p>Altyap\u0131n\u0131n yeni sisteme aktar\u0131lmas\u0131 s\u0131ras\u0131nda Gelibolu, Bakanl\u0131klar, K\u0131z\u0131lba\u015f ve Marmara b\u00f6lgelerinin bir k\u0131sm\u0131nda telefon hizmeti belirli s\u00fcreyle verilemeyecek. <\/p>\n<p>A\u00e7\u0131klamada, \u00e7al\u0131\u015fmalar\u0131n en k\u0131sa s\u00fcrede tamamlanarak hizmetin yeniden sa\u011flanmas\u0131 i\u00e7in ekiplerin \u00e7al\u0131\u015fmalar\u0131n\u0131 s\u00fcrd\u00fcrd\u00fc\u011f\u00fc kaydedildi.<\/p><\/p>\n","protected":false},"excerpt":{"rendered":"<p>Telekom\u00fcnikasyon Dairesi, hafta sonu boyunca Lefko\u015fa\u2019n\u0131n baz\u0131 b\u00f6lgelerinde telefon hizmetlerinde kesinti ya\u015fanaca\u011f\u0131n\u0131 duyurdu. Daireden yap\u0131lan a\u00e7\u0131klamaya g\u00f6re, ge\u00e7ici kesinti Lefko\u015fa\u2019da y\u00fcr\u00fct\u00fclen saha dolab\u0131 yenileme ve de\u011fi\u015fim \u00e7al\u0131\u015fmalar\u0131 nedeniyle yar\u0131n ve pazar g\u00fcn\u00fc yap\u0131lacak. Altyap\u0131n\u0131n yeni sisteme aktar\u0131lmas\u0131 s\u0131ras\u0131nda Gelibolu, Bakanl\u0131klar, K\u0131z\u0131lba\u015f ve Marmara b\u00f6lgelerinin bir k\u0131sm\u0131nda telefon hizmeti belirli s\u00fcreyle verilemeyecek. A\u00e7\u0131klamada, \u00e7al\u0131\u015fmalar\u0131n en k\u0131sa &hellip;<\/p>\n","protected":false},"author":1,"featured_media":151185,"comment_status":"open","ping_status":"open","sticky":false,"template":"","format":"standard","meta":{"footnotes":""},"categories":[2],"tags":[17379,964,1420,22378,5784,6139,2382],"class_list":["post-151184","post","type-post","status-publish","format-standard","has-post-thumbnail","hentry","category-kibris","tag-yasanacak","tag-bazi","tag-bolgelerinde","tag-hizmetlerinde","tag-kesinti","tag-lefkosanin","tag-telefon"],"_links":{"self":[{"href":"https:\/\/www.kibrishost.com\/tak\/wp-json\/wp\/v2\/posts\/151184"}],"collection":[{"href":"https:\/\/www.kibrishost.com\/tak\/wp-json\/wp\/v2\/posts"}],"about":[{"href":"https:\/\/www.kibrishost.com\/tak\/wp-json\/wp\/v2\/types\/post"}],"author":[{"embeddable":true,"href":"https:\/\/www.kibrishost.com\/tak\/wp-json\/wp\/v2\/users\/1"}],"replies":[{"embeddable":true,"href":"https:\/\/www.kibrishost.com\/tak\/wp-json\/wp\/v2\/comments?post=151184"}],"version-history":[{"count":0,"href":"https:\/\/www.kibrishost.com\/tak\/wp-json\/wp\/v2\/posts\/151184\/revisions"}],"wp:featuredmedia":[{"embeddable":true,"href":"https:\/\/www.kibrishost.com\/tak\/wp-json\/wp\/v2\/media\/151185"}],"wp:attachment":[{"href":"https:\/\/www.kibrishost.com\/tak\/wp-json\/wp\/v2\/media?parent=151184"}],"wp:term":[{"taxonomy":"category","embeddable":true,"href":"https:\/\/www.kibrishost.com\/tak\/wp-json\/wp\/v2\/categories?post=151184"},{"taxonomy":"post_tag","embeddable":true,"href":"https:\/\/www.kibrishost.com\/tak\/wp-json\/wp\/v2\/tags?post=151184"}],"curies":[{"name":"wp","href":"https:\/\/api.w.org\/{rel}","templated":true}]}}