{"id":151180,"date":"2026-09-04T14:10:37","date_gmt":"2026-09-04T11:10:37","guid":{"rendered":"https:\/\/www.kibrishost.com\/tak\/mersin-limaninda-kimyasal-sizinti-yogun-kokudan-35-kisi-etkilendi\/"},"modified":"2026-09-04T14:10:37","modified_gmt":"2026-09-04T11:10:37","slug":"mersin-limaninda-kimyasal-sizinti-yogun-kokudan-35-kisi-etkilendi","status":"publish","type":"post","link":"https:\/\/www.kibrishost.com\/tak\/mersin-limaninda-kimyasal-sizinti-yogun-kokudan-35-kisi-etkilendi\/","title":{"rendered":"Mersin Liman\u0131&#8217;nda kimyasal s\u0131z\u0131nt\u0131: Yo\u011fun kokudan 35 ki\u015fi etkilendi"},"content":{"rendered":"<p>Mersin Valili\u011fi, Mersin Uluslararas\u0131 Liman\u0131&#8217;nda bir i\u015f makinesinin konteynerin \u00fczerine devrilmesi sonucu &#8220;etil akrilat&#8221; olarak de\u011ferlendirilen maddenin \u00e7evreye s\u0131zd\u0131\u011f\u0131n\u0131, AFAD KBRN ekiplerince yap\u0131lan incelemede herhangi bir olumsuzlu\u011fa rastlanmad\u0131\u011f\u0131n\u0131 ve yo\u011fun kokudan etkilenen 35 ki\u015finin sa\u011fl\u0131k durumunun iyi oldu\u011funu bildirdi.<\/p>\n<p>Valilikten yap\u0131lan yaz\u0131l\u0131 a\u00e7\u0131klamada, 4 Eyl\u00fcl saat 02.20 s\u0131ralar\u0131nda Mersin Uluslararas\u0131 Liman\u0131&#8217;nda i\u015f kazas\u0131 meydana geldi\u011fi belirtildi.<\/p>\n<p>B\u00f6lgeye AFAD ekiplerinin g\u00f6nderildi\u011fi kaydedilen a\u00e7\u0131klamada, \u015fu ifadelere yer verildi:<\/p>\n<p>&#8220;AFAD ekiplerince yap\u0131lan incelemede, i\u015f makinesinin bir konteynerin \u00fczerine devrilmesi sonucu s\u0131z\u0131nt\u0131 meydana geldi\u011fi ve &#8216;etil akrilat&#8217; olarak de\u011ferlendirilen maddenin \u00e7evreye yay\u0131larak yo\u011fun kokuya neden oldu\u011fu tespit edilmi\u015ftir. AFAD KBRN ekiplerince yap\u0131lan \u00f6l\u00e7\u00fcmlerde herhangi bir olumsuz de\u011fere rastlanmam\u0131\u015ft\u0131r. Tedbir amac\u0131yla b\u00f6lgede g\u00fcvenlik alan\u0131 olu\u015fturulmu\u015f ve k\u0131sa s\u00fcrede konteyner izole bir alanda bulunan g\u00fcvenlik havuzuna ta\u015f\u0131nm\u0131\u015ft\u0131r. Yo\u011fun kokudan etkilenen 35 ki\u015finin genel sa\u011fl\u0131k durumlar\u0131 iyi olup sa\u011fl\u0131k g\u00f6zetimleri s\u00fcrd\u00fcr\u00fclmektedir.&#8221;<\/p>\n<p>Durumdan etkilenenlere ge\u00e7mi\u015f olsun dile\u011fi iletilen a\u00e7\u0131klamada, olaya ili\u015fkin \u00e7al\u0131\u015fmalar\u0131n Valilik koordinasyonunda ilgili kurumlarca titizlikle y\u00fcr\u00fct\u00fcld\u00fc\u011f\u00fc kaydedildi.<\/p><\/p>\n","protected":false},"excerpt":{"rendered":"<p>Mersin Valili\u011fi, Mersin Uluslararas\u0131 Liman\u0131&#8217;nda bir i\u015f makinesinin konteynerin \u00fczerine devrilmesi sonucu &#8220;etil akrilat&#8221; olarak de\u011ferlendirilen maddenin \u00e7evreye s\u0131zd\u0131\u011f\u0131n\u0131, AFAD KBRN ekiplerince yap\u0131lan incelemede herhangi bir olumsuzlu\u011fa rastlanmad\u0131\u011f\u0131n\u0131 ve yo\u011fun kokudan etkilenen 35 ki\u015finin sa\u011fl\u0131k durumunun iyi oldu\u011funu bildirdi. Valilikten yap\u0131lan yaz\u0131l\u0131 a\u00e7\u0131klamada, 4 Eyl\u00fcl saat 02.20 s\u0131ralar\u0131nda Mersin Uluslararas\u0131 Liman\u0131&#8217;nda i\u015f kazas\u0131 meydana geldi\u011fi &hellip;<\/p>\n","protected":false},"author":1,"featured_media":151181,"comment_status":"open","ping_status":"open","sticky":false,"template":"","format":"standard","meta":{"footnotes":""},"categories":[3],"tags":[1976,6023,303,48789,4401,12411,28251,4060],"class_list":["post-151180","post","type-post","status-publish","format-standard","has-post-thumbnail","hentry","category-turkiye","tag-etkilendi","tag-kimyasal","tag-kisi","tag-kokudan","tag-limaninda","tag-mersin","tag-sizinti","tag-yogun"],"_links":{"self":[{"href":"https:\/\/www.kibrishost.com\/tak\/wp-json\/wp\/v2\/posts\/151180"}],"collection":[{"href":"https:\/\/www.kibrishost.com\/tak\/wp-json\/wp\/v2\/posts"}],"about":[{"href":"https:\/\/www.kibrishost.com\/tak\/wp-json\/wp\/v2\/types\/post"}],"author":[{"embeddable":true,"href":"https:\/\/www.kibrishost.com\/tak\/wp-json\/wp\/v2\/users\/1"}],"replies":[{"embeddable":true,"href":"https:\/\/www.kibrishost.com\/tak\/wp-json\/wp\/v2\/comments?post=151180"}],"version-history":[{"count":0,"href":"https:\/\/www.kibrishost.com\/tak\/wp-json\/wp\/v2\/posts\/151180\/revisions"}],"wp:featuredmedia":[{"embeddable":true,"href":"https:\/\/www.kibrishost.com\/tak\/wp-json\/wp\/v2\/media\/151181"}],"wp:attachment":[{"href":"https:\/\/www.kibrishost.com\/tak\/wp-json\/wp\/v2\/media?parent=151180"}],"wp:term":[{"taxonomy":"category","embeddable":true,"href":"https:\/\/www.kibrishost.com\/tak\/wp-json\/wp\/v2\/categories?post=151180"},{"taxonomy":"post_tag","embeddable":true,"href":"https:\/\/www.kibrishost.com\/tak\/wp-json\/wp\/v2\/tags?post=151180"}],"curies":[{"name":"wp","href":"https:\/\/api.w.org\/{rel}","templated":true}]}}