{"id":151172,"date":"2026-09-04T13:40:36","date_gmt":"2026-09-04T10:40:36","guid":{"rendered":"https:\/\/www.kibrishost.com\/tak\/yarin-ic-kesimlerde-kisa-sureli-saganak-bekleniyor\/"},"modified":"2026-09-04T13:40:36","modified_gmt":"2026-09-04T10:40:36","slug":"yarin-ic-kesimlerde-kisa-sureli-saganak-bekleniyor","status":"publish","type":"post","link":"https:\/\/www.kibrishost.com\/tak\/yarin-ic-kesimlerde-kisa-sureli-saganak-bekleniyor\/","title":{"rendered":"Yar\u0131n i\u00e7 kesimlerde k\u0131sa s\u00fcreli sa\u011fanak bekleniyor"},"content":{"rendered":"<p>Meteoroloji Dairesi, yar\u0131n \u00f6\u011fle saatleri i\u00e7 kesimlerde k\u0131sa s\u00fcreli sa\u011fanak beklendi\u011fini duyurdu.<\/p>\n<p>Meteoroloji Dairesi\u2019nin 5-11 Eyl\u00fcl tarihlerini kapsayan Haftal\u0131k Hava Tahmin Raporu\u2019na g\u00f6re, b\u00f6lge s\u0131cak ve nispeten nemli, yar\u0131n ise serin ve nemli hava k\u00fctlesinin etkisi alt\u0131nda kalacak.<\/p>\n<p>En y\u00fcksek hava s\u0131cakl\u0131\u011f\u0131n\u0131n i\u00e7 kesimlerde 36 \u2013 39, sahillerde 32 \u2013 35 ve da\u011fl\u0131k kesimlerde 29 \u2013 32; en d\u00fc\u015f\u00fck hava s\u0131cakl\u0131\u011f\u0131n\u0131n ise i\u00e7 kesimlerde 17 \u2013 20, sahillerde 23 \u2013 26 ve da\u011fl\u0131k kesimlerde18 \u2013 21 derece olmas\u0131 bekleniyor.<\/p>\n<p>Yar\u0131n a\u00e7\u0131k ve az bulutlu \u00f6\u011fle saatleri i\u00e7 kesimler par\u00e7al\u0131 bulutlu ve k\u0131sa s\u00fcreli sa\u011fanak olmas\u0131 beklenirken, pazar g\u00fcn\u00fc a\u00e7\u0131k ve az bulutlu, sabah saatleri yer yer sisli ve di\u011fer g\u00fcnler ise a\u00e7\u0131k ve az bulutlu ge\u00e7ecek.<\/p>\n<p>R\u00fczgar, genellikle G\u00fcney ve Bat\u0131 y\u00f6nlerden orta kuvvette zaman zaman kuvvetli olarak esecek.<\/p><\/p>\n","protected":false},"excerpt":{"rendered":"<p>Meteoroloji Dairesi, yar\u0131n \u00f6\u011fle saatleri i\u00e7 kesimlerde k\u0131sa s\u00fcreli sa\u011fanak beklendi\u011fini duyurdu. Meteoroloji Dairesi\u2019nin 5-11 Eyl\u00fcl tarihlerini kapsayan Haftal\u0131k Hava Tahmin Raporu\u2019na g\u00f6re, b\u00f6lge s\u0131cak ve nispeten nemli, yar\u0131n ise serin ve nemli hava k\u00fctlesinin etkisi alt\u0131nda kalacak. En y\u00fcksek hava s\u0131cakl\u0131\u011f\u0131n\u0131n i\u00e7 kesimlerde 36 \u2013 39, sahillerde 32 \u2013 35 ve da\u011fl\u0131k kesimlerde 29 &hellip;<\/p>\n","protected":false},"author":1,"featured_media":151173,"comment_status":"open","ping_status":"open","sticky":false,"template":"","format":"standard","meta":{"footnotes":""},"categories":[2],"tags":[3633,1550,4889,1715,3632,3550,54],"class_list":["post-151172","post","type-post","status-publish","format-standard","has-post-thumbnail","hentry","category-kibris","tag-bekleniyor","tag-ic","tag-kesimlerde","tag-kisa","tag-saganak","tag-sureli","tag-yarin"],"_links":{"self":[{"href":"https:\/\/www.kibrishost.com\/tak\/wp-json\/wp\/v2\/posts\/151172"}],"collection":[{"href":"https:\/\/www.kibrishost.com\/tak\/wp-json\/wp\/v2\/posts"}],"about":[{"href":"https:\/\/www.kibrishost.com\/tak\/wp-json\/wp\/v2\/types\/post"}],"author":[{"embeddable":true,"href":"https:\/\/www.kibrishost.com\/tak\/wp-json\/wp\/v2\/users\/1"}],"replies":[{"embeddable":true,"href":"https:\/\/www.kibrishost.com\/tak\/wp-json\/wp\/v2\/comments?post=151172"}],"version-history":[{"count":0,"href":"https:\/\/www.kibrishost.com\/tak\/wp-json\/wp\/v2\/posts\/151172\/revisions"}],"wp:featuredmedia":[{"embeddable":true,"href":"https:\/\/www.kibrishost.com\/tak\/wp-json\/wp\/v2\/media\/151173"}],"wp:attachment":[{"href":"https:\/\/www.kibrishost.com\/tak\/wp-json\/wp\/v2\/media?parent=151172"}],"wp:term":[{"taxonomy":"category","embeddable":true,"href":"https:\/\/www.kibrishost.com\/tak\/wp-json\/wp\/v2\/categories?post=151172"},{"taxonomy":"post_tag","embeddable":true,"href":"https:\/\/www.kibrishost.com\/tak\/wp-json\/wp\/v2\/tags?post=151172"}],"curies":[{"name":"wp","href":"https:\/\/api.w.org\/{rel}","templated":true}]}}