{"id":151150,"date":"2026-09-04T12:50:30","date_gmt":"2026-09-04T09:50:30","guid":{"rendered":"https:\/\/www.kibrishost.com\/tak\/kibris-travma-afet-ve-kriz-calisma-grubundan-deniz-faciasi-sonrasi-toplumsal-destek-rehberi\/"},"modified":"2026-09-04T12:50:30","modified_gmt":"2026-09-04T09:50:30","slug":"kibris-travma-afet-ve-kriz-calisma-grubundan-deniz-faciasi-sonrasi-toplumsal-destek-rehberi","status":"publish","type":"post","link":"https:\/\/www.kibrishost.com\/tak\/kibris-travma-afet-ve-kriz-calisma-grubundan-deniz-faciasi-sonrasi-toplumsal-destek-rehberi\/","title":{"rendered":"K\u0131br\u0131s Travma, Afet ve Kriz \u00c7al\u0131\u015fma Grubu\u2019ndan deniz facias\u0131 sonras\u0131 toplumsal destek rehberi"},"content":{"rendered":"<p>G\u00f6n\u00fcll\u00fc psikiyatristler, psikologlar ve alan\u0131nda uzman akademisyenlerden olu\u015fan K\u0131br\u0131s Travma, Afet ve Kriz \u00c7al\u0131\u015fma Grubu, ya\u015fanan deniz facias\u0131n\u0131n toplum \u00fczerindeki olas\u0131 etkilerine kar\u015f\u0131 bireylerin kendilerini ve \u00e7evrelerindekileri nas\u0131l destekleyebileceklerini anlatan bir bilgilendirme bro\u015f\u00fcr\u00fc haz\u0131rlad\u0131.<\/p>\n<p>Grup taraf\u0131ndan haz\u0131rlanan, \u201cKendimiz nas\u0131l ba\u015f edebiliriz ve birbirimizi nas\u0131l destekleyebiliriz?\u201d ba\u015fl\u0131kl\u0131 bro\u015f\u00fcrde, olay\u0131n toplum \u00fczerindeki olas\u0131 etkileri, haber ve sosyal medya kullan\u0131m\u0131, \u00e7ocuklar\u0131n ve ya\u015fl\u0131lar\u0131n korunmas\u0131 ile toplumsal dayan\u0131\u015fman\u0131n \u00f6nemine ili\u015fkin bilgilere yer verildi.<\/p>\n<p>Deniz facias\u0131yla do\u011frudan ba\u011flant\u0131s\u0131 bulunmayan ki\u015filerin de haberler, g\u00f6r\u00fcnt\u00fcler, sosyal medya payla\u015f\u0131mlar\u0131, \u00e7evrede yap\u0131lan konu\u015fmalar ve toplumdaki ortak keder nedeniyle etkilenebilece\u011fini vurgulanan bro\u015f\u00fcrde, bu s\u00fcre\u00e7te korku, \u00fcz\u00fcnt\u00fc, kayg\u0131, \u00f6fke veya \u00e7aresizlik hissedilebilece\u011fi; uykuya dalma, dikkati toplama ve bir s\u00fcre g\u00fcnl\u00fck ya\u015fama odaklanma konusunda g\u00fc\u00e7l\u00fck ya\u015fanabilece\u011fi belirtildi.<\/p>\n<p>&#8211; \u201cYa\u015fananlardan etkilenmek bir zay\u0131fl\u0131k g\u00f6stergesi de\u011fildir; etkilenmemi\u015f hissetmek de duyars\u0131zl\u0131k anlam\u0131na gelmez\u201d<\/p>\n<p>\u0130nsanlar\u0131n ayn\u0131 olaydan farkl\u0131 bi\u00e7imlerde etkilenebilece\u011fi kaydedilen bro\u015f\u00fcrde, \u201cYa\u015fananlardan etkilenmek bir zay\u0131fl\u0131k g\u00f6stergesi de\u011fildir; etkilenmemi\u015f hissetmek de duyars\u0131zl\u0131k anlam\u0131na gelmez.\u201d denildi.<\/p>\n<p>Geli\u015fmelerin g\u00fcvenilir kaynaklardan takip edilmesi ve do\u011frulu\u011fundan emin olunmayan bilgilerin payla\u015f\u0131lmamas\u0131 \u00f6nerilen bro\u015f\u00fcrde, ayn\u0131 haber ve g\u00f6r\u00fcnt\u00fclerin tekrar tekrar izlenmesinin ya\u015fanan s\u0131k\u0131nt\u0131y\u0131 art\u0131rabilece\u011fi belirtildi. \u00a0Bro\u015f\u00fcrde, yaralanma, \u00f6l\u00fcm veya kurtarma \u00e7al\u0131\u015fmalar\u0131na ili\u015fkin rahats\u0131z edici g\u00f6r\u00fcnt\u00fclerin de ba\u015fkalar\u0131na g\u00f6nderilmemesi gerekti\u011fi vurguland\u0131.<\/p>\n<p>&#8211; \u201c\u00c7ocuklar rahats\u0131z edici g\u00f6r\u00fcnt\u00fclerden korunmal\u0131\u201d<\/p>\n<p>\u00c7ocuklara y\u00f6nelik yakla\u015f\u0131m\u0131n ya\u015flar\u0131na ve olay hakk\u0131nda bildiklerine g\u00f6re belirlenmesi gerekti\u011fine i\u015faret edilen bro\u015f\u00fcrde, \u00e7ocuklar\u0131n rahats\u0131z edici g\u00f6r\u00fcnt\u00fclerden korunmas\u0131 ve g\u00fcnl\u00fck rutinlerini m\u00fcmk\u00fcn oldu\u011funca s\u00fcrd\u00fcrmelerinin desteklenmesi tavsiye edildi.<\/p>\n<p>\u00c7ocu\u011fa \u00f6ncelikle olay hakk\u0131nda ne bildi\u011finin sorulmas\u0131, yanl\u0131\u015f bilgilerin sakin bir \u015fekilde d\u00fczeltilmesi ve sorular\u0131na k\u0131sa, somut, d\u00fcr\u00fcst ve ya\u015f\u0131na uygun yan\u0131tlar verilmesi gerekti\u011fi belirtilen bro\u015f\u00fcrde, konu\u015fmak istemeyen \u00e7ocuk ve ergenlerin ise zorlanmamas\u0131 gerekti\u011finin alt\u0131 \u00e7izildi.<\/p>\n<p>&#8211; \u201cToplum olarak birbirimize g\u00f6sterece\u011fimiz \u00f6zen, do\u011fru bilgi, g\u00fcvenli ili\u015fkiler ve dayan\u0131\u015fma, zor zamanlardan ge\u00e7erken \u00f6nemli koruyucu kaynaklar\u0131m\u0131zd\u0131r\u201d<\/p>\n<p>Ya\u015fl\u0131 bireylerle ba\u011flant\u0131da kalman\u0131n ve g\u00fcnl\u00fck ileti\u015fimi s\u00fcrd\u00fcrmenin de \u00f6nemine dikkat \u00e7ekilen bro\u015f\u00fcrde, ihtiya\u00e7lar\u0131n\u0131n somut sorularla \u00f6\u011frenilmesi ve do\u011fru bilgiye ula\u015fmalar\u0131na yard\u0131mc\u0131 olunmas\u0131 \u00f6nerildi.<\/p>\n<p>Bro\u015f\u00fcrde ya\u015fl\u0131lar\u0131n uyku, yemek, ila\u00e7 kullan\u0131m\u0131, hareket ve g\u00fcnl\u00fck d\u00fczenlerinin desteklenmesi, ancak onlar\u0131n yerine karar verilmemesi ve kendi se\u00e7imlerini yapmalar\u0131na alan tan\u0131nmas\u0131 gerekti\u011fi ifade edildi.<\/p>\n<p>Facian\u0131n ard\u0131ndan bireylerin g\u00fcvendikleri insanlarla konu\u015fmalar\u0131, yaln\u0131zla\u015fmamalar\u0131, g\u00fcnl\u00fck ya\u015famlar\u0131n\u0131 s\u00fcrd\u00fcrmeleri ve ihtiya\u00e7 duyduklar\u0131nda haber ve sosyal medya kullan\u0131m\u0131na ara vermeleri de \u00f6nerilen bro\u015f\u00fcrde, \u201cToplum olarak birbirimize g\u00f6sterece\u011fimiz \u00f6zen, do\u011fru bilgi, g\u00fcvenli ili\u015fkiler ve dayan\u0131\u015fma, zor zamanlardan ge\u00e7erken \u00f6nemli koruyucu kaynaklar\u0131m\u0131zd\u0131r.\u201d ifadeleri kullan\u0131ld\u0131.<\/p>\n<p>(CPY\/\u00d6Z)\u00a0 \u00a0 \u00a0 \u00a0Bro\u015f\u00fcr ektedir<\/p>\n<\/p>\n<p>\u00a0<\/p><\/p>\n","protected":false},"excerpt":{"rendered":"<p>G\u00f6n\u00fcll\u00fc psikiyatristler, psikologlar ve alan\u0131nda uzman akademisyenlerden olu\u015fan K\u0131br\u0131s Travma, Afet ve Kriz \u00c7al\u0131\u015fma Grubu, ya\u015fanan deniz facias\u0131n\u0131n toplum \u00fczerindeki olas\u0131 etkilerine kar\u015f\u0131 bireylerin kendilerini ve \u00e7evrelerindekileri nas\u0131l destekleyebileceklerini anlatan bir bilgilendirme bro\u015f\u00fcr\u00fc haz\u0131rlad\u0131. Grup taraf\u0131ndan haz\u0131rlanan, \u201cKendimiz nas\u0131l ba\u015f edebiliriz ve birbirimizi nas\u0131l destekleyebiliriz?\u201d ba\u015fl\u0131kl\u0131 bro\u015f\u00fcrde, olay\u0131n toplum \u00fczerindeki olas\u0131 etkileri, haber ve sosyal &hellip;<\/p>\n","protected":false},"author":1,"featured_media":151151,"comment_status":"open","ping_status":"open","sticky":false,"template":"","format":"standard","meta":{"footnotes":""},"categories":[2],"tags":[4178,346,521,1094,34151,23615,122,5695,21838,1300,4373,48785],"class_list":["post-151150","post","type-post","status-publish","format-standard","has-post-thumbnail","hentry","category-kibris","tag-afet","tag-calisma","tag-deniz","tag-destek","tag-faciasi","tag-grubundan","tag-kibris","tag-kriz","tag-rehberi","tag-sonrasi","tag-toplumsal","tag-travma"],"_links":{"self":[{"href":"https:\/\/www.kibrishost.com\/tak\/wp-json\/wp\/v2\/posts\/151150"}],"collection":[{"href":"https:\/\/www.kibrishost.com\/tak\/wp-json\/wp\/v2\/posts"}],"about":[{"href":"https:\/\/www.kibrishost.com\/tak\/wp-json\/wp\/v2\/types\/post"}],"author":[{"embeddable":true,"href":"https:\/\/www.kibrishost.com\/tak\/wp-json\/wp\/v2\/users\/1"}],"replies":[{"embeddable":true,"href":"https:\/\/www.kibrishost.com\/tak\/wp-json\/wp\/v2\/comments?post=151150"}],"version-history":[{"count":0,"href":"https:\/\/www.kibrishost.com\/tak\/wp-json\/wp\/v2\/posts\/151150\/revisions"}],"wp:featuredmedia":[{"embeddable":true,"href":"https:\/\/www.kibrishost.com\/tak\/wp-json\/wp\/v2\/media\/151151"}],"wp:attachment":[{"href":"https:\/\/www.kibrishost.com\/tak\/wp-json\/wp\/v2\/media?parent=151150"}],"wp:term":[{"taxonomy":"category","embeddable":true,"href":"https:\/\/www.kibrishost.com\/tak\/wp-json\/wp\/v2\/categories?post=151150"},{"taxonomy":"post_tag","embeddable":true,"href":"https:\/\/www.kibrishost.com\/tak\/wp-json\/wp\/v2\/tags?post=151150"}],"curies":[{"name":"wp","href":"https:\/\/api.w.org\/{rel}","templated":true}]}}