{"id":151146,"date":"2026-09-04T12:40:27","date_gmt":"2026-09-04T09:40:27","guid":{"rendered":"https:\/\/www.kibrishost.com\/tak\/ustalik-ve-kalfalik-belgesi-yazili-sinavlari-30-eylulde-yapilacak\/"},"modified":"2026-09-04T12:40:27","modified_gmt":"2026-09-04T09:40:27","slug":"ustalik-ve-kalfalik-belgesi-yazili-sinavlari-30-eylulde-yapilacak","status":"publish","type":"post","link":"https:\/\/www.kibrishost.com\/tak\/ustalik-ve-kalfalik-belgesi-yazili-sinavlari-30-eylulde-yapilacak\/","title":{"rendered":"Ustal\u0131k ve Kalfal\u0131k Belgesi Yaz\u0131l\u0131 S\u0131navlar\u0131 30 Eyl\u00fcl\u2019de yap\u0131lacak"},"content":{"rendered":"<p>Milli E\u011fitim Bakanl\u0131\u011f\u0131 Mesleki Teknik \u00d6\u011fretim Dairesi, Ustal\u0131k ve Kalfal\u0131k Belgesi Yaz\u0131l\u0131 S\u0131navlar\u0131n\u0131n 30 Eyl\u00fcl \u00c7ar\u015famba g\u00fcn\u00fc yap\u0131laca\u011f\u0131n\u0131 bildirdi.<\/p>\n<p>Daire M\u00fcd\u00fcr\u00fc G\u00fcl\u015fen Hocan\u0131n\u2019\u0131n yapt\u0131\u011f\u0131 yaz\u0131l\u0131 a\u00e7\u0131klamaya g\u00f6re, \u00c7\u0131rakl\u0131k ve Mesleki E\u011fitim Yasas\u0131 uyar\u0131nca d\u00fczenlenen Ustal\u0131k ve Kalfal\u0131k Belgesi Yaz\u0131l\u0131 S\u0131navlar\u0131, saat 14.00&#8217;te Osman \u00d6rek Meslek Lisesi&#8217;nde ger\u00e7ekle\u015ftirilecek.<\/p>\n<p>Yaz\u0131l\u0131 s\u0131nava kat\u0131lmak isteyen adaylar\u0131n, 7\u201321 Eyl\u00fcl tarihleri aras\u0131nda 08.00 &#8211; 15.00 saatleri aras\u0131nda Milli E\u011fitim Bakanl\u0131\u011f\u0131 Mesleki Teknik \u00d6\u011fretim Dairesi\u2019ne \u015fahsen ba\u015fvurmalar\u0131 gerekti\u011fi kaydedildi. <\/p>\n<p>(EMR\/\u00d6Z)\u00a0<\/p><\/p>\n","protected":false},"excerpt":{"rendered":"<p>Milli E\u011fitim Bakanl\u0131\u011f\u0131 Mesleki Teknik \u00d6\u011fretim Dairesi, Ustal\u0131k ve Kalfal\u0131k Belgesi Yaz\u0131l\u0131 S\u0131navlar\u0131n\u0131n 30 Eyl\u00fcl \u00c7ar\u015famba g\u00fcn\u00fc yap\u0131laca\u011f\u0131n\u0131 bildirdi. Daire M\u00fcd\u00fcr\u00fc G\u00fcl\u015fen Hocan\u0131n\u2019\u0131n yapt\u0131\u011f\u0131 yaz\u0131l\u0131 a\u00e7\u0131klamaya g\u00f6re, \u00c7\u0131rakl\u0131k ve Mesleki E\u011fitim Yasas\u0131 uyar\u0131nca d\u00fczenlenen Ustal\u0131k ve Kalfal\u0131k Belgesi Yaz\u0131l\u0131 S\u0131navlar\u0131, saat 14.00&#8217;te Osman \u00d6rek Meslek Lisesi&#8217;nde ger\u00e7ekle\u015ftirilecek. Yaz\u0131l\u0131 s\u0131nava kat\u0131lmak isteyen adaylar\u0131n, 7\u201321 Eyl\u00fcl tarihleri &hellip;<\/p>\n","protected":false},"author":1,"featured_media":151147,"comment_status":"open","ping_status":"open","sticky":false,"template":"","format":"standard","meta":{"footnotes":""},"categories":[2],"tags":[2597,3442,8099,934,8098,422,3923],"class_list":["post-151146","post","type-post","status-publish","format-standard","has-post-thumbnail","hentry","category-kibris","tag-belgesi","tag-eylulde","tag-kalfalik","tag-sinavlari","tag-ustalik","tag-yapilacak","tag-yazili"],"_links":{"self":[{"href":"https:\/\/www.kibrishost.com\/tak\/wp-json\/wp\/v2\/posts\/151146"}],"collection":[{"href":"https:\/\/www.kibrishost.com\/tak\/wp-json\/wp\/v2\/posts"}],"about":[{"href":"https:\/\/www.kibrishost.com\/tak\/wp-json\/wp\/v2\/types\/post"}],"author":[{"embeddable":true,"href":"https:\/\/www.kibrishost.com\/tak\/wp-json\/wp\/v2\/users\/1"}],"replies":[{"embeddable":true,"href":"https:\/\/www.kibrishost.com\/tak\/wp-json\/wp\/v2\/comments?post=151146"}],"version-history":[{"count":0,"href":"https:\/\/www.kibrishost.com\/tak\/wp-json\/wp\/v2\/posts\/151146\/revisions"}],"wp:featuredmedia":[{"embeddable":true,"href":"https:\/\/www.kibrishost.com\/tak\/wp-json\/wp\/v2\/media\/151147"}],"wp:attachment":[{"href":"https:\/\/www.kibrishost.com\/tak\/wp-json\/wp\/v2\/media?parent=151146"}],"wp:term":[{"taxonomy":"category","embeddable":true,"href":"https:\/\/www.kibrishost.com\/tak\/wp-json\/wp\/v2\/categories?post=151146"},{"taxonomy":"post_tag","embeddable":true,"href":"https:\/\/www.kibrishost.com\/tak\/wp-json\/wp\/v2\/tags?post=151146"}],"curies":[{"name":"wp","href":"https:\/\/api.w.org\/{rel}","templated":true}]}}