{"id":151140,"date":"2026-09-04T12:10:41","date_gmt":"2026-09-04T09:10:41","guid":{"rendered":"https:\/\/www.kibrishost.com\/tak\/yesilirmak-direnis-ve-butunlesme-gunu-yarin-torenlerle-kutlanacak\/"},"modified":"2026-09-04T12:10:41","modified_gmt":"2026-09-04T09:10:41","slug":"yesilirmak-direnis-ve-butunlesme-gunu-yarin-torenlerle-kutlanacak","status":"publish","type":"post","link":"https:\/\/www.kibrishost.com\/tak\/yesilirmak-direnis-ve-butunlesme-gunu-yarin-torenlerle-kutlanacak\/","title":{"rendered":"Ye\u015fil\u0131rmak Direni\u015f ve B\u00fct\u00fcnle\u015fme G\u00fcn\u00fc yar\u0131n t\u00f6renlerle kutlanacak"},"content":{"rendered":"<p>Ye\u015fil\u0131rmak Direni\u015f ve B\u00fct\u00fcnle\u015fme G\u00fcn\u00fc\u2019n\u00fcn 52\u2019nci y\u0131l d\u00f6n\u00fcm\u00fc yar\u0131n Ye\u015fil\u0131rmak\u2019ta t\u00f6renlerle kutlanacak.<\/p>\n<p>Lefke Kaymakaml\u0131\u011f\u0131\u2019ndan yap\u0131lan a\u00e7\u0131klamaya g\u00f6re, ilk t\u00f6ren saat 17.30\u2019da Ye\u015fil\u0131rmak \u015eehitli\u011fi\u2019nde, ikinci t\u00f6ren ise 18.15\u2019te Atat\u00fcrk B\u00fcst\u00fc \u00f6n\u00fcnde yap\u0131lacak.<\/p>\n<p>Ye\u015fil\u0131rmak \u015eehitli\u011fi\u2019ndeki ilk t\u00f6rende, \u00e7elenklerin an\u0131ta sunulmas\u0131 ve \u0130stiklal Mar\u015f\u0131 ile bayraklar\u0131n g\u00f6ndere \u00e7ekilmesinin ard\u0131ndan protokol taraf\u0131ndan \u00f6zel defter imzalanacak. Dini vecibenin yerine getirilmesi, \u015fehitli\u011fin gezilmesi ve an\u0131ta \u00e7i\u00e7ek sunulmas\u0131yla t\u00f6ren sona erecek.<\/p>\n<p>Atat\u00fcrk B\u00fcst\u00fc\u2019ndeki ikinci t\u00f6rende de \u00e7elenkler An\u0131ta sunulacak, \u015fehitler i\u00e7in bir dakikal\u0131k sayg\u0131 duru\u015funda bulunulacak ve \u0130stiklal Mar\u015f\u0131 e\u015fli\u011finde bayraklar g\u00f6ndere \u00e7ekilecek. Ard\u0131ndan t\u00f6ren birlikleri denetlenecek ve g\u00fcn\u00fcn anlam ve \u00f6nemini belirten konu\u015fmalar yap\u0131lacak. T\u00f6ren, t\u00f6ren ge\u00e7isi ile son bulacak.<\/p>\n<p>-Ye\u015fil\u0131rmak \u2013 Yedidalga \u00dcreticiler Birli\u011fi mesaj\u0131\u2026<\/p>\n<p>Ye\u015fil\u0131rmak \u2013 Yedidalga \u00dcreticiler Birli\u011fi Ba\u015fkan\u0131 Cavit Atalar, g\u00fcn dolay\u0131s\u0131yla yay\u0131mlad\u0131\u011f\u0131 mesajda, Ye\u015fil\u0131rmak Direni\u015fi\u2019ni ve \u00f6nemini anlatarak, t\u00fcm halk\u0131 yar\u0131n d\u00fczenlenecek t\u00f6renlere kat\u0131lmaya davet etti.<\/p>\n<p>Atalar mesaj\u0131nda, Ye\u015fil\u0131rmak Sanca\u011f\u0131\u2019n\u0131n K\u0131br\u0131s T\u00fcrk m\u00fccadele tarihinde \u00e7ok \u00f6nemli g\u00f6revleri ba\u015far\u0131 ile ger\u00e7ekle\u015ftirdi\u011fini belirterek, \u201c16 A\u011fustos 1974 tarihinden 5 Eyl\u00fcl 1974 tarihine kadar Ye\u015fil\u0131rmak Sanca\u011f\u0131 m\u00fccahitleri Lefke\u2019den Ye\u015fil\u0131rmak\u2019a kadar Kuzey K\u0131br\u0131s T\u00fcrk Cumhuriyeti\u2019nin y\u00fczde 10 alan\u0131n\u0131 savunmu\u015f ve Kahraman Mehmet\u00e7iklerin 5 Eyl\u00fcl 1974 g\u00fcn\u00fc Ye\u015fil\u0131rmak\u2019a gelmesiyle Kuzey K\u0131br\u0131s T\u00fcrk Cumhuriyeti\u2019nin kesin s\u0131n\u0131rlar\u0131 \u00e7izilmi\u015ftir.\u201d dedi.<\/p>\n<p>Atalar mesaj\u0131nda, \u015fehitleri ve ebediyete intikal eden gazileri and\u0131, hayatta olan gazilere uzun \u00f6m\u00fcrler diledi.<\/p>\n<p>(FS\/\u00d6Z)\u00a0<\/p><\/p>\n","protected":false},"excerpt":{"rendered":"<p>Ye\u015fil\u0131rmak Direni\u015f ve B\u00fct\u00fcnle\u015fme G\u00fcn\u00fc\u2019n\u00fcn 52\u2019nci y\u0131l d\u00f6n\u00fcm\u00fc yar\u0131n Ye\u015fil\u0131rmak\u2019ta t\u00f6renlerle kutlanacak. Lefke Kaymakaml\u0131\u011f\u0131\u2019ndan yap\u0131lan a\u00e7\u0131klamaya g\u00f6re, ilk t\u00f6ren saat 17.30\u2019da Ye\u015fil\u0131rmak \u015eehitli\u011fi\u2019nde, ikinci t\u00f6ren ise 18.15\u2019te Atat\u00fcrk B\u00fcst\u00fc \u00f6n\u00fcnde yap\u0131lacak. Ye\u015fil\u0131rmak \u015eehitli\u011fi\u2019ndeki ilk t\u00f6rende, \u00e7elenklerin an\u0131ta sunulmas\u0131 ve \u0130stiklal Mar\u015f\u0131 ile bayraklar\u0131n g\u00f6ndere \u00e7ekilmesinin ard\u0131ndan protokol taraf\u0131ndan \u00f6zel defter imzalanacak. Dini vecibenin yerine getirilmesi, &hellip;<\/p>\n","protected":false},"author":1,"featured_media":151141,"comment_status":"open","ping_status":"open","sticky":false,"template":"","format":"standard","meta":{"footnotes":""},"categories":[2],"tags":[4378,361,607,4379,2420,54,4377],"class_list":["post-151140","post","type-post","status-publish","format-standard","has-post-thumbnail","hentry","category-kibris","tag-butunlesme","tag-direnis","tag-gunu","tag-kutlanacak","tag-torenlerle","tag-yarin","tag-yesilirmak"],"_links":{"self":[{"href":"https:\/\/www.kibrishost.com\/tak\/wp-json\/wp\/v2\/posts\/151140"}],"collection":[{"href":"https:\/\/www.kibrishost.com\/tak\/wp-json\/wp\/v2\/posts"}],"about":[{"href":"https:\/\/www.kibrishost.com\/tak\/wp-json\/wp\/v2\/types\/post"}],"author":[{"embeddable":true,"href":"https:\/\/www.kibrishost.com\/tak\/wp-json\/wp\/v2\/users\/1"}],"replies":[{"embeddable":true,"href":"https:\/\/www.kibrishost.com\/tak\/wp-json\/wp\/v2\/comments?post=151140"}],"version-history":[{"count":0,"href":"https:\/\/www.kibrishost.com\/tak\/wp-json\/wp\/v2\/posts\/151140\/revisions"}],"wp:featuredmedia":[{"embeddable":true,"href":"https:\/\/www.kibrishost.com\/tak\/wp-json\/wp\/v2\/media\/151141"}],"wp:attachment":[{"href":"https:\/\/www.kibrishost.com\/tak\/wp-json\/wp\/v2\/media?parent=151140"}],"wp:term":[{"taxonomy":"category","embeddable":true,"href":"https:\/\/www.kibrishost.com\/tak\/wp-json\/wp\/v2\/categories?post=151140"},{"taxonomy":"post_tag","embeddable":true,"href":"https:\/\/www.kibrishost.com\/tak\/wp-json\/wp\/v2\/tags?post=151140"}],"curies":[{"name":"wp","href":"https:\/\/api.w.org\/{rel}","templated":true}]}}