{"id":151138,"date":"2026-09-04T12:10:32","date_gmt":"2026-09-04T09:10:32","guid":{"rendered":"https:\/\/www.kibrishost.com\/tak\/un-youth-champions-for-environment-and-peace-programi-ekimde-yapilacak\/"},"modified":"2026-09-04T12:10:32","modified_gmt":"2026-09-04T09:10:32","slug":"un-youth-champions-for-environment-and-peace-programi-ekimde-yapilacak","status":"publish","type":"post","link":"https:\/\/www.kibrishost.com\/tak\/un-youth-champions-for-environment-and-peace-programi-ekimde-yapilacak\/","title":{"rendered":"\u201cUN Youth Champions for Environment and Peace\u201d program\u0131 Ekim\u2019de yap\u0131lacak"},"content":{"rendered":"<p>Birle\u015fmi\u015f Milletler Bar\u0131\u015f G\u00fcc\u00fc (UNFICYP) ve British Council i\u015f birli\u011finde y\u00fcr\u00fct\u00fclen UN Youth Champions for Environment and Peace program\u0131n\u0131n 2026 d\u00f6nemi ba\u015fvurular\u0131 ba\u015flad\u0131.<\/p>\n<p>3-4 ve 10-11 Ekim tarihlerinde yap\u0131lacak program 18-30 ya\u015f aras\u0131 gen\u00e7leri bir araya getirerek \u00e7evre ve bar\u0131\u015f konular\u0131nda ortak projeler geli\u015ftirmelerini destekliyor.<\/p><\/p>\n","protected":false},"excerpt":{"rendered":"<p>Birle\u015fmi\u015f Milletler Bar\u0131\u015f G\u00fcc\u00fc (UNFICYP) ve British Council i\u015f birli\u011finde y\u00fcr\u00fct\u00fclen UN Youth Champions for Environment and Peace program\u0131n\u0131n 2026 d\u00f6nemi ba\u015fvurular\u0131 ba\u015flad\u0131. 3-4 ve 10-11 Ekim tarihlerinde yap\u0131lacak program 18-30 ya\u015f aras\u0131 gen\u00e7leri bir araya getirerek \u00e7evre ve bar\u0131\u015f konular\u0131nda ortak projeler geli\u015ftirmelerini destekliyor.<\/p>\n","protected":false},"author":1,"featured_media":151139,"comment_status":"open","ping_status":"open","sticky":false,"template":"","format":"standard","meta":{"footnotes":""},"categories":[2],"tags":[7849,48782,4474,48783,7720,7721,1448,33498,422,14384],"class_list":["post-151138","post","type-post","status-publish","format-standard","has-post-thumbnail","hentry","category-kibris","tag-and","tag-champions","tag-ekimde","tag-environment","tag-for","tag-peace","tag-programi","tag-un","tag-yapilacak","tag-youth"],"_links":{"self":[{"href":"https:\/\/www.kibrishost.com\/tak\/wp-json\/wp\/v2\/posts\/151138"}],"collection":[{"href":"https:\/\/www.kibrishost.com\/tak\/wp-json\/wp\/v2\/posts"}],"about":[{"href":"https:\/\/www.kibrishost.com\/tak\/wp-json\/wp\/v2\/types\/post"}],"author":[{"embeddable":true,"href":"https:\/\/www.kibrishost.com\/tak\/wp-json\/wp\/v2\/users\/1"}],"replies":[{"embeddable":true,"href":"https:\/\/www.kibrishost.com\/tak\/wp-json\/wp\/v2\/comments?post=151138"}],"version-history":[{"count":0,"href":"https:\/\/www.kibrishost.com\/tak\/wp-json\/wp\/v2\/posts\/151138\/revisions"}],"wp:featuredmedia":[{"embeddable":true,"href":"https:\/\/www.kibrishost.com\/tak\/wp-json\/wp\/v2\/media\/151139"}],"wp:attachment":[{"href":"https:\/\/www.kibrishost.com\/tak\/wp-json\/wp\/v2\/media?parent=151138"}],"wp:term":[{"taxonomy":"category","embeddable":true,"href":"https:\/\/www.kibrishost.com\/tak\/wp-json\/wp\/v2\/categories?post=151138"},{"taxonomy":"post_tag","embeddable":true,"href":"https:\/\/www.kibrishost.com\/tak\/wp-json\/wp\/v2\/tags?post=151138"}],"curies":[{"name":"wp","href":"https:\/\/api.w.org\/{rel}","templated":true}]}}