{"id":151131,"date":"2026-09-04T11:50:21","date_gmt":"2026-09-04T08:50:21","guid":{"rendered":"https:\/\/www.kibrishost.com\/tak\/ustel-iki-kisinin-daha-naasina-ulasildi\/"},"modified":"2026-09-04T11:50:31","modified_gmt":"2026-09-04T08:50:31","slug":"ustel-iki-kisinin-daha-naasina-ulasildi","status":"publish","type":"post","link":"https:\/\/www.kibrishost.com\/tak\/ustel-iki-kisinin-daha-naasina-ulasildi\/","title":{"rendered":"\u00dcstel: \u201c\u0130ki ki\u015finin daha naa\u015f\u0131na ula\u015f\u0131ld\u0131\u201d"},"content":{"rendered":"<p>Ba\u015fbakan \u00dcnal \u00dcstel, Girne a\u00e7\u0131klar\u0131nda meydana gelen deniz kazas\u0131n\u0131n ard\u0131ndan s\u00fcrd\u00fcr\u00fclen arama \u00e7al\u0131\u015fmalar\u0131nda iki ki\u015finin daha daha naa\u015f\u0131na ula\u015f\u0131ld\u0131\u011f\u0131n\u0131 belirtti.<\/p>\n<p>\u00dcstel, kazada hayat\u0131n\u0131 kaybedenlerin 12\u2019ye y\u00fckseldi\u011fini, kay\u0131p 16 ki\u015fiyi arama kurtarma \u00e7al\u0131\u015fmalar\u0131n\u0131n s\u00fcrd\u00fc\u011f\u00fcn\u00fc kaydetti.<\/p>\n<p>Ba\u015fbakan \u00dcnal \u00dcstel, bu sabah Girne Turizm Liman\u0131 giri\u015finde kay\u0131p yak\u0131nlar\u0131yla bir araya geldi.<\/p>\n<p>\u00dcstel\u2019e, Milli E\u011fitim Bakan\u0131 Naz\u0131m \u00c7avu\u015fo\u011flu ile Tar\u0131m ve Do\u011fal Kaynaklar Bakan\u0131 H\u00fcseyin \u00c7avu\u015f da e\u015flik etti.<\/p>\n<p>Bas\u0131n mensuplar\u0131na a\u00e7\u0131klama yapan \u00dcstel, T\u00fcrk Deniz Kuvvetlerine ba\u011fl\u0131 TCG I\u015f\u0131n ve TCG Alemdar gemilerinin derin sularda y\u00fcr\u00fctt\u00fc\u011f\u00fc arama faaliyetleri neticesinde ula\u015f\u0131lan iki naa\u015f\u0131n da kad\u0131n oldu\u011funun belirlendi\u011fini ifade etti.<\/p>\n<p>Polis te\u015fkilat\u0131 taraf\u0131ndan kimlik tespit \u00e7al\u0131\u015fmalar\u0131na ba\u015fland\u0131\u011f\u0131n\u0131 ifade eden \u00dcstel, \u201cKay\u0131p 16 insan\u0131m\u0131za ula\u015fmak amac\u0131yla T\u00fcrkiye Cumhuriyeti\u2019nin g\u00fc\u00e7l\u00fc deste\u011fi ve ilgili t\u00fcm birimlerimizin kat\u0131l\u0131m\u0131yla arama faaliyetlerimiz 7 g\u00fcn 24 saat esas\u0131na g\u00f6re aral\u0131ks\u0131z devam etmektedir. \u00c7al\u0131\u015fmalar\u0131 \u00e7ok b\u00fcy\u00fck zorluklar i\u00e7erisinde yap\u0131yorlar.\u201d dedi.<\/p>\n<p>\u00dcstel, \u00e7al\u0131\u015fmar\u0131n 554 metre derinlikte robotik \u00e7al\u0131\u015fmalarla yap\u0131ld\u0131\u011f\u0131n\u0131 dile getirdi.<\/p>\n<p>\u201cBu zorlu s\u00fcre\u00e7te ilk andan itibaren yan\u0131m\u0131zda olan T\u00fcrkiye Cumhuriyeti\u2019ne, T\u00fcrk Deniz Kuvvetleri Komutanl\u0131\u011f\u0131\u2019na ve Deniz Kuvvetleri Komutan\u0131 Oramiral Erc\u00fcment Tatl\u0131o\u011flu\u2019na, T\u00fcrk Bar\u0131\u015f Kuvvetleri Komutanl\u0131\u011f\u0131m\u0131za ve G\u00fcvenlik Kuvvetleri Komutanl\u0131\u011f\u0131m\u0131za te\u015fekk\u00fcr ediyoruz.\u201d \u00a0ifadesine yer veren \u00dcstel,\u00a0ayn\u0131 \u015fekilde, TCG I\u015f\u0131n ve TCG Alemdar gemilerinin komutanlar\u0131na ve personeline, arama \u00e7al\u0131\u015fmalar\u0131nda gece g\u00fcnd\u00fcz b\u00fcy\u00fck bir \u00f6zveriyle g\u00f6rev yapan t\u00fcm askeri ve sivil ekiplere \u015f\u00fckranlar\u0131n\u0131 sundu.<\/p>\n<p>Arama \u00e7al\u0131\u015fmalar\u0131nda g\u00f6rev alan t\u00fcm ekiplerin, kay\u0131plara ula\u015fmak i\u00e7in ayn\u0131 kararl\u0131l\u0131k ve hassasiyetle \u00e7al\u0131\u015fmalar\u0131n\u0131 s\u00fcrd\u00fcrece\u011fini dile getiren \u00dcstel, \u201cHayat\u0131n\u0131 kaybeden insanlar\u0131m\u0131za Allah\u2019tan rahmet, ac\u0131l\u0131 ailelerine ve yak\u0131nlar\u0131na sab\u0131r diliyoruz. Milletimizin bir kez daha ba\u015f\u0131 sa\u011f olsun.\u201d dedi.<\/p>\n<p>T\u00fcrkiye Cumhuriyeti Cumhurba\u015fkan\u0131 Yard\u0131mc\u0131s\u0131 Cevdet Y\u0131lmaz\u2019\u0131n KKTC\u2019ye geldi\u011fini kaydeden \u00dcstel, T\u00fcrkiye Cumhurba\u015fkan\u0131 Recep Tayyip Erdo\u011fan\u2019\u0131n da geli\u015fmeleri bizzat takip etti\u011fini dile getirdi.<\/p>\n<p>Sorumlular\u0131n hukuk kar\u015f\u0131s\u0131nda hesap verece\u011fini dile getiren \u00dcstel, \u201cH\u00fck\u00fcmet olarak bu kazan\u0131n ara\u015ft\u0131r\u0131lmas\u0131 i\u00e7in Cumhuriyet Meclisi\u2019ne bir ara\u015ft\u0131rma \u00f6nergesi veriyoruz. D\u00fcnden itibaren ba\u015fvurumuzu da yapm\u0131\u015f bulunmaktay\u0131z.\u201d ifadelerine yer verdi.<\/p>\n<p>Haber: Mehmet Kara\u00a0 \u00a0 \u00a0 \u00a0 \u00a0Foto\u011fraf: S\u00fcleyman \u00d6nal<\/p>\n<\/p>\n<p><img decoding=\"async\" width=\"1024\" height=\"684\" src=\"https:\/\/www.kibrishost.com\/tak\/wp-content\/uploads\/2026\/09\/ustel-iki-kisinin-daha-naasina-ulasildi-1-1024x684.jpg\" class=\"aligncenter wp-image-151133\" alt=\"\u00dcstel: \u201c\u0130ki ki\u015finin daha naa\u015f\u0131na ula\u015f\u0131ld\u0131\u201d\" loading=\"lazy\" srcset=\"https:\/\/www.kibrishost.com\/tak\/wp-content\/uploads\/2026\/09\/ustel-iki-kisinin-daha-naasina-ulasildi-1-1024x684.jpg 1024w, https:\/\/www.kibrishost.com\/tak\/wp-content\/uploads\/2026\/09\/ustel-iki-kisinin-daha-naasina-ulasildi-1-300x200.jpg 300w, https:\/\/www.kibrishost.com\/tak\/wp-content\/uploads\/2026\/09\/ustel-iki-kisinin-daha-naasina-ulasildi-1-768x513.jpg 768w, https:\/\/www.kibrishost.com\/tak\/wp-content\/uploads\/2026\/09\/ustel-iki-kisinin-daha-naasina-ulasildi-1-1536x1025.jpg 1536w, https:\/\/www.kibrishost.com\/tak\/wp-content\/uploads\/2026\/09\/ustel-iki-kisinin-daha-naasina-ulasildi-1.jpg 2048w\" sizes=\"(max-width: 1024px) 100vw, 1024px\" \/><\/p>\n<p><img decoding=\"async\" width=\"1024\" height=\"684\" src=\"https:\/\/www.kibrishost.com\/tak\/wp-content\/uploads\/2026\/09\/ustel-iki-kisinin-daha-naasina-ulasildi-2-1024x684.jpg\" class=\"aligncenter wp-image-151134\" alt=\"\u00dcstel: \u201c\u0130ki ki\u015finin daha naa\u015f\u0131na ula\u015f\u0131ld\u0131\u201d\" loading=\"lazy\" srcset=\"https:\/\/www.kibrishost.com\/tak\/wp-content\/uploads\/2026\/09\/ustel-iki-kisinin-daha-naasina-ulasildi-2-1024x684.jpg 1024w, https:\/\/www.kibrishost.com\/tak\/wp-content\/uploads\/2026\/09\/ustel-iki-kisinin-daha-naasina-ulasildi-2-300x200.jpg 300w, https:\/\/www.kibrishost.com\/tak\/wp-content\/uploads\/2026\/09\/ustel-iki-kisinin-daha-naasina-ulasildi-2-768x513.jpg 768w, https:\/\/www.kibrishost.com\/tak\/wp-content\/uploads\/2026\/09\/ustel-iki-kisinin-daha-naasina-ulasildi-2-1536x1025.jpg 1536w, https:\/\/www.kibrishost.com\/tak\/wp-content\/uploads\/2026\/09\/ustel-iki-kisinin-daha-naasina-ulasildi-2.jpg 2048w\" sizes=\"(max-width: 1024px) 100vw, 1024px\" \/><\/p>\n","protected":false},"excerpt":{"rendered":"<p>Ba\u015fbakan \u00dcnal \u00dcstel, Girne a\u00e7\u0131klar\u0131nda meydana gelen deniz kazas\u0131n\u0131n ard\u0131ndan s\u00fcrd\u00fcr\u00fclen arama \u00e7al\u0131\u015fmalar\u0131nda iki ki\u015finin daha daha naa\u015f\u0131na ula\u015f\u0131ld\u0131\u011f\u0131n\u0131 belirtti. \u00dcstel, kazada hayat\u0131n\u0131 kaybedenlerin 12\u2019ye y\u00fckseldi\u011fini, kay\u0131p 16 ki\u015fiyi arama kurtarma \u00e7al\u0131\u015fmalar\u0131n\u0131n s\u00fcrd\u00fc\u011f\u00fcn\u00fc kaydetti. Ba\u015fbakan \u00dcnal \u00dcstel, bu sabah Girne Turizm Liman\u0131 giri\u015finde kay\u0131p yak\u0131nlar\u0131yla bir araya geldi. \u00dcstel\u2019e, Milli E\u011fitim Bakan\u0131 Naz\u0131m \u00c7avu\u015fo\u011flu ile &hellip;<\/p>\n","protected":false},"author":1,"featured_media":151132,"comment_status":"open","ping_status":"open","sticky":false,"template":"","format":"standard","meta":{"footnotes":""},"categories":[2],"tags":[1436,77,2761,36779,4206,1016],"class_list":["post-151131","post","type-post","status-publish","format-standard","has-post-thumbnail","hentry","category-kibris","tag-daha","tag-iki","tag-kisinin","tag-naasina","tag-ulasildi","tag-ustel"],"_links":{"self":[{"href":"https:\/\/www.kibrishost.com\/tak\/wp-json\/wp\/v2\/posts\/151131"}],"collection":[{"href":"https:\/\/www.kibrishost.com\/tak\/wp-json\/wp\/v2\/posts"}],"about":[{"href":"https:\/\/www.kibrishost.com\/tak\/wp-json\/wp\/v2\/types\/post"}],"author":[{"embeddable":true,"href":"https:\/\/www.kibrishost.com\/tak\/wp-json\/wp\/v2\/users\/1"}],"replies":[{"embeddable":true,"href":"https:\/\/www.kibrishost.com\/tak\/wp-json\/wp\/v2\/comments?post=151131"}],"version-history":[{"count":1,"href":"https:\/\/www.kibrishost.com\/tak\/wp-json\/wp\/v2\/posts\/151131\/revisions"}],"predecessor-version":[{"id":151135,"href":"https:\/\/www.kibrishost.com\/tak\/wp-json\/wp\/v2\/posts\/151131\/revisions\/151135"}],"wp:featuredmedia":[{"embeddable":true,"href":"https:\/\/www.kibrishost.com\/tak\/wp-json\/wp\/v2\/media\/151132"}],"wp:attachment":[{"href":"https:\/\/www.kibrishost.com\/tak\/wp-json\/wp\/v2\/media?parent=151131"}],"wp:term":[{"taxonomy":"category","embeddable":true,"href":"https:\/\/www.kibrishost.com\/tak\/wp-json\/wp\/v2\/categories?post=151131"},{"taxonomy":"post_tag","embeddable":true,"href":"https:\/\/www.kibrishost.com\/tak\/wp-json\/wp\/v2\/tags?post=151131"}],"curies":[{"name":"wp","href":"https:\/\/api.w.org\/{rel}","templated":true}]}}