{"id":151129,"date":"2026-09-04T11:40:31","date_gmt":"2026-09-04T08:40:31","guid":{"rendered":"https:\/\/www.kibrishost.com\/tak\/disisleri-bakanligi-ap-kadin-haklari-ve-cinsiyet-esitligi-komisyonunun-anit-tavsiyesini-kinadi\/"},"modified":"2026-09-04T11:40:31","modified_gmt":"2026-09-04T08:40:31","slug":"disisleri-bakanligi-ap-kadin-haklari-ve-cinsiyet-esitligi-komisyonunun-anit-tavsiyesini-kinadi","status":"publish","type":"post","link":"https:\/\/www.kibrishost.com\/tak\/disisleri-bakanligi-ap-kadin-haklari-ve-cinsiyet-esitligi-komisyonunun-anit-tavsiyesini-kinadi\/","title":{"rendered":"D\u0131\u015fi\u015fleri Bakanl\u0131\u011f\u0131, AP Kad\u0131n Haklar\u0131 ve Cinsiyet E\u015fitli\u011fi Komisyonu\u2019nun an\u0131t tavsiyesini k\u0131nad\u0131"},"content":{"rendered":"<p>D\u0131\u015fi\u015fleri Bakanl\u0131\u011f\u0131, Avrupa Parlamentosu (AP) Kad\u0131n Haklar\u0131 ve Cinsiyet E\u015fitli\u011fi Komisyonu\u2019nun 2027 AB b\u00fct\u00e7esine ili\u015fkin verdi\u011fi g\u00f6r\u00fc\u015fte, G\u00fcney K\u0131br\u0131s Rum Y\u00f6netimi\u2019nin (GKRY) in\u015fa etmeyi planlad\u0131\u011f\u0131 an\u0131ta kaynak ayr\u0131lmas\u0131n\u0131 tavsiye etmesini k\u0131nad\u0131.<\/p>\n<p>D\u0131\u015fi\u015fleri Bakanl\u0131\u011f\u0131 taraf\u0131ndan yap\u0131lan yaz\u0131l\u0131 a\u00e7\u0131klamada, \u201cs\u00f6zde an\u0131t\u0131n Kahraman T\u00fcrk Silahl\u0131 Kuvvetleri\u2019ne iftira atmak amac\u0131yla in\u015fa edilmesinin planland\u0131\u011f\u0131 ve tarihi ger\u00e7eklerin \u00e7arp\u0131t\u0131lmas\u0131n\u0131n ama\u00e7land\u0131\u011f\u0131\u201d kaydedildi.<\/p>\n<p>A\u00e7\u0131klamada, Avrupa Birli\u011fi\u2019nin 2027 Mali Y\u0131l\u0131 Genel B\u00fct\u00e7esi \u00fczerinden GKRY taraf\u0131ndan Avrupa Komisyonu\u2019na bu y\u00f6nde \u00e7a\u011fr\u0131da bulunulmas\u0131 \u201ctarihi ger\u00e7ekleri tamamen \u00e7arp\u0131tmaya y\u00f6nelik as\u0131ls\u0131z bir itham ve karalama faaliyeti\u201d olarak de\u011ferlendirildi.<\/p>\n<p>A\u00e7\u0131klamada, \u015fu ifadelere yer verildi:<\/p>\n<p>\u201cK\u0131br\u0131s T\u00fcrk halk\u0131n\u0131 1963-1974 y\u0131llar\u0131 aras\u0131nda etnik temizli\u011fe maruz b\u0131rakan, sivil halka y\u00f6nelik sistematik sald\u0131r\u0131lar d\u00fczenleyen Rum paramiliter \u00f6rg\u00fctlerin ve ter\u00f6r \u00f6rg\u00fct\u00fc EOKA\u2019n\u0131n insanl\u0131k d\u0131\u015f\u0131 eylemlerini \u00f6rtbas etmeyi ama\u00e7layan bu zihniyet, GKRY\u2019nin K\u0131br\u0131s konusundaki yap\u0131c\u0131 olmayan ve tek yanl\u0131 yakla\u015f\u0131m\u0131n\u0131n yeni bir tezah\u00fcr\u00fcd\u00fcr.<\/p>\n<p>Kahraman T\u00fcrk Silahl\u0131 Kuvvetleri\u2019nin, Mutlu Bar\u0131\u015f Harekat\u0131\u2019yla adadaki\u00a0 K\u0131br\u0131s T\u00fcrk halk\u0131n\u0131 yok olmaktan kurtarmak amac\u0131yla 1974 y\u0131l\u0131nda ger\u00e7ekle\u015ftirdi\u011fi ve ada genelinde bar\u0131\u015f ve huzur ortam\u0131n\u0131 tesis eden yasal m\u00fcdahalesini g\u00f6lgelemeyi ama\u00e7layan bu siyasi giri\u015fim, Kuzey K\u0131br\u0131s T\u00fcrk Cumhuriyeti nezdinde hi\u00e7bir ge\u00e7erlili\u011fe sahip de\u011fildir ve yok h\u00fckm\u00fcndedir.<\/p>\n<p>Avrupa Parlamentosu\u2019nu ve ilgili AB kurumlar\u0131n\u0131, Rum-Yunan ikilisinin bu t\u00fcr manip\u00fclatif propagandalar\u0131na zemin haz\u0131rlamaktan vazge\u00e7meye; adadaki mevcut ger\u00e7ekler ve iki ayr\u0131 halk\u0131n varl\u0131\u011f\u0131 temelinde, KKTC\u2019nin egemen e\u015fitli\u011fi ile e\u015fit uluslararas\u0131 stat\u00fcs\u00fcn\u00fc dikkate alan uluslararas\u0131 hukuka uygun, tarafs\u0131z ve adil bir tutum sergilemeye davet ediyoruz.\u201d<\/p><\/p>\n","protected":false},"excerpt":{"rendered":"<p>D\u0131\u015fi\u015fleri Bakanl\u0131\u011f\u0131, Avrupa Parlamentosu (AP) Kad\u0131n Haklar\u0131 ve Cinsiyet E\u015fitli\u011fi Komisyonu\u2019nun 2027 AB b\u00fct\u00e7esine ili\u015fkin verdi\u011fi g\u00f6r\u00fc\u015fte, G\u00fcney K\u0131br\u0131s Rum Y\u00f6netimi\u2019nin (GKRY) in\u015fa etmeyi planlad\u0131\u011f\u0131 an\u0131ta kaynak ayr\u0131lmas\u0131n\u0131 tavsiye etmesini k\u0131nad\u0131. D\u0131\u015fi\u015fleri Bakanl\u0131\u011f\u0131 taraf\u0131ndan yap\u0131lan yaz\u0131l\u0131 a\u00e7\u0131klamada, \u201cs\u00f6zde an\u0131t\u0131n Kahraman T\u00fcrk Silahl\u0131 Kuvvetleri\u2019ne iftira atmak amac\u0131yla in\u015fa edilmesinin planland\u0131\u011f\u0131 ve tarihi ger\u00e7eklerin \u00e7arp\u0131t\u0131lmas\u0131n\u0131n ama\u00e7land\u0131\u011f\u0131\u201d kaydedildi. &hellip;<\/p>\n","protected":false},"author":1,"featured_media":151130,"comment_status":"open","ping_status":"open","sticky":false,"template":"","format":"standard","meta":{"footnotes":""},"categories":[2],"tags":[1906,1020,12054,1019,12055,1288,543,758,5997,48464],"class_list":["post-151129","post","type-post","status-publish","format-standard","has-post-thumbnail","hentry","category-kibris","tag-anit","tag-bakanligi","tag-cinsiyet","tag-disisleri","tag-esitligi","tag-haklari","tag-kadin","tag-kinadi","tag-komisyonunun","tag-tavsiyesini"],"_links":{"self":[{"href":"https:\/\/www.kibrishost.com\/tak\/wp-json\/wp\/v2\/posts\/151129"}],"collection":[{"href":"https:\/\/www.kibrishost.com\/tak\/wp-json\/wp\/v2\/posts"}],"about":[{"href":"https:\/\/www.kibrishost.com\/tak\/wp-json\/wp\/v2\/types\/post"}],"author":[{"embeddable":true,"href":"https:\/\/www.kibrishost.com\/tak\/wp-json\/wp\/v2\/users\/1"}],"replies":[{"embeddable":true,"href":"https:\/\/www.kibrishost.com\/tak\/wp-json\/wp\/v2\/comments?post=151129"}],"version-history":[{"count":0,"href":"https:\/\/www.kibrishost.com\/tak\/wp-json\/wp\/v2\/posts\/151129\/revisions"}],"wp:featuredmedia":[{"embeddable":true,"href":"https:\/\/www.kibrishost.com\/tak\/wp-json\/wp\/v2\/media\/151130"}],"wp:attachment":[{"href":"https:\/\/www.kibrishost.com\/tak\/wp-json\/wp\/v2\/media?parent=151129"}],"wp:term":[{"taxonomy":"category","embeddable":true,"href":"https:\/\/www.kibrishost.com\/tak\/wp-json\/wp\/v2\/categories?post=151129"},{"taxonomy":"post_tag","embeddable":true,"href":"https:\/\/www.kibrishost.com\/tak\/wp-json\/wp\/v2\/tags?post=151129"}],"curies":[{"name":"wp","href":"https:\/\/api.w.org\/{rel}","templated":true}]}}