{"id":151127,"date":"2026-09-04T11:40:24","date_gmt":"2026-09-04T08:40:24","guid":{"rendered":"https:\/\/www.kibrishost.com\/tak\/liman-sen-calisma-ve-sosyal-guvenlik-bakani-hakkinda-sorusturma-acilmasini-istedi\/"},"modified":"2026-09-04T11:40:24","modified_gmt":"2026-09-04T08:40:24","slug":"liman-sen-calisma-ve-sosyal-guvenlik-bakani-hakkinda-sorusturma-acilmasini-istedi","status":"publish","type":"post","link":"https:\/\/www.kibrishost.com\/tak\/liman-sen-calisma-ve-sosyal-guvenlik-bakani-hakkinda-sorusturma-acilmasini-istedi\/","title":{"rendered":"Liman-Sen, \u00c7al\u0131\u015fma ve Sosyal G\u00fcvenlik Bakan\u0131 hakk\u0131nda soru\u015fturma a\u00e7\u0131lmas\u0131n\u0131 istedi"},"content":{"rendered":"<p>H\u00fcr \u0130\u015f\u00e7i Sendikalar\u0131 Federasyonu\u2019na (H\u00fcr-\u0130\u015f) ba\u011fl\u0131 K\u0131br\u0131s T\u00fcrk Liman ve Ta\u015f\u0131t \u0130\u015f\u00e7ileri Sendikas\u0131 (Liman-Sen), \u00c7al\u0131\u015fma ve Sosyal G\u00fcvenlik Bakan\u0131 hakk\u0131nda, liman \u00e7al\u0131\u015fanlar\u0131n\u0131n haklar\u0131yla ilgili s\u00fcrecin y\u00fcr\u00fct\u00fclmesinde \u201cg\u00f6revini ihmal etti\u011fi\u201d iddias\u0131yla soru\u015fturma a\u00e7\u0131lmas\u0131 \u00e7a\u011fr\u0131s\u0131nda bulundu.<\/p>\n<p>H\u00fcr-\u0130\u015f Federasyonu Genel Sekreteri Ali Yeltekin, yaz\u0131l\u0131 a\u00e7\u0131klamas\u0131nda, Liman-Sen\u2019in 1 Ekim 2024-30 Eyl\u00fcl 2026 d\u00f6nemini kapsayan ve \u00c7al\u0131\u015fma ve Sosyal G\u00fcvenlik Bakanl\u0131\u011f\u0131 ba\u015fkanl\u0131\u011f\u0131ndaki Hakem Kurulu ile imzalanan Toplu \u0130\u015f S\u00f6zle\u015fmesi bulunmas\u0131na ra\u011fmen \u00f6zl\u00fck ve sosyal haklar\u0131n y\u00fcr\u00fcrl\u00fc\u011fe konmad\u0131\u011f\u0131n\u0131 ileri s\u00fcrd\u00fc.<\/p>\n<p>Yeltekin, sendikan\u0131n, 42\/96 say\u0131l\u0131 yasal mevzuat kapsam\u0131nda Uzla\u015ft\u0131rma Kurulu\u2019nun toplant\u0131ya \u00e7a\u011fr\u0131lmas\u0131 i\u00e7in bir\u00e7ok kez giri\u015fimde bulundu\u011funu ancak ilgili bakanl\u0131\u011f\u0131n bu y\u00f6nde ad\u0131m atmad\u0131\u011f\u0131n\u0131 savundu.<\/p>\n<p>Liman \u00e7al\u0131\u015fanlar\u0131n\u0131n \u00f6zl\u00fck haklar\u0131n\u0131n Yasa G\u00fcc\u00fcnde Kararname ile s\u00fcrd\u00fcr\u00fcld\u00fc\u011f\u00fcn\u00fc kaydeden Yeltekin, 90 g\u00fcn\u00fc a\u015fmas\u0131na ra\u011fmen yasala\u015fmayan yasa g\u00fcc\u00fcnde kararnamelerin nisan ay\u0131nda Anayasa Mahkemesi taraf\u0131ndan iptal edildi\u011fini belirtti.<\/p>\n<p>Bakanlar Kurulu taraf\u0131ndan limanlara atanan kayyumlar\u0131n g\u00f6revlerini yerine getirmedi\u011fi ve yasalara uygun hareket etmedi\u011fini de \u00f6ne s\u00fcren Yeltekin, s\u00fcre\u00e7 ve denetimde ihmalkarl\u0131k oldu\u011funu ileri s\u00fcrd\u00fc; soru\u015fturma talebinde bulundu.<\/p><\/p>\n","protected":false},"excerpt":{"rendered":"<p>H\u00fcr \u0130\u015f\u00e7i Sendikalar\u0131 Federasyonu\u2019na (H\u00fcr-\u0130\u015f) ba\u011fl\u0131 K\u0131br\u0131s T\u00fcrk Liman ve Ta\u015f\u0131t \u0130\u015f\u00e7ileri Sendikas\u0131 (Liman-Sen), \u00c7al\u0131\u015fma ve Sosyal G\u00fcvenlik Bakan\u0131 hakk\u0131nda, liman \u00e7al\u0131\u015fanlar\u0131n\u0131n haklar\u0131yla ilgili s\u00fcrecin y\u00fcr\u00fct\u00fclmesinde \u201cg\u00f6revini ihmal etti\u011fi\u201d iddias\u0131yla soru\u015fturma a\u00e7\u0131lmas\u0131 \u00e7a\u011fr\u0131s\u0131nda bulundu. H\u00fcr-\u0130\u015f Federasyonu Genel Sekreteri Ali Yeltekin, yaz\u0131l\u0131 a\u00e7\u0131klamas\u0131nda, Liman-Sen\u2019in 1 Ekim 2024-30 Eyl\u00fcl 2026 d\u00f6nemini kapsayan ve \u00c7al\u0131\u015fma ve Sosyal G\u00fcvenlik &hellip;<\/p>\n","protected":false},"author":1,"featured_media":151128,"comment_status":"open","ping_status":"open","sticky":false,"template":"","format":"standard","meta":{"footnotes":""},"categories":[2],"tags":[10157,314,346,734,1312,491,16598,2326,1922],"class_list":["post-151127","post","type-post","status-publish","format-standard","has-post-thumbnail","hentry","category-kibris","tag-acilmasini","tag-bakani","tag-calisma","tag-guvenlik","tag-hakkinda","tag-istedi","tag-liman-sen","tag-sorusturma","tag-sosyal"],"_links":{"self":[{"href":"https:\/\/www.kibrishost.com\/tak\/wp-json\/wp\/v2\/posts\/151127"}],"collection":[{"href":"https:\/\/www.kibrishost.com\/tak\/wp-json\/wp\/v2\/posts"}],"about":[{"href":"https:\/\/www.kibrishost.com\/tak\/wp-json\/wp\/v2\/types\/post"}],"author":[{"embeddable":true,"href":"https:\/\/www.kibrishost.com\/tak\/wp-json\/wp\/v2\/users\/1"}],"replies":[{"embeddable":true,"href":"https:\/\/www.kibrishost.com\/tak\/wp-json\/wp\/v2\/comments?post=151127"}],"version-history":[{"count":0,"href":"https:\/\/www.kibrishost.com\/tak\/wp-json\/wp\/v2\/posts\/151127\/revisions"}],"wp:featuredmedia":[{"embeddable":true,"href":"https:\/\/www.kibrishost.com\/tak\/wp-json\/wp\/v2\/media\/151128"}],"wp:attachment":[{"href":"https:\/\/www.kibrishost.com\/tak\/wp-json\/wp\/v2\/media?parent=151127"}],"wp:term":[{"taxonomy":"category","embeddable":true,"href":"https:\/\/www.kibrishost.com\/tak\/wp-json\/wp\/v2\/categories?post=151127"},{"taxonomy":"post_tag","embeddable":true,"href":"https:\/\/www.kibrishost.com\/tak\/wp-json\/wp\/v2\/tags?post=151127"}],"curies":[{"name":"wp","href":"https:\/\/api.w.org\/{rel}","templated":true}]}}