{"id":151121,"date":"2026-09-04T11:20:21","date_gmt":"2026-09-04T08:20:21","guid":{"rendered":"https:\/\/www.kibrishost.com\/tak\/izcilik-federasyonu-baskanligina-hakan-ince-secildi\/"},"modified":"2026-09-04T11:20:36","modified_gmt":"2026-09-04T08:20:36","slug":"izcilik-federasyonu-baskanligina-hakan-ince-secildi","status":"publish","type":"post","link":"https:\/\/www.kibrishost.com\/tak\/izcilik-federasyonu-baskanligina-hakan-ince-secildi\/","title":{"rendered":"\u0130zcilik Federasyonu Ba\u015fkanl\u0131\u011f\u0131na Hakan \u0130nce se\u00e7ildi"},"content":{"rendered":"<p>K\u0131br\u0131s T\u00fcrk \u0130zcilik Federasyonu Ba\u015fkanl\u0131\u011f\u0131na Hakan \u0130nce se\u00e7ildi.<\/p>\n<p>K\u0131br\u0131s T\u00fcrk \u0130zcilik Federasyonu\u2019ndan verilen bilgiye g\u00f6re, genel kurul, d\u00fcn Merkez Lefko\u015fa\u2019da ger\u00e7ekle\u015ftirildi. Genel kurul, \u0130stiklal Mar\u015f\u0131\u2019n\u0131n okunmas\u0131yla ba\u015flad\u0131. Ard\u0131ndan Federasyon Ba\u015fkan\u0131 Hakan \u0130nce a\u00e7\u0131l\u0131\u015f konu\u015fmas\u0131 yapt\u0131. <\/p>\n<p>Genel kurulda divan olu\u015fturularak, g\u00fcndem maddelerine ge\u00e7ildi. Faaliyet ve mali rapor g\u00f6r\u00fc\u015f\u00fcl\u00fcp akland\u0131. Faaliyet ve \u00e7al\u0131\u015fmalar\u0131n de\u011ferlendirilmesinin ard\u0131ndan yap\u0131lan se\u00e7imde Hakan \u0130nce yeniden ba\u015fkanl\u0131\u011fa se\u00e7ildi.<\/p>\n<p>Y\u00f6netim Kurulu\u2019na Metin Ersoy, Onur Ersoy, Hediye Sar\u0131kaya Yeti\u015f, Alk\u0131n Halito\u011flu, Hasan Kay\u0131plar ve Ahmet Kay\u0131plar se\u00e7ildi.<\/p>\n<p>Genel kurulun son b\u00f6l\u00fcm\u00fcnde dilek ve temenniler ele al\u0131narak \u00fcyelerin g\u00f6r\u00fc\u015f ve \u00f6nerileri dinlendi. Toplant\u0131, iyi dilek ve temennilerle sona erdi.<\/p>\n<\/p>\n<p>\u00a0<\/p>\n<\/p>\n<p><img decoding=\"async\" width=\"768\" height=\"1024\" src=\"https:\/\/www.kibrishost.com\/tak\/wp-content\/uploads\/2026\/09\/izcilik-federasyonu-baskanligina-hakan-ince-secildi-1-768x1024.jpg\" class=\"aligncenter wp-image-151123\" alt=\"\u0130zcilik Federasyonu Ba\u015fkanl\u0131\u011f\u0131na Hakan \u0130nce se\u00e7ildi\" loading=\"lazy\" srcset=\"https:\/\/www.kibrishost.com\/tak\/wp-content\/uploads\/2026\/09\/izcilik-federasyonu-baskanligina-hakan-ince-secildi-1-768x1024.jpg 768w, https:\/\/www.kibrishost.com\/tak\/wp-content\/uploads\/2026\/09\/izcilik-federasyonu-baskanligina-hakan-ince-secildi-1-225x300.jpg 225w, https:\/\/www.kibrishost.com\/tak\/wp-content\/uploads\/2026\/09\/izcilik-federasyonu-baskanligina-hakan-ince-secildi-1-1152x1536.jpg 1152w, https:\/\/www.kibrishost.com\/tak\/wp-content\/uploads\/2026\/09\/izcilik-federasyonu-baskanligina-hakan-ince-secildi-1.jpg 1536w\" sizes=\"(max-width: 768px) 100vw, 768px\" \/><\/p>\n","protected":false},"excerpt":{"rendered":"<p>K\u0131br\u0131s T\u00fcrk \u0130zcilik Federasyonu Ba\u015fkanl\u0131\u011f\u0131na Hakan \u0130nce se\u00e7ildi. K\u0131br\u0131s T\u00fcrk \u0130zcilik Federasyonu\u2019ndan verilen bilgiye g\u00f6re, genel kurul, d\u00fcn Merkez Lefko\u015fa\u2019da ger\u00e7ekle\u015ftirildi. Genel kurul, \u0130stiklal Mar\u015f\u0131\u2019n\u0131n okunmas\u0131yla ba\u015flad\u0131. Ard\u0131ndan Federasyon Ba\u015fkan\u0131 Hakan \u0130nce a\u00e7\u0131l\u0131\u015f konu\u015fmas\u0131 yapt\u0131. Genel kurulda divan olu\u015fturularak, g\u00fcndem maddelerine ge\u00e7ildi. Faaliyet ve mali rapor g\u00f6r\u00fc\u015f\u00fcl\u00fcp akland\u0131. Faaliyet ve \u00e7al\u0131\u015fmalar\u0131n de\u011ferlendirilmesinin ard\u0131ndan yap\u0131lan se\u00e7imde &hellip;<\/p>\n","protected":false},"author":1,"featured_media":151122,"comment_status":"open","ping_status":"open","sticky":false,"template":"","format":"standard","meta":{"footnotes":""},"categories":[2],"tags":[5544,2155,8908,5293,9518,856],"class_list":["post-151121","post","type-post","status-publish","format-standard","has-post-thumbnail","hentry","category-kibris","tag-baskanligina","tag-federasyonu","tag-hakan","tag-ince","tag-izcilik","tag-secildi"],"_links":{"self":[{"href":"https:\/\/www.kibrishost.com\/tak\/wp-json\/wp\/v2\/posts\/151121"}],"collection":[{"href":"https:\/\/www.kibrishost.com\/tak\/wp-json\/wp\/v2\/posts"}],"about":[{"href":"https:\/\/www.kibrishost.com\/tak\/wp-json\/wp\/v2\/types\/post"}],"author":[{"embeddable":true,"href":"https:\/\/www.kibrishost.com\/tak\/wp-json\/wp\/v2\/users\/1"}],"replies":[{"embeddable":true,"href":"https:\/\/www.kibrishost.com\/tak\/wp-json\/wp\/v2\/comments?post=151121"}],"version-history":[{"count":1,"href":"https:\/\/www.kibrishost.com\/tak\/wp-json\/wp\/v2\/posts\/151121\/revisions"}],"predecessor-version":[{"id":151124,"href":"https:\/\/www.kibrishost.com\/tak\/wp-json\/wp\/v2\/posts\/151121\/revisions\/151124"}],"wp:featuredmedia":[{"embeddable":true,"href":"https:\/\/www.kibrishost.com\/tak\/wp-json\/wp\/v2\/media\/151122"}],"wp:attachment":[{"href":"https:\/\/www.kibrishost.com\/tak\/wp-json\/wp\/v2\/media?parent=151121"}],"wp:term":[{"taxonomy":"category","embeddable":true,"href":"https:\/\/www.kibrishost.com\/tak\/wp-json\/wp\/v2\/categories?post=151121"},{"taxonomy":"post_tag","embeddable":true,"href":"https:\/\/www.kibrishost.com\/tak\/wp-json\/wp\/v2\/tags?post=151121"}],"curies":[{"name":"wp","href":"https:\/\/api.w.org\/{rel}","templated":true}]}}