{"id":151113,"date":"2026-09-04T10:50:30","date_gmt":"2026-09-04T07:50:30","guid":{"rendered":"https:\/\/www.kibrishost.com\/tak\/kimlik-tespiti-tamamlanan-15-sehitin-pazartesi-gunu-yapilmasi-planlanan-defni-ertelendi\/"},"modified":"2026-09-04T10:50:30","modified_gmt":"2026-09-04T07:50:30","slug":"kimlik-tespiti-tamamlanan-15-sehitin-pazartesi-gunu-yapilmasi-planlanan-defni-ertelendi","status":"publish","type":"post","link":"https:\/\/www.kibrishost.com\/tak\/kimlik-tespiti-tamamlanan-15-sehitin-pazartesi-gunu-yapilmasi-planlanan-defni-ertelendi\/","title":{"rendered":"Kimlik tespiti tamamlanan 15 \u015fehitin pazartesi g\u00fcn\u00fc yap\u0131lmas\u0131 planlanan defni ertelendi"},"content":{"rendered":"<p>Kay\u0131p \u015eah\u0131slar Komitesi (K\u015eK) taraf\u0131ndan kimlik tespitleri tamamlanan 15 K\u0131br\u0131sl\u0131 T\u00fcrk \u015fehitin, 7 Eyl\u00fcl Pazartesi g\u00fcn\u00fc saat 10.00\u2019da Atl\u0131lar \u015eehitli\u011fi\u2019nde yap\u0131lmas\u0131 planlanan defin t\u00f6reni ertelendi.<\/p>\n<p>Atl\u0131lar \u015eehitli\u011fi\u2019nde 1 Eyl\u00fcl\u2019de yap\u0131lmas\u0131 planlanan t\u00f6ren, Girne a\u00e7\u0131klar\u0131nda meydana gelen ve can kay\u0131plar\u0131na neden olan feribot kazas\u0131 nedeniyle daha \u00f6nce de pazartesi g\u00fcn\u00fcne ertelenmi\u015fti.<\/p>\n<p>Kay\u0131p \u015eah\u0131slar Komitesi\u2019nin Atl\u0131lar \u015eehitli\u011fi\u2019nde 24 Temmuz 2023 ile 23 Nisan 2024 tarihleri aras\u0131nda y\u00fcr\u00fctt\u00fc\u011f\u00fc kaz\u0131larda ula\u015f\u0131lan kal\u0131nt\u0131lar \u00fczerinde yap\u0131lan \u00e7al\u0131\u015fmalar sonucunda 15 \u015fehidin kimli\u011fi belirlenmi\u015f durumda.<\/p>\n<p>Kay\u0131p \u015eah\u0131slar Komitesi taraf\u0131ndan a\u00e7\u0131klanan listeye g\u00f6re topra\u011fa verilecek \u015fehitlerin isimleri ve ya\u015flar\u0131 \u015f\u00f6yle:<\/p>\n<p>T\u00fclay S\u00fcleyman (28), Hasan S\u00fcleyman (10), Kemal S\u00fcleyman (6), Okan S\u00fcleyman (3), G\u00fcrhan Ali \u00c7erkez (12), Ay\u015fe Hasan (56), Narin Hasan (16), K\u0131ymet Hasan (22), Bet\u00fcl Arnavut (16 ayl\u0131k), Mualla Ali Osman (Pipal\u0131) (36), G\u00fclden Ali Osman (Pipal\u0131) (4), \u00d6zlem Ali Osman (Pipal\u0131) (2), Seldem Ali Osman (Pipal\u0131) (40 g\u00fcnl\u00fck), Fatma Tahir (46) ve Emine Tahir (22).<\/p>\n<p>Defnedilecek 15 \u015fehit aras\u0131nda 40 g\u00fcnl\u00fck bir bebek, 16 ayl\u0131k bir \u00e7ocuk ile 2, 3, 4, 6, 10 ve 12 ya\u015flar\u0131nda \u00e7ocuklar da bulunuyor.<\/p><\/p>\n","protected":false},"excerpt":{"rendered":"<p>Kay\u0131p \u015eah\u0131slar Komitesi (K\u015eK) taraf\u0131ndan kimlik tespitleri tamamlanan 15 K\u0131br\u0131sl\u0131 T\u00fcrk \u015fehitin, 7 Eyl\u00fcl Pazartesi g\u00fcn\u00fc saat 10.00\u2019da Atl\u0131lar \u015eehitli\u011fi\u2019nde yap\u0131lmas\u0131 planlanan defin t\u00f6reni ertelendi. Atl\u0131lar \u015eehitli\u011fi\u2019nde 1 Eyl\u00fcl\u2019de yap\u0131lmas\u0131 planlanan t\u00f6ren, Girne a\u00e7\u0131klar\u0131nda meydana gelen ve can kay\u0131plar\u0131na neden olan feribot kazas\u0131 nedeniyle daha \u00f6nce de pazartesi g\u00fcn\u00fcne ertelenmi\u015fti. Kay\u0131p \u015eah\u0131slar Komitesi\u2019nin Atl\u0131lar \u015eehitli\u011fi\u2019nde &hellip;<\/p>\n","protected":false},"author":1,"featured_media":151114,"comment_status":"open","ping_status":"open","sticky":false,"template":"","format":"standard","meta":{"footnotes":""},"categories":[2],"tags":[48777,6617,607,1485,861,6232,48776,20216,2733,4935],"class_list":["post-151113","post","type-post","status-publish","format-standard","has-post-thumbnail","hentry","category-kibris","tag-defni","tag-ertelendi","tag-gunu","tag-kimlik","tag-pazartesi","tag-planlanan","tag-sehitin","tag-tamamlanan","tag-tespiti","tag-yapilmasi"],"_links":{"self":[{"href":"https:\/\/www.kibrishost.com\/tak\/wp-json\/wp\/v2\/posts\/151113"}],"collection":[{"href":"https:\/\/www.kibrishost.com\/tak\/wp-json\/wp\/v2\/posts"}],"about":[{"href":"https:\/\/www.kibrishost.com\/tak\/wp-json\/wp\/v2\/types\/post"}],"author":[{"embeddable":true,"href":"https:\/\/www.kibrishost.com\/tak\/wp-json\/wp\/v2\/users\/1"}],"replies":[{"embeddable":true,"href":"https:\/\/www.kibrishost.com\/tak\/wp-json\/wp\/v2\/comments?post=151113"}],"version-history":[{"count":0,"href":"https:\/\/www.kibrishost.com\/tak\/wp-json\/wp\/v2\/posts\/151113\/revisions"}],"wp:featuredmedia":[{"embeddable":true,"href":"https:\/\/www.kibrishost.com\/tak\/wp-json\/wp\/v2\/media\/151114"}],"wp:attachment":[{"href":"https:\/\/www.kibrishost.com\/tak\/wp-json\/wp\/v2\/media?parent=151113"}],"wp:term":[{"taxonomy":"category","embeddable":true,"href":"https:\/\/www.kibrishost.com\/tak\/wp-json\/wp\/v2\/categories?post=151113"},{"taxonomy":"post_tag","embeddable":true,"href":"https:\/\/www.kibrishost.com\/tak\/wp-json\/wp\/v2\/tags?post=151113"}],"curies":[{"name":"wp","href":"https:\/\/api.w.org\/{rel}","templated":true}]}}