{"id":151084,"date":"2026-09-04T08:40:34","date_gmt":"2026-09-04T05:40:34","guid":{"rendered":"https:\/\/www.kibrishost.com\/tak\/kocaeli-valisi-aktas-girnedeki-gemi-kazasindan-kurtarilarak-kocaeliye-nakledilen-hamile-kadini-ziyaret-etti\/"},"modified":"2026-09-04T08:40:34","modified_gmt":"2026-09-04T05:40:34","slug":"kocaeli-valisi-aktas-girnedeki-gemi-kazasindan-kurtarilarak-kocaeliye-nakledilen-hamile-kadini-ziyaret-etti","status":"publish","type":"post","link":"https:\/\/www.kibrishost.com\/tak\/kocaeli-valisi-aktas-girnedeki-gemi-kazasindan-kurtarilarak-kocaeliye-nakledilen-hamile-kadini-ziyaret-etti\/","title":{"rendered":"Kocaeli Valisi Akta\u015f, Girne&#8217;deki gemi kazas\u0131ndan kurtar\u0131larak Kocaeli&#8217;ye nakledilen hamile kad\u0131n\u0131 ziyaret etti"},"content":{"rendered":"<p>Kocaeli Valisi \u0130lhami Akta\u015f, Girne&#8217;deki gemi kazas\u0131ndan kurtar\u0131larak Kocaeli&#8217;ye nakledilen hamile kad\u0131n\u0131 hastanede ziyaret etti.<\/p>\n<p>Valilikten yap\u0131lan a\u00e7\u0131klamaya g\u00f6re, Girne a\u00e7\u0131klar\u0131nda meydana gelen gemi kazas\u0131ndan sonra ambulans u\u00e7akla Kocaeli&#8217;ye getirilen Menek\u015fe Nur G\u00f6kda\u015f&#8217;\u0131 ziyaret eden Vali Akta\u015f ve B\u00fcy\u00fck\u015fehir Belediye Ba\u015fkan\u0131 Tahir B\u00fcy\u00fckak\u0131n, hamile kad\u0131na ge\u00e7mi\u015f olsun dileklerini ilettiler.<\/p>\n<p>G\u00f6kda\u015f ile e\u015fi Volkan G\u00f6kda\u015f, Akta\u015f ve B\u00fcy\u00fckak\u0131n&#8217;a ziyaretleri i\u00e7in te\u015fekk\u00fcr etti.<\/p>\n<p>Kocaeli \u00dcniversitesi Hastanesi&#8217;nde ger\u00e7ekle\u015fen ziyarette Akta\u015f ve B\u00fcy\u00fckak\u0131n&#8217;a \u0130l Emniyet M\u00fcd\u00fcr\u00fc Faruk Karaduman ve \u0130l Jandarma Komutan\u0131 Tu\u011fgeneral \u015eevket Avc\u0131 e\u015flik etti.<\/p><\/p>\n","protected":false},"excerpt":{"rendered":"<p>Kocaeli Valisi \u0130lhami Akta\u015f, Girne&#8217;deki gemi kazas\u0131ndan kurtar\u0131larak Kocaeli&#8217;ye nakledilen hamile kad\u0131n\u0131 hastanede ziyaret etti. Valilikten yap\u0131lan a\u00e7\u0131klamaya g\u00f6re, Girne a\u00e7\u0131klar\u0131nda meydana gelen gemi kazas\u0131ndan sonra ambulans u\u00e7akla Kocaeli&#8217;ye getirilen Menek\u015fe Nur G\u00f6kda\u015f&#8217;\u0131 ziyaret eden Vali Akta\u015f ve B\u00fcy\u00fck\u015fehir Belediye Ba\u015fkan\u0131 Tahir B\u00fcy\u00fckak\u0131n, hamile kad\u0131na ge\u00e7mi\u015f olsun dileklerini ilettiler. G\u00f6kda\u015f ile e\u015fi Volkan G\u00f6kda\u015f, Akta\u015f &hellip;<\/p>\n","protected":false},"author":1,"featured_media":151085,"comment_status":"open","ping_status":"open","sticky":false,"template":"","format":"standard","meta":{"footnotes":""},"categories":[3],"tags":[35703,290,16445,5299,15720,3646,4273,34954,17438,48768,30316,6061,971],"class_list":["post-151084","post","type-post","status-publish","format-standard","has-post-thumbnail","hentry","category-turkiye","tag-aktas","tag-etti","tag-gemi","tag-girnedeki","tag-hamile","tag-kadini","tag-kazasindan","tag-kocaeli","tag-kocaeliye","tag-kurtarilarak","tag-nakledilen","tag-valisi","tag-ziyaret"],"_links":{"self":[{"href":"https:\/\/www.kibrishost.com\/tak\/wp-json\/wp\/v2\/posts\/151084"}],"collection":[{"href":"https:\/\/www.kibrishost.com\/tak\/wp-json\/wp\/v2\/posts"}],"about":[{"href":"https:\/\/www.kibrishost.com\/tak\/wp-json\/wp\/v2\/types\/post"}],"author":[{"embeddable":true,"href":"https:\/\/www.kibrishost.com\/tak\/wp-json\/wp\/v2\/users\/1"}],"replies":[{"embeddable":true,"href":"https:\/\/www.kibrishost.com\/tak\/wp-json\/wp\/v2\/comments?post=151084"}],"version-history":[{"count":0,"href":"https:\/\/www.kibrishost.com\/tak\/wp-json\/wp\/v2\/posts\/151084\/revisions"}],"wp:featuredmedia":[{"embeddable":true,"href":"https:\/\/www.kibrishost.com\/tak\/wp-json\/wp\/v2\/media\/151085"}],"wp:attachment":[{"href":"https:\/\/www.kibrishost.com\/tak\/wp-json\/wp\/v2\/media?parent=151084"}],"wp:term":[{"taxonomy":"category","embeddable":true,"href":"https:\/\/www.kibrishost.com\/tak\/wp-json\/wp\/v2\/categories?post=151084"},{"taxonomy":"post_tag","embeddable":true,"href":"https:\/\/www.kibrishost.com\/tak\/wp-json\/wp\/v2\/tags?post=151084"}],"curies":[{"name":"wp","href":"https:\/\/api.w.org\/{rel}","templated":true}]}}