{"id":151082,"date":"2026-09-04T08:40:27","date_gmt":"2026-09-04T05:40:27","guid":{"rendered":"https:\/\/www.kibrishost.com\/tak\/girne-aciklarinda-alabora-olan-gemiden-kurtulan-3-genc-yasadiklarini-anlatti\/"},"modified":"2026-09-04T08:40:27","modified_gmt":"2026-09-04T05:40:27","slug":"girne-aciklarinda-alabora-olan-gemiden-kurtulan-3-genc-yasadiklarini-anlatti","status":"publish","type":"post","link":"https:\/\/www.kibrishost.com\/tak\/girne-aciklarinda-alabora-olan-gemiden-kurtulan-3-genc-yasadiklarini-anlatti\/","title":{"rendered":"Girne a\u00e7\u0131klar\u0131nda alabora olan gemiden kurtulan 3 gen\u00e7 ya\u015fad\u0131klar\u0131n\u0131 anlatt\u0131"},"content":{"rendered":"<p>Girne a\u00e7\u0131klar\u0131nda alabora olan yolcu gemisinden kurtulan 3 gen\u00e7, kaza s\u0131ras\u0131nda ya\u015fad\u0131klar\u0131n\u0131 anlatt\u0131.<\/p>\n<p>Girne Liman\u0131&#8217;ndan Mersin&#8217;in Silifke il\u00e7esindeki Ta\u015fucu Liman\u0131&#8217;na gitmek i\u00e7in demir alan geminin 30 A\u011fustos&#8217;ta alabora oldu\u011fu kazadan kurtulan Burak Arif Kaya (23), Sudenaz S\u00f6nmez (20) ve Burak Can Keskin (22), AFAD ekiplerince Adana&#8217;n\u0131n Kozan il\u00e7esine g\u00f6t\u00fcr\u00fcld\u00fc.<\/p>\n<p>Aileleriyle bulu\u015fturulan gen\u00e7ler, sevin\u00e7 ya\u015fad\u0131.<\/p>\n<p>K\u0131br\u0131s Sa\u011fl\u0131k ve Toplum Bilimleri \u00dcniversitesi A\u011f\u0131z ve Di\u015f Sa\u011fl\u0131\u011f\u0131 B\u00f6l\u00fcm\u00fc \u00f6\u011frencisi Kaya, gazetecilere, gemiye ilk bindikleri anda su ald\u0131\u011f\u0131n\u0131 fark ettiklerini s\u00f6yledi.<\/p>\n<p>Durumu aktard\u0131klar\u0131 kaptan\u0131n kendilerine &#8220;Ka\u00e7 y\u0131ll\u0131k kaptan\u0131m, bu i\u015fi sizden daha iyi biliyorum&#8221; dedi\u011fini \u00f6ne s\u00fcren Kaya, \u015f\u00f6yle konu\u015ftu:<\/p>\n<p>&#8220;Yolda \u00f6n taraftan ses geldi. Daha sonra bizi sakinle\u015ftirdiler. K\u0131sa s\u00fcre sonra geminin i\u00e7i suyla dolmaya ba\u015flad\u0131. Kimse yard\u0131m etmiyordu, kap\u0131lar\u0131 kilitlemi\u015flerdi. Etrafta kimse kalmad\u0131. Kaptan ve yard\u0131mc\u0131s\u0131 gemiden atlad\u0131. Gemideki 8 ayl\u0131k hamile kad\u0131n\u0131 pencereden \u00e7\u0131kard\u0131m. Burak Can ve Sudenaz ile 3 \u00e7ocu\u011fu da \u00e7\u0131kard\u0131m. Can yelekleri eksikti.&#8221;<\/p>\n<p>Ayn\u0131 b\u00f6l\u00fcmde e\u011fitim g\u00f6ren Sudenaz S\u00f6nmez de ya\u015fad\u0131klar\u0131 korku dolu anlar\u0131n ard\u0131ndan ailesine kavu\u015ftu\u011fu i\u00e7in mutlu oldu\u011funu anlatt\u0131.<\/p>\n<p>Burak Can Keskin de gemiye bindiklerinde yerlerin \u0131slak oldu\u011funu belirterek, &#8220;Gemi biraz ilerledi\u011finde durmas\u0131yla batmas\u0131 bir oldu. Cam\u0131 k\u0131rarak \u00e7\u0131kt\u0131k. Yoksa \u00e7\u0131kam\u0131yorduk, \u00e7ok dalga vard\u0131. Y\u00fczme bilen biri bile bo\u011fulabilirdi. Herkes can derdine d\u00fc\u015fm\u00fc\u015ft\u00fc.&#8221; dedi.<\/p>\n<p>Keskin&#8217;in babas\u0131 Cem Keskin de kendisini telefonla arayan o\u011flunun, &#8220;Bo\u011fuluyoruz baba, gemimiz bat\u0131yor, hakk\u0131n\u0131 helal et&#8221; dedi\u011fini ifade ederek, &#8220;Saatler sonra &#8216;Baba, kurtulduk, k\u0131y\u0131ya ald\u0131lar&#8217; dedi\u011finde \u00f6yle sevindik ki&#8230; O\u011flumuza kavu\u015ftu\u011fumuz i\u00e7in \u00e7ok mutluyuz. Allah yard\u0131m edenlerden raz\u0131 olsun.&#8221; diye konu\u015ftu.<\/p><\/p>\n","protected":false},"excerpt":{"rendered":"<p>Girne a\u00e7\u0131klar\u0131nda alabora olan yolcu gemisinden kurtulan 3 gen\u00e7, kaza s\u0131ras\u0131nda ya\u015fad\u0131klar\u0131n\u0131 anlatt\u0131. Girne Liman\u0131&#8217;ndan Mersin&#8217;in Silifke il\u00e7esindeki Ta\u015fucu Liman\u0131&#8217;na gitmek i\u00e7in demir alan geminin 30 A\u011fustos&#8217;ta alabora oldu\u011fu kazadan kurtulan Burak Arif Kaya (23), Sudenaz S\u00f6nmez (20) ve Burak Can Keskin (22), AFAD ekiplerince Adana&#8217;n\u0131n Kozan il\u00e7esine g\u00f6t\u00fcr\u00fcld\u00fc. Aileleriyle bulu\u015fturulan gen\u00e7ler, sevin\u00e7 ya\u015fad\u0131. K\u0131br\u0131s &hellip;<\/p>\n","protected":false},"author":1,"featured_media":151083,"comment_status":"open","ping_status":"open","sticky":false,"template":"","format":"standard","meta":{"footnotes":""},"categories":[3],"tags":[1504,3566,1342,44464,1037,1870,29207,2255,9138],"class_list":["post-151082","post","type-post","status-publish","format-standard","has-post-thumbnail","hentry","category-turkiye","tag-aciklarinda","tag-alabora","tag-anlatti","tag-gemiden","tag-genc","tag-girne","tag-kurtulan","tag-olan","tag-yasadiklarini"],"_links":{"self":[{"href":"https:\/\/www.kibrishost.com\/tak\/wp-json\/wp\/v2\/posts\/151082"}],"collection":[{"href":"https:\/\/www.kibrishost.com\/tak\/wp-json\/wp\/v2\/posts"}],"about":[{"href":"https:\/\/www.kibrishost.com\/tak\/wp-json\/wp\/v2\/types\/post"}],"author":[{"embeddable":true,"href":"https:\/\/www.kibrishost.com\/tak\/wp-json\/wp\/v2\/users\/1"}],"replies":[{"embeddable":true,"href":"https:\/\/www.kibrishost.com\/tak\/wp-json\/wp\/v2\/comments?post=151082"}],"version-history":[{"count":0,"href":"https:\/\/www.kibrishost.com\/tak\/wp-json\/wp\/v2\/posts\/151082\/revisions"}],"wp:featuredmedia":[{"embeddable":true,"href":"https:\/\/www.kibrishost.com\/tak\/wp-json\/wp\/v2\/media\/151083"}],"wp:attachment":[{"href":"https:\/\/www.kibrishost.com\/tak\/wp-json\/wp\/v2\/media?parent=151082"}],"wp:term":[{"taxonomy":"category","embeddable":true,"href":"https:\/\/www.kibrishost.com\/tak\/wp-json\/wp\/v2\/categories?post=151082"},{"taxonomy":"post_tag","embeddable":true,"href":"https:\/\/www.kibrishost.com\/tak\/wp-json\/wp\/v2\/tags?post=151082"}],"curies":[{"name":"wp","href":"https:\/\/api.w.org\/{rel}","templated":true}]}}