{"id":151080,"date":"2026-09-03T23:10:19","date_gmt":"2026-09-03T20:10:19","guid":{"rendered":"https:\/\/www.kibrishost.com\/tak\/yilmaz-bugun-bir-naasa-daha-ulasildi-su-anda-hastanelerde-sadece-iki-hasta-var\/"},"modified":"2026-09-03T23:10:19","modified_gmt":"2026-09-03T20:10:19","slug":"yilmaz-bugun-bir-naasa-daha-ulasildi-su-anda-hastanelerde-sadece-iki-hasta-var","status":"publish","type":"post","link":"https:\/\/www.kibrishost.com\/tak\/yilmaz-bugun-bir-naasa-daha-ulasildi-su-anda-hastanelerde-sadece-iki-hasta-var\/","title":{"rendered":"Y\u0131lmaz: \u201cBug\u00fcn bir naa\u015fa daha ula\u015f\u0131ld\u0131\u2026 \u015eu anda hastanelerde sadece iki hasta var\u201d"},"content":{"rendered":"<p>T\u00fcrkiye Cumhurba\u015fkan\u0131 Yard\u0131mc\u0131s\u0131 Cevdet Y\u0131lmaz, T\u00fcrkiye Deniz Kuvvetleri Komutan\u0131 koordinesinde y\u00fcr\u00fct\u00fclen arama kurtarma \u00e7al\u0131\u015fmalar\u0131nda bug\u00fcn bir ki\u015finin daha naa\u015f\u0131na ula\u015f\u0131ld\u0131\u011f\u0131n\u0131; hastanelerde ise hayati tehlikesi olmayan iki kazazedenin bulundu\u011funu a\u00e7\u0131klad\u0131.<\/p>\n<p>T\u00fcrkiye Cumhurba\u015fkan\u0131 Yard\u0131mc\u0131s\u0131 Cevdet Y\u0131lmaz Ba\u015fbakan \u00dcnal \u00dcstel ile Ercan Havaliman\u0131\u2019nda ortak bas\u0131n a\u00e7\u0131klamas\u0131 d\u00fczenledi.<\/p>\n<p>-\u201cElim hadisenin ilk anlar\u0131ndan ba\u015flayarak t\u00fcm imkanlar\u0131m\u0131z\u0131 seferber ettik\u201d<\/p>\n<p>Girne a\u00e7\u0131klar\u0131nda ya\u015fanan deniz facias\u0131ndan duydu\u011fu \u00fcz\u00fcnt\u00fcy\u00fc dile getiren Y\u0131lmaz, ortak ac\u0131y\u0131 payla\u015fmak ve taziyelerini iletmek i\u00e7in bug\u00fcn geni\u015f bir heyetle KKTC\u2019ye geldi\u011fini s\u00f6yledi. Y\u0131lmaz, T\u00fcrkiye Cumhurba\u015fkan\u0131 Recep Tayyip Erdo\u011fan\u2019\u0131n K\u0131br\u0131s T\u00fcrk halk\u0131na selamlar\u0131n\u0131, ya\u015fanan facia dolay\u0131s\u0131yla taziye ve ba\u015fsa\u011fl\u0131\u011f\u0131 dileklerini de iletti.<\/p>\n<p>\u201cT\u00fcm milletimizin ba\u015f\u0131 sa\u011f olsun.\u201d diyen Y\u0131lmaz, elim hadisenin ilk anlar\u0131ndan itibaren T\u00fcrkiye Cumhuriyeti olarak geli\u015fmeleri yak\u0131ndan takip ettiklerini ve t\u00fcm imkanlar\u0131n\u0131 seferber ettiklerini s\u00f6yledi.<\/p>\n<p>\u00dclkedeki temaslar\u0131ndan bahseden Y\u0131lmaz, Cumhurba\u015fkan\u0131 Tufan Erh\u00fcrman ile bir araya gelerek ya\u015fanan faciaya ve y\u00fcr\u00fct\u00fclen \u00e7al\u0131\u015fmalara ili\u015fkin de\u011ferlendirmeler yapma imkan\u0131 bulduklar\u0131n\u0131 ve arama kurtarma faaliyetlerinin mevcut durumu ile kazan\u0131n ayd\u0131nlat\u0131lmas\u0131na y\u00f6nelik \u00e7al\u0131\u015fmalar hakk\u0131nda ayr\u0131nt\u0131l\u0131 bilgi ald\u0131klar\u0131n\u0131 aktard\u0131. Cevdet Y\u0131lmaz, ayr\u0131ca kay\u0131plar\u0131n aileleriyle de bir araya gelerek onlar\u0131n ac\u0131lar\u0131 payla\u015ft\u0131klar\u0131n\u0131, beklenti ve \u00f6nerilerini dinlediklerini s\u00f6yledi.<\/p>\n<p>Y\u0131lmaz, \u201cAte\u015f d\u00fc\u015ft\u00fc\u011f\u00fc yeri yak\u0131yor. En b\u00fcy\u00fck ac\u0131y\u0131 onlar ya\u015f\u0131yorlar hepimizi derinden \u00fczen bu hadisede. Ben ailelere bir kez daha sab\u0131r diliyorum ve her zaman yanlar\u0131nda oldu\u011fumuzu, olaca\u011f\u0131m\u0131z\u0131 ifade etmek istiyorum. Yak\u0131nlar\u0131n\u0131 kaybetmenin derin ac\u0131s\u0131n\u0131 ve sevdiklerinden gelecek bir haberi beklemenin a\u011f\u0131r y\u00fck\u00fcn\u00fc ta\u015f\u0131yan ailelerimizle ger\u00e7ekle\u015ftirdi\u011fimiz g\u00f6r\u00fc\u015fmelerde ac\u0131lar\u0131n\u0131 y\u00fcrekten payla\u015ft\u0131\u011f\u0131m\u0131z\u0131 ve bu zorlu s\u00fcre\u00e7te T\u00fcrkiye Cumhuriyeti olarak ve Kuzey K\u0131br\u0131s T\u00fcrk Cumhuriyeti otoriteleri olarak her zaman yanlar\u0131nda oldu\u011fumuzu ifade ettik.\u201d diye konu\u015ftu.<\/p>\n<p>-\u201cYap\u0131lan yo\u011fun \u00e7al\u0131\u015fmalar\u0131n neticesinde ba\u015fka naa\u015flara da ula\u015f\u0131laca\u011f\u0131 anla\u015f\u0131lm\u0131\u015ft\u0131r\u201d<\/p>\n<p>Kay\u0131p durumundaki ki\u015filere ula\u015f\u0131lmas\u0131 i\u00e7in geni\u015f \u00e7apl\u0131 ve 7 g\u00fcn 24 saat esas\u0131yla bir arama kurtarma faaliyetinin s\u00fcrd\u00fc\u011f\u00fcn\u00fc kaydeden Cevdet Y\u0131lmaz, bug\u00fcn bir ac\u0131 haber daha ald\u0131klar\u0131n\u0131, bir ki\u015finin daha naa\u015f\u0131na ula\u015f\u0131ld\u0131\u011f\u0131n\u0131 ve yukar\u0131ya \u00e7\u0131kar\u0131ld\u0131\u011f\u0131n\u0131 a\u00e7\u0131klad\u0131. Y\u0131lmaz, naa\u015fa usul\u00fcnce kimlik tespiti yap\u0131ld\u0131ktan sonra bu kimli\u011finin kamuoyuyla payla\u015f\u0131laca\u011f\u0131n\u0131 s\u00f6yledi. Y\u0131lmaz, bu geli\u015fmelerin sa\u011flanmas\u0131nda eme\u011fi olan t\u00fcm yetkililere \u015f\u00fckranlar\u0131n\u0131 da sundu.<\/p>\n<p>-\u201cHastanedeki iki hastan\u0131n hayati tehlikesi yok\u201d<\/p>\n<p>Kurtar\u0131lan yolcular\u0131n tedavileri tamamlanarak taburcu edildi\u011fini ve \u015fu an hastanede sadece iki yolcu oldu\u011funu belirten Y\u0131lmaz, bu iki yolcunun hayati tehlikesinin olmad\u0131\u011f\u0131n\u0131 belirtti.<\/p>\n<p>Bu s\u00fcre\u00e7te KKTC makamlar\u0131 ile g\u00fc\u00e7l\u00fc bir koordinasyon tesis edildi\u011fini belirterek, arama kurtarma faaliyetleri i\u00e7in T\u00fcrkiye devletinin t\u00fcm imkanlar\u0131n\u0131n seferber edildi\u011fini yineleyen Y\u0131lmaz, bu \u00e7er\u00e7evede Ba\u015fbakan \u00dcstel ile ekibine de te\u015fekk\u00fcr etti.<\/p>\n<p>Y\u0131lmaz, \u201cGece g\u00fcnd\u00fcz bu konuda T\u00fcrkiye Cumhuriyeti ile Kuzey K\u0131br\u0131s T\u00fcrk Cumhuriyeti \u00e7ok yak\u0131n bir \u00e7al\u0131\u015fma sergilemi\u015flerdir. Sorumlulukla hareket edilmi\u015ftir ve \u00e7ok g\u00fc\u00e7l\u00fc bir \u015fekilde bu \u00e7al\u0131\u015fmalar\u0131n yap\u0131lmas\u0131 i\u00e7in t\u00fcm gayret sarf edilmi\u015ftir. Say\u0131n Ba\u015fbakan&#8217;\u0131n \u015fahs\u0131nda eme\u011fi ge\u00e7en herkese te\u015fekk\u00fcr ediyorum.\u201d ifadelerini kulland\u0131.<\/p>\n<p>-\u201cLefko\u015fa B\u00fcy\u00fckel\u00e7ili\u011fimiz b\u00fcnyesinde olu\u015fturulan kriz masas\u0131 arac\u0131l\u0131\u011f\u0131yla kazazedelerimizin ihtiya\u00e7lar\u0131n\u0131n kar\u015f\u0131lanmas\u0131 i\u00e7in \u00e7al\u0131\u015fmalar y\u00fcr\u00fct\u00fclm\u00fc\u015ft\u00fcr\u201d<\/p>\n<p>Arama kurtarma \u00e7al\u0131\u015fmalar\u0131na ili\u015fkin Y\u0131lmaz, \u201cKKTC G\u00fcvenlik Kuvvetleri Komutanl\u0131\u011f\u0131&#8217;n\u0131n d\u00f6rt gemiyle kat\u0131ld\u0131\u011f\u0131 \u00e7al\u0131\u015fmalara Sahil G\u00fcvenlik Komutanl\u0131\u011f\u0131m\u0131z \u00fc\u00e7 gemi, bir helikopter, dal\u0131\u015f ekipleri ve sonar sistemiyle destek vermektedir. Deniz Kuvvetlerimizin sekiz gemi ve \u00fc\u00e7 insans\u0131z hava arac\u0131yla, hava kuvvetlerimizin ise bir helikopter ve bir insans\u0131z hava arac\u0131yla yer ald\u0131\u011f\u0131 operasyon, 24 saat esas\u0131na g\u00f6re s\u00fcrd\u00fcr\u00fclmektedir. K\u0131br\u0131s k\u0131y\u0131 emniyetine ait r\u00f6mork\u00f6r ve dal\u0131\u015f ekiplerinin yan\u0131 s\u0131ra \u00f6zel tekneler ve bal\u0131k\u00e7\u0131 tekneleri de arama kurtarma faaliyetlerine destek olmu\u015flard\u0131r.\u201d a\u00e7\u0131klamas\u0131nda bulundu. Y\u0131lmaz, g\u00f6n\u00fcll\u00fc olarak bu \u00e7al\u0131\u015fmalara destek verenlere te\u015fekk\u00fcr de etti.<\/p>\n<p>Yap\u0131lan \u00e7al\u0131\u015fmalar sonucunda yakla\u015f\u0131k 550 metre derinlikte bulunan geminin enkaz\u0131na ula\u015f\u0131ld\u0131\u011f\u0131n\u0131 an\u0131msatan Y\u0131lmaz, bat\u0131\u011f\u0131n \u00e7evresinde ayr\u0131nt\u0131l\u0131 g\u00f6r\u00fcnt\u00fcleme ve arama faaliyeti ba\u015flat\u0131ld\u0131\u011f\u0131n\u0131 ve bunun sonucunda bug\u00fcn kay\u0131plardan birinin naa\u015f\u0131na ula\u015f\u0131ld\u0131\u011f\u0131n\u0131, kimlik tespiti i\u00e7in gerekli i\u015flemlerin ba\u015flat\u0131ld\u0131\u011f\u0131n\u0131 kaydetti. Y\u0131lmaz, ba\u015fka naa\u015flara da ula\u015f\u0131lma durumunun oldu\u011funu da ifade etti.<\/p>\n<p>Lefko\u015fa B\u00fcy\u00fckel\u00e7ili\u011fi\u2019nde de bir kriz masas\u0131 olu\u015fturuldu\u011funu anlatan Y\u0131lmaz, bunun arac\u0131l\u0131\u011f\u0131yla kazazedelerin ve yak\u0131nlar\u0131n\u0131n tedavi, tahliye, bar\u0131nma, ula\u015f\u0131m ve belge ihtiya\u00e7lar\u0131n\u0131n kar\u015f\u0131lanmas\u0131 i\u00e7in kapsaml\u0131 \u00e7al\u0131\u015fmalar y\u00fcr\u00fct\u00fcld\u00fc\u011f\u00fcn\u00fc belirtti. Y\u0131lmaz, bu nedenle El\u00e7ili\u011fe de te\u015fekk\u00fcr etti.<\/p>\n<p>-\u201cB\u00fct\u00fcn s\u00fcre\u00e7 titizlikle incelenecektir\u201d<\/p>\n<p>Y\u0131lmaz, \u015f\u00f6yle konu\u015ftu:<\/p>\n<p>\u201cAz \u00f6nce Say\u0131n Ba\u015fbakan&#8217;\u0131n da ifade etti\u011fi gibi Say\u0131n Cumhurba\u015fkan\u0131m\u0131z Recep Tayyip Erdo\u011fan&#8217;\u0131n da \u00e7ok net alt\u0131n\u0131 \u00e7izdi\u011fi gibi bu konuda gerekli t\u00fcm soru\u015fturmalar yap\u0131lacak. KKTC ve T\u00fcrkiye Cumhuriyeti makamlar\u0131n\u0131n i\u015f birli\u011fiyle kimin ihmali varsa, kimin sorumlulu\u011fu varsa elbette hukuk \u00f6n\u00fcnde hesap vermesi i\u00e7in ne gerekiyorsa yap\u0131lmaktad\u0131r, yap\u0131lmaya devam edilecektir. Geminin hangi \u015fartlarda sefere \u00e7\u0131kt\u0131\u011f\u0131ndan teknik yeterlilik ve denetim kay\u0131tlar\u0131na, m\u00fcrettebat\u0131n tutumundan ilgili kurumlar\u0131n kararlar\u0131na kadar b\u00fct\u00fcn s\u00fcre\u00e7 titizlikle incelenecektir. <\/p>\n<p>Kuzey K\u0131br\u0131s T\u00fcrk Cumhuriyeti makamlar\u0131nca ba\u015flat\u0131lan adli, idari ve teknik soru\u015fturman\u0131n sa\u011fl\u0131kl\u0131 bi\u00e7imde tamamlanmas\u0131 i\u00e7in T\u00fcrkiye Cumhuriyeti olarak gerekli b\u00fct\u00fcn teknik ve kurumsal deste\u011fi sunaca\u011f\u0131z. Kazaya ili\u015fkin soru\u015fturma b\u00fcy\u00fck bir titizlikle s\u00fcrd\u00fcr\u00fclecek, facian\u0131n ya\u015fanmas\u0131nda ihmal veya kusuru bulunanlar\u0131n tespit edilmesi halinde hukukun gerektirdi\u011fi ad\u0131mlar kararl\u0131l\u0131kla at\u0131lacakt\u0131r.<\/p>\n<p>Soru\u015fturma sonucunda ortaya \u00e7\u0131kacak tespitler bize \u015fu a\u00e7\u0131dan da \u0131\u015f\u0131k tutacakt\u0131r. Bir daha benzer hadiselerin benzer facialar\u0131n ya\u015fanmamas\u0131 ad\u0131na at\u0131lmas\u0131 gereken ad\u0131mlar al\u0131nmas\u0131 gereken tedbirler varsa bunlar\u0131n da tespit edilmesi ve hayata ge\u00e7irilmesi b\u00fcy\u00fck \u00f6nem ta\u015f\u0131maktad\u0131r.\u201d<\/p>\n<p>-\u201cKay\u0131plar\u0131 olan ailelerin bekleyi\u015fi milletimizin ortak bekleyi\u015fine d\u00f6n\u00fc\u015fmektedir\u201d<\/p>\n<p>K\u0131br\u0131s T\u00fcrk\u00fcyle T\u00fcrkiye\u2019nin ge\u00e7mi\u015ften bug\u00fcne kar\u015f\u0131la\u015ft\u0131\u011f\u0131 her zorlu\u011fa omuz omuza g\u00f6\u011f\u00fcs gerdi\u011fini kaydeden Y\u0131lmaz, \u201cBu sars\u0131lmaz karde\u015flik b\u00f6ylesi a\u011f\u0131r g\u00fcnlerde sahadaki dayan\u0131\u015fma ve payla\u015f\u0131lan sorumlulukla g\u00fc\u00e7l\u00fc kar\u015f\u0131l\u0131\u011f\u0131n\u0131 bulmu\u015ftur\u2026 Girne&#8217;de ya\u015fanan ac\u0131 Ankara&#8217;da ve T\u00fcrkiye&#8217;nin 81 ilinde ayn\u0131 derinlikle hissedilmekte.\u201d dedi.<\/p>\n<p>Y\u0131lmaz, s\u00f6zlerini \u015f\u00f6yle s\u00fcrd\u00fcrd\u00fc:<\/p>\n<p>\u201cKay\u0131plar\u0131 olan ailelerin bekleyi\u015fi milletimizin ortak bekleyi\u015fine d\u00f6n\u00fc\u015fmektedir. T\u00fcrkiye Cumhuriyeti arama kurtarma \u00e7al\u0131\u015fmalar\u0131ndan soru\u015fturma s\u00fcrecine ailelerimizin ihtiya\u00e7lar\u0131ndan teknik deste\u011fe kadar her alanda Kuzey K\u0131br\u0131s T\u00fcrk Cumhuriyeti&#8217;nin yan\u0131nda olmay\u0131 s\u00fcrd\u00fcrecektir. <\/p>\n<p>K\u0131br\u0131s&#8217;la T\u00fcrkiye aras\u0131nda bir adli yard\u0131mla\u015fma anla\u015fmam\u0131z s\u00f6z konusu. Bu \u00e7er\u00e7evede bug\u00fcn itibariyle bu konuda K\u0131br\u0131s yarg\u0131s\u0131 taraf\u0131ndan Adalet Bakanl\u0131\u011f\u0131m\u0131za iletilen bir talep s\u00f6z konusudur. Bu \u00e7er\u00e7evede de Adalet Bakanl\u0131\u011f\u0131m\u0131z gerekli t\u00fcm teknik deste\u011fi sunacakt\u0131r. En k\u0131sa s\u00fcrede bu konudaki haz\u0131rl\u0131klar tamamlanarak soru\u015fturma s\u00fcrecine gerekli teknik destek sa\u011flanacakt\u0131r. <\/p>\n<p>Bu vesileyle hayat\u0131n\u0131 kaybeden karde\u015flerimize bir kez daha Allah&#8217;tan rahmet, ailelerine, yak\u0131nlar\u0131na, aziz milletimize ve K\u0131br\u0131s T\u00fcrk halk\u0131na sab\u0131r ve ba\u015fsa\u011fl\u0131\u011f\u0131 diliyorum. Yararl\u0131lar\u0131m\u0131za acil \u015fifalar temenni ediyor. Sa\u011f olarak kurtar\u0131lan yolcular\u0131m\u0131za bir kez daha ge\u00e7mi\u015f olsun diyorum. Kay\u0131p yolcular i\u00e7in yo\u011fun gayretlerin s\u00fcrece\u011fini bir kez daha ifade ediyorum. B\u00fcy\u00fck bir fedakarl\u0131kla bu s\u00fcre\u00e7te g\u00f6rev yapan b\u00fct\u00fcn arama kurtarma ekiplerimize ve di\u011fer alanlarda \u00e7aba sarf eden, katk\u0131 sunan t\u00fcm ki\u015fi ve kurumlara KKTC ve T\u00fcrkiye Cumhuriyeti&#8217;nden t\u00fcm katk\u0131s\u0131 olanlara g\u00f6n\u00fclden te\u015fekk\u00fcr ediyorum.\u201d<\/p>\n<p>(FS\/YIL)\u00a0 \u00a0 Foto\u011frafl\u0131<\/p>\n<p>Haber: Filiz Seyis<\/p>\n<p>Foto\u011fraf: Timu\u00e7in Y\u0131ld\u0131r\u0131m<\/p><\/p>\n","protected":false},"excerpt":{"rendered":"<p>T\u00fcrkiye Cumhurba\u015fkan\u0131 Yard\u0131mc\u0131s\u0131 Cevdet Y\u0131lmaz, T\u00fcrkiye Deniz Kuvvetleri Komutan\u0131 koordinesinde y\u00fcr\u00fct\u00fclen arama kurtarma \u00e7al\u0131\u015fmalar\u0131nda bug\u00fcn bir ki\u015finin daha naa\u015f\u0131na ula\u015f\u0131ld\u0131\u011f\u0131n\u0131; hastanelerde ise hayati tehlikesi olmayan iki kazazedenin bulundu\u011funu a\u00e7\u0131klad\u0131. T\u00fcrkiye Cumhurba\u015fkan\u0131 Yard\u0131mc\u0131s\u0131 Cevdet Y\u0131lmaz Ba\u015fbakan \u00dcnal \u00dcstel ile Ercan Havaliman\u0131\u2019nda ortak bas\u0131n a\u00e7\u0131klamas\u0131 d\u00fczenledi. -\u201cElim hadisenin ilk anlar\u0131ndan ba\u015flayarak t\u00fcm imkanlar\u0131m\u0131z\u0131 seferber ettik\u201d Girne a\u00e7\u0131klar\u0131nda &hellip;<\/p>\n","protected":false},"author":1,"featured_media":151081,"comment_status":"open","ping_status":"open","sticky":false,"template":"","format":"standard","meta":{"footnotes":""},"categories":[2],"tags":[3158,9225,64,1381,1436,7007,5665,77,48767,4722,4206,1112,185],"class_list":["post-151080","post","type-post","status-publish","format-standard","has-post-thumbnail","hentry","category-kibris","tag-su","tag-anda","tag-bir","tag-bugun","tag-daha","tag-hasta","tag-hastanelerde","tag-iki","tag-naasa","tag-sadece","tag-ulasildi","tag-var","tag-yilmaz"],"_links":{"self":[{"href":"https:\/\/www.kibrishost.com\/tak\/wp-json\/wp\/v2\/posts\/151080"}],"collection":[{"href":"https:\/\/www.kibrishost.com\/tak\/wp-json\/wp\/v2\/posts"}],"about":[{"href":"https:\/\/www.kibrishost.com\/tak\/wp-json\/wp\/v2\/types\/post"}],"author":[{"embeddable":true,"href":"https:\/\/www.kibrishost.com\/tak\/wp-json\/wp\/v2\/users\/1"}],"replies":[{"embeddable":true,"href":"https:\/\/www.kibrishost.com\/tak\/wp-json\/wp\/v2\/comments?post=151080"}],"version-history":[{"count":0,"href":"https:\/\/www.kibrishost.com\/tak\/wp-json\/wp\/v2\/posts\/151080\/revisions"}],"wp:featuredmedia":[{"embeddable":true,"href":"https:\/\/www.kibrishost.com\/tak\/wp-json\/wp\/v2\/media\/151081"}],"wp:attachment":[{"href":"https:\/\/www.kibrishost.com\/tak\/wp-json\/wp\/v2\/media?parent=151080"}],"wp:term":[{"taxonomy":"category","embeddable":true,"href":"https:\/\/www.kibrishost.com\/tak\/wp-json\/wp\/v2\/categories?post=151080"},{"taxonomy":"post_tag","embeddable":true,"href":"https:\/\/www.kibrishost.com\/tak\/wp-json\/wp\/v2\/tags?post=151080"}],"curies":[{"name":"wp","href":"https:\/\/api.w.org\/{rel}","templated":true}]}}