{"id":151072,"date":"2026-09-03T22:50:19","date_gmt":"2026-09-03T19:50:19","guid":{"rendered":"https:\/\/www.kibrishost.com\/tak\/turkiye-cumhurbaskani-yardimcisi-cevdet-yilmaz-kktc-ziyaretinde-kayip-yakinlariyla-da-gorustu\/"},"modified":"2026-09-03T22:50:45","modified_gmt":"2026-09-03T19:50:45","slug":"turkiye-cumhurbaskani-yardimcisi-cevdet-yilmaz-kktc-ziyaretinde-kayip-yakinlariyla-da-gorustu","status":"publish","type":"post","link":"https:\/\/www.kibrishost.com\/tak\/turkiye-cumhurbaskani-yardimcisi-cevdet-yilmaz-kktc-ziyaretinde-kayip-yakinlariyla-da-gorustu\/","title":{"rendered":"T\u00fcrkiye Cumhurba\u015fkan\u0131 Yard\u0131mc\u0131s\u0131 Cevdet Y\u0131lmaz, KKTC ziyaretinde kay\u0131p yak\u0131nlar\u0131yla da g\u00f6r\u00fc\u015ft\u00fc"},"content":{"rendered":"<p>T\u00fcrkiye Cumhurba\u015fkan\u0131 Yard\u0131mc\u0131s\u0131 Cevdet Y\u0131lmaz, Girne a\u00e7\u0131klar\u0131nda meydana gelen gemi kazas\u0131 nedeniyle Kuzey K\u0131br\u0131s T\u00fcrk Cumhuriyeti&#8217;ne (KKTC) ger\u00e7ekle\u015ftirdi\u011fi ziyarette kay\u0131plar\u0131n aileleriyle bir araya geldi.<\/p>\n<p>Ziyarette Y\u0131lmaz&#8217;a, KKTC Ba\u015fbakan\u0131 \u00dcnal \u00dcstel de e\u015flik etti.<\/p>\n<p>Ziyarette aileleri dinleyen ve ac\u0131lar\u0131n\u0131 payla\u015fan Y\u0131lmaz, T\u00fcrkiye\u2019nin daima yanlar\u0131nda olaca\u011f\u0131n\u0131 s\u00f6yledi.<\/p>\n<\/p>\n<p><img decoding=\"async\" width=\"1024\" height=\"683\" src=\"https:\/\/www.kibrishost.com\/tak\/wp-content\/uploads\/2026\/09\/turkiye-cumhurbaskani-yardimcisi-cevdet-yilmaz-kktc-ziyaretinde-kayip-yakinlariyla-da-gorustu-1-1024x683.jpg\" class=\"aligncenter wp-image-151074\" alt=\"T\u00fcrkiye Cumhurba\u015fkan\u0131 Yard\u0131mc\u0131s\u0131 Cevdet Y\u0131lmaz, KKTC ziyaretinde kay\u0131p yak\u0131nlar\u0131yla da g\u00f6r\u00fc\u015ft\u00fc\" loading=\"lazy\" srcset=\"https:\/\/www.kibrishost.com\/tak\/wp-content\/uploads\/2026\/09\/turkiye-cumhurbaskani-yardimcisi-cevdet-yilmaz-kktc-ziyaretinde-kayip-yakinlariyla-da-gorustu-1-1024x683.jpg 1024w, https:\/\/www.kibrishost.com\/tak\/wp-content\/uploads\/2026\/09\/turkiye-cumhurbaskani-yardimcisi-cevdet-yilmaz-kktc-ziyaretinde-kayip-yakinlariyla-da-gorustu-1-300x200.jpg 300w, https:\/\/www.kibrishost.com\/tak\/wp-content\/uploads\/2026\/09\/turkiye-cumhurbaskani-yardimcisi-cevdet-yilmaz-kktc-ziyaretinde-kayip-yakinlariyla-da-gorustu-1-768x512.jpg 768w, https:\/\/www.kibrishost.com\/tak\/wp-content\/uploads\/2026\/09\/turkiye-cumhurbaskani-yardimcisi-cevdet-yilmaz-kktc-ziyaretinde-kayip-yakinlariyla-da-gorustu-1-1536x1024.jpg 1536w, https:\/\/www.kibrishost.com\/tak\/wp-content\/uploads\/2026\/09\/turkiye-cumhurbaskani-yardimcisi-cevdet-yilmaz-kktc-ziyaretinde-kayip-yakinlariyla-da-gorustu-1-2048x1365.jpg 2048w\" sizes=\"(max-width: 1024px) 100vw, 1024px\" \/><\/p>\n<p><img decoding=\"async\" width=\"1024\" height=\"683\" src=\"https:\/\/www.kibrishost.com\/tak\/wp-content\/uploads\/2026\/09\/turkiye-cumhurbaskani-yardimcisi-cevdet-yilmaz-kktc-ziyaretinde-kayip-yakinlariyla-da-gorustu-2-1024x683.jpg\" class=\"aligncenter wp-image-151075\" alt=\"T\u00fcrkiye Cumhurba\u015fkan\u0131 Yard\u0131mc\u0131s\u0131 Cevdet Y\u0131lmaz, KKTC ziyaretinde kay\u0131p yak\u0131nlar\u0131yla da g\u00f6r\u00fc\u015ft\u00fc\" loading=\"lazy\" srcset=\"https:\/\/www.kibrishost.com\/tak\/wp-content\/uploads\/2026\/09\/turkiye-cumhurbaskani-yardimcisi-cevdet-yilmaz-kktc-ziyaretinde-kayip-yakinlariyla-da-gorustu-2-1024x683.jpg 1024w, https:\/\/www.kibrishost.com\/tak\/wp-content\/uploads\/2026\/09\/turkiye-cumhurbaskani-yardimcisi-cevdet-yilmaz-kktc-ziyaretinde-kayip-yakinlariyla-da-gorustu-2-300x200.jpg 300w, https:\/\/www.kibrishost.com\/tak\/wp-content\/uploads\/2026\/09\/turkiye-cumhurbaskani-yardimcisi-cevdet-yilmaz-kktc-ziyaretinde-kayip-yakinlariyla-da-gorustu-2-768x512.jpg 768w, https:\/\/www.kibrishost.com\/tak\/wp-content\/uploads\/2026\/09\/turkiye-cumhurbaskani-yardimcisi-cevdet-yilmaz-kktc-ziyaretinde-kayip-yakinlariyla-da-gorustu-2-1536x1024.jpg 1536w, https:\/\/www.kibrishost.com\/tak\/wp-content\/uploads\/2026\/09\/turkiye-cumhurbaskani-yardimcisi-cevdet-yilmaz-kktc-ziyaretinde-kayip-yakinlariyla-da-gorustu-2-2048x1365.jpg 2048w\" sizes=\"(max-width: 1024px) 100vw, 1024px\" \/><\/p>\n<p><img decoding=\"async\" width=\"1024\" height=\"683\" src=\"https:\/\/www.kibrishost.com\/tak\/wp-content\/uploads\/2026\/09\/turkiye-cumhurbaskani-yardimcisi-cevdet-yilmaz-kktc-ziyaretinde-kayip-yakinlariyla-da-gorustu-3-1024x683.jpg\" class=\"aligncenter wp-image-151076\" alt=\"T\u00fcrkiye Cumhurba\u015fkan\u0131 Yard\u0131mc\u0131s\u0131 Cevdet Y\u0131lmaz, KKTC ziyaretinde kay\u0131p yak\u0131nlar\u0131yla da g\u00f6r\u00fc\u015ft\u00fc\" loading=\"lazy\" srcset=\"https:\/\/www.kibrishost.com\/tak\/wp-content\/uploads\/2026\/09\/turkiye-cumhurbaskani-yardimcisi-cevdet-yilmaz-kktc-ziyaretinde-kayip-yakinlariyla-da-gorustu-3-1024x683.jpg 1024w, https:\/\/www.kibrishost.com\/tak\/wp-content\/uploads\/2026\/09\/turkiye-cumhurbaskani-yardimcisi-cevdet-yilmaz-kktc-ziyaretinde-kayip-yakinlariyla-da-gorustu-3-300x200.jpg 300w, https:\/\/www.kibrishost.com\/tak\/wp-content\/uploads\/2026\/09\/turkiye-cumhurbaskani-yardimcisi-cevdet-yilmaz-kktc-ziyaretinde-kayip-yakinlariyla-da-gorustu-3-768x512.jpg 768w, https:\/\/www.kibrishost.com\/tak\/wp-content\/uploads\/2026\/09\/turkiye-cumhurbaskani-yardimcisi-cevdet-yilmaz-kktc-ziyaretinde-kayip-yakinlariyla-da-gorustu-3-1536x1024.jpg 1536w, https:\/\/www.kibrishost.com\/tak\/wp-content\/uploads\/2026\/09\/turkiye-cumhurbaskani-yardimcisi-cevdet-yilmaz-kktc-ziyaretinde-kayip-yakinlariyla-da-gorustu-3-2048x1365.jpg 2048w\" sizes=\"(max-width: 1024px) 100vw, 1024px\" \/><\/p>\n","protected":false},"excerpt":{"rendered":"<p>T\u00fcrkiye Cumhurba\u015fkan\u0131 Yard\u0131mc\u0131s\u0131 Cevdet Y\u0131lmaz, Girne a\u00e7\u0131klar\u0131nda meydana gelen gemi kazas\u0131 nedeniyle Kuzey K\u0131br\u0131s T\u00fcrk Cumhuriyeti&#8217;ne (KKTC) ger\u00e7ekle\u015ftirdi\u011fi ziyarette kay\u0131plar\u0131n aileleriyle bir araya geldi. Ziyarette Y\u0131lmaz&#8217;a, KKTC Ba\u015fbakan\u0131 \u00dcnal \u00dcstel de e\u015flik etti. Ziyarette aileleri dinleyen ve ac\u0131lar\u0131n\u0131 payla\u015fan Y\u0131lmaz, T\u00fcrkiye\u2019nin daima yanlar\u0131nda olaca\u011f\u0131n\u0131 s\u00f6yledi.<\/p>\n","protected":false},"author":1,"featured_media":151073,"comment_status":"open","ping_status":"open","sticky":false,"template":"","format":"standard","meta":{"footnotes":""},"categories":[2],"tags":[1645,183,500,4047,344,6,18431,184,185,1676],"class_list":["post-151072","post","type-post","status-publish","format-standard","has-post-thumbnail","hentry","category-kibris","tag-cevdet","tag-cumhurbaskani","tag-gorustu","tag-kayip","tag-kktc","tag-turkiye","tag-yakinlariyla","tag-yardimcisi","tag-yilmaz","tag-ziyaretinde"],"_links":{"self":[{"href":"https:\/\/www.kibrishost.com\/tak\/wp-json\/wp\/v2\/posts\/151072"}],"collection":[{"href":"https:\/\/www.kibrishost.com\/tak\/wp-json\/wp\/v2\/posts"}],"about":[{"href":"https:\/\/www.kibrishost.com\/tak\/wp-json\/wp\/v2\/types\/post"}],"author":[{"embeddable":true,"href":"https:\/\/www.kibrishost.com\/tak\/wp-json\/wp\/v2\/users\/1"}],"replies":[{"embeddable":true,"href":"https:\/\/www.kibrishost.com\/tak\/wp-json\/wp\/v2\/comments?post=151072"}],"version-history":[{"count":1,"href":"https:\/\/www.kibrishost.com\/tak\/wp-json\/wp\/v2\/posts\/151072\/revisions"}],"predecessor-version":[{"id":151077,"href":"https:\/\/www.kibrishost.com\/tak\/wp-json\/wp\/v2\/posts\/151072\/revisions\/151077"}],"wp:featuredmedia":[{"embeddable":true,"href":"https:\/\/www.kibrishost.com\/tak\/wp-json\/wp\/v2\/media\/151073"}],"wp:attachment":[{"href":"https:\/\/www.kibrishost.com\/tak\/wp-json\/wp\/v2\/media?parent=151072"}],"wp:term":[{"taxonomy":"category","embeddable":true,"href":"https:\/\/www.kibrishost.com\/tak\/wp-json\/wp\/v2\/categories?post=151072"},{"taxonomy":"post_tag","embeddable":true,"href":"https:\/\/www.kibrishost.com\/tak\/wp-json\/wp\/v2\/tags?post=151072"}],"curies":[{"name":"wp","href":"https:\/\/api.w.org\/{rel}","templated":true}]}}