{"id":151064,"date":"2026-09-03T20:40:20","date_gmt":"2026-09-03T17:40:20","guid":{"rendered":"https:\/\/www.kibrishost.com\/tak\/yilmaz-ve-ustelden-ortak-basin-aciklamasi-yilmaz-1-kisinin-daha-naasina-ulasildigi-bilgisini-aldik\/"},"modified":"2026-09-03T20:40:30","modified_gmt":"2026-09-03T17:40:30","slug":"yilmaz-ve-ustelden-ortak-basin-aciklamasi-yilmaz-1-kisinin-daha-naasina-ulasildigi-bilgisini-aldik","status":"publish","type":"post","link":"https:\/\/www.kibrishost.com\/tak\/yilmaz-ve-ustelden-ortak-basin-aciklamasi-yilmaz-1-kisinin-daha-naasina-ulasildigi-bilgisini-aldik\/","title":{"rendered":"Y\u0131lmaz ve \u00dcstel\u2019den ortak bas\u0131n a\u00e7\u0131klamas\u0131\u2026 Y\u0131lmaz : \u201c1 ki\u015finin daha naa\u015f\u0131na ula\u015f\u0131ld\u0131\u011f\u0131 bilgisini ald\u0131k\u201d"},"content":{"rendered":"<p>T\u00fcrkiye Cumhurba\u015fkan\u0131 Yard\u0131mc\u0131s\u0131 Cevdet\u00a0Y\u0131lmaz, T\u00fcrkiye Deniz Kuvvetleri Komutan\u0131 koordinesinde y\u00fcr\u00fct\u00fclen arama kurtarma \u00e7al\u0131\u015fmalar\u0131nda bir ki\u015finin daha naa\u015f\u0131na ula\u015f\u0131ld\u0131\u011f\u0131n\u0131 ve feribot kazas\u0131nda ya\u015fam\u0131n\u0131 yitirenlerin say\u0131s\u0131n\u0131n 10\u2019a y\u00fckseldi\u011fini a\u00e7\u0131klad\u0131.<\/p>\n<p>Y\u0131lmaz ba\u015fka naa\u015flara da ula\u015fma ihtimali bulundu\u011funu ifade etti.<\/p>\n<p>\u00a0Y\u0131lmaz, \u00a0hastanelerde tedavisi s\u00fcren 2 ki\u015fi kald\u0131\u011f\u0131n\u0131, bunlar\u0131n da hayati tehlikesi olmad\u0131\u011f\u0131n\u0131 ifade etti.<\/p>\n<p>\u00a0Girne a\u00e7\u0131klar\u0131nda meydana gelen gemi facias\u0131 nedeniyle KKTC\u2019ye taziye ziyaretinde bulunun T\u00fcrkiye Cumhurba\u015fkan\u0131 Yard\u0131mc\u0131s\u0131 Cevdet Y\u0131lmaz ile Ba\u015fbakan \u00dcnal \u00dcstel Ercan Havaliman\u0131\u2019nda ortak bas\u0131n a\u00e7\u0131klamas\u0131 yapt\u0131.<\/p>\n<p>Ba\u015fbakan \u00dcnal \u00dcstel,\u00a0 T\u00fcrkiye Cumhurba\u015fkan\u0131\u00a0 Cevdet Y\u0131lmaz\u2019\u0131n K\u0131br\u0131s T\u00fcrk halk\u0131n\u0131n ya\u015fad\u0131\u011f\u0131 en\u00a0 b\u00fcy\u00fck, en ac\u0131 deniz felaketinin hemen ard\u0131ndan KKTC\u2019ye gelerek K\u0131br\u0131s T\u00fcrk\u00fc ile dayan\u0131\u015fmas\u0131n\u0131 g\u00f6sterdi\u011fini ve ac\u0131s\u0131n\u0131 payla\u015ft\u0131\u011f\u0131n\u0131 belirtti.<\/p>\n<p>\u00dcstel, Y\u0131lmaz ile \u00a0devam eden arama kurtarma \u00e7al\u0131\u015fmalar\u0131 ve y\u00fcr\u00fct\u00fclen s\u00fcre\u00e7leri t\u00fcm ayr\u0131nt\u0131lar\u0131 ile ele ald\u0131klar\u0131n\u0131, kay\u0131p yak\u0131nlar\u0131yla bir araya geldiklerini, ac\u0131lar\u0131n\u0131 payla\u015ft\u0131klar\u0131n\u0131, b\u00fcy\u00fck ac\u0131y\u0131 ya\u015fayan ailelerin yan\u0131nda olduklar\u0131n\u0131 bir kez daha ifade ettiklerini s\u00f6yledi.<\/p>\n<p>\u00dcstel, \u201cSay\u0131n Cumhurba\u015fkan\u0131 Yard\u0131mc\u0131m\u0131z\u0131n b\u00f6ylesine zor bir g\u00fcnde \u00fclkemize gelmesi, ailelerimizin yan\u0131nda olmas\u0131 ve ac\u0131m\u0131z\u0131 payla\u015fmas\u0131 bizlere g\u00fc\u00e7 vermi\u015ftir. Bu ziyaret, K\u0131br\u0131s T\u00fcrk halk\u0131na yaln\u0131z olmad\u0131\u011f\u0131n\u0131 bir kez daha hissettirmi\u015ftir.\u201d dedi.<\/p>\n<p>Facian\u0131n nas\u0131l ve neden meydana geldi\u011fini b\u00fct\u00fcn y\u00f6nleriyle ortaya \u00e7\u0131karmak gibi \u00f6nemli\u00a0 sorumluluklar\u0131 oldu\u011funun alt\u0131n\u0131 \u00e7izen\u00a0 \u00dcstel, \u201c\u0130lk g\u00fcnden s\u00f6yledim. Bug\u00fcn bir kez daha a\u00e7\u0131k\u00e7a s\u00f6yl\u00fcyorum. Kim olursa olsun. Hangi makamda veya g\u00f6revde bulunursa bulunsun. Bu faciada bir kusuru, ihmali veya sorumlulu\u011fu varsa hukuk \u00f6n\u00fcnde hesab\u0131n\u0131 verecektir. Soru\u015fturma \u00e7ok y\u00f6nl\u00fc olarak devam ediyor.\u201d dedi.<\/p>\n<p>T\u00fcrkiye Cumhurba\u015fkan\u0131 Yard\u0131mc\u0131s\u0131 Cevdet Y\u0131lmaz da,\u00a0 \u201cortak ac\u0131y\u0131 payla\u015fmak\u00a0 dayan\u0131\u015fmay\u0131 g\u00f6stermek&#8221; i\u00e7in taziye ziyareti ger\u00e7ekle\u015ftirdiklerini belirterek, T\u00fcrkiye Cumhurba\u015fkan\u0131 Recep Tayyip Erdo\u011fan\u2019\u0131n taziye ve ba\u015fsa\u011fl\u0131\u011f\u0131 dileklerini iletti.<\/p>\n<p>\u00a0T\u00fcrkiye olarak ilk andan itibaren geli\u015fmeleri yak\u0131ndan takip ettiklerini s\u00f6yleyen Y\u0131lmaz,\u00a0 eldeki t\u00fcm imkanlar\u0131 seferber ettiklerinin alt\u0131n\u0131 \u00e7izdi.<\/p>\n<p>Cumhurba\u015fkan\u0131 Tufan Erh\u00fcrman ile\u00a0 y\u00fcr\u00fct\u00fclen \u00e7al\u0131\u015fmalarla ilgili de\u011ferlendirmelerde bulunduklar\u0131n\u0131 s\u00f6yleyen Y\u0131lmaz, \u00a0kay\u0131p yak\u0131nlar\u0131yla da bir araya gelerek hem ac\u0131lar\u0131n\u0131 payla\u015ft\u0131klar\u0131n hem \u00f6nerilerini dinlediklerini ifade etti.<\/p>\n<p>KKTC makamlar\u0131 ile i\u015f birli\u011finde,\u00a0 olay\u0131n sorumlular\u0131n\u0131n hukuk \u00f6n\u00fcnde cevap vermesi i\u00e7in gerekenin yap\u0131laca\u011f\u0131n\u0131 belirten Y\u0131lmaz, t\u00fcm s\u00fcrecin titizlikle y\u00fcr\u00fct\u00fclece\u011fini vurgulad\u0131.<\/p>\n<p>\u201cGirne\u2019de ya\u015fanan ac\u0131 Ankara\u2019da \u00a0ve \u00a081 ilde ayn\u0131 derinlikte\u00a0 hissedilmekte.\u201d diyen Y\u0131lmaz,\u00a0 TC ve KKTC aras\u0131nda adli yard\u0131mla\u015fman\u0131n s\u00f6z konusu oldu\u011funu belirtti.<\/p>\n<p>Y\u0131lmaz,\u00a0 KKTC yarg\u0131s\u0131n\u0131n\u00a0 T\u00fcrkiye Adalet Bakanl\u0131\u011f\u0131\u2019ndan bir talebinin s\u00f6z konusu oldu\u011funu, Adalet Bakanl\u0131\u011f\u0131\u2019n\u0131n\u00a0 soru\u015fturma s\u00fcrecine\u00a0 t\u00fcm teknik deste\u011fini sunaca\u011f\u0131n\u0131 s\u00f6yledi. <\/p>\n<p>Y\u0131lmaz,\u00a0 bir kez daha sab\u0131r ve ba\u015fsa\u011fl\u0131\u011f\u0131 dileklerini iletti.<\/p>\n<p>(YIL) Ek verilecek.<\/p>\n<\/p>\n<p><img decoding=\"async\" width=\"1024\" height=\"683\" src=\"https:\/\/www.kibrishost.com\/tak\/wp-content\/uploads\/2026\/09\/yilmaz-ve-ustelden-ortak-basin-aciklamasi-yilmaz-1-kisinin-daha-naasina-ulasildigi-bilgisini-aldik-1-1024x683.jpg\" class=\"aligncenter wp-image-151066\" alt=\"Y\u0131lmaz ve \u00dcstel\u2019den ortak bas\u0131n a\u00e7\u0131klamas\u0131\u2026 Y\u0131lmaz : \u201c1 ki\u015finin daha naa\u015f\u0131na ula\u015f\u0131ld\u0131\u011f\u0131 bilgisini ald\u0131k\u201d\" loading=\"lazy\" srcset=\"https:\/\/www.kibrishost.com\/tak\/wp-content\/uploads\/2026\/09\/yilmaz-ve-ustelden-ortak-basin-aciklamasi-yilmaz-1-kisinin-daha-naasina-ulasildigi-bilgisini-aldik-1-1024x683.jpg 1024w, https:\/\/www.kibrishost.com\/tak\/wp-content\/uploads\/2026\/09\/yilmaz-ve-ustelden-ortak-basin-aciklamasi-yilmaz-1-kisinin-daha-naasina-ulasildigi-bilgisini-aldik-1-300x200.jpg 300w, https:\/\/www.kibrishost.com\/tak\/wp-content\/uploads\/2026\/09\/yilmaz-ve-ustelden-ortak-basin-aciklamasi-yilmaz-1-kisinin-daha-naasina-ulasildigi-bilgisini-aldik-1-768x512.jpg 768w, https:\/\/www.kibrishost.com\/tak\/wp-content\/uploads\/2026\/09\/yilmaz-ve-ustelden-ortak-basin-aciklamasi-yilmaz-1-kisinin-daha-naasina-ulasildigi-bilgisini-aldik-1-1536x1024.jpg 1536w, https:\/\/www.kibrishost.com\/tak\/wp-content\/uploads\/2026\/09\/yilmaz-ve-ustelden-ortak-basin-aciklamasi-yilmaz-1-kisinin-daha-naasina-ulasildigi-bilgisini-aldik-1.jpg 1620w\" sizes=\"(max-width: 1024px) 100vw, 1024px\" \/><\/p>\n<p><img decoding=\"async\" width=\"1024\" height=\"683\" src=\"https:\/\/www.kibrishost.com\/tak\/wp-content\/uploads\/2026\/09\/yilmaz-ve-ustelden-ortak-basin-aciklamasi-yilmaz-1-kisinin-daha-naasina-ulasildigi-bilgisini-aldik-2-1024x683.jpg\" class=\"aligncenter wp-image-151067\" alt=\"Y\u0131lmaz ve \u00dcstel\u2019den ortak bas\u0131n a\u00e7\u0131klamas\u0131\u2026 Y\u0131lmaz : \u201c1 ki\u015finin daha naa\u015f\u0131na ula\u015f\u0131ld\u0131\u011f\u0131 bilgisini ald\u0131k\u201d\" loading=\"lazy\" srcset=\"https:\/\/www.kibrishost.com\/tak\/wp-content\/uploads\/2026\/09\/yilmaz-ve-ustelden-ortak-basin-aciklamasi-yilmaz-1-kisinin-daha-naasina-ulasildigi-bilgisini-aldik-2-1024x683.jpg 1024w, https:\/\/www.kibrishost.com\/tak\/wp-content\/uploads\/2026\/09\/yilmaz-ve-ustelden-ortak-basin-aciklamasi-yilmaz-1-kisinin-daha-naasina-ulasildigi-bilgisini-aldik-2-300x200.jpg 300w, https:\/\/www.kibrishost.com\/tak\/wp-content\/uploads\/2026\/09\/yilmaz-ve-ustelden-ortak-basin-aciklamasi-yilmaz-1-kisinin-daha-naasina-ulasildigi-bilgisini-aldik-2-768x512.jpg 768w, https:\/\/www.kibrishost.com\/tak\/wp-content\/uploads\/2026\/09\/yilmaz-ve-ustelden-ortak-basin-aciklamasi-yilmaz-1-kisinin-daha-naasina-ulasildigi-bilgisini-aldik-2-1536x1024.jpg 1536w, https:\/\/www.kibrishost.com\/tak\/wp-content\/uploads\/2026\/09\/yilmaz-ve-ustelden-ortak-basin-aciklamasi-yilmaz-1-kisinin-daha-naasina-ulasildigi-bilgisini-aldik-2.jpg 1620w\" sizes=\"(max-width: 1024px) 100vw, 1024px\" \/><\/p>\n<p><img decoding=\"async\" width=\"1024\" height=\"683\" src=\"https:\/\/www.kibrishost.com\/tak\/wp-content\/uploads\/2026\/09\/yilmaz-ve-ustelden-ortak-basin-aciklamasi-yilmaz-1-kisinin-daha-naasina-ulasildigi-bilgisini-aldik-3-1024x683.jpg\" class=\"aligncenter wp-image-151068\" alt=\"Y\u0131lmaz ve \u00dcstel\u2019den ortak bas\u0131n a\u00e7\u0131klamas\u0131\u2026 Y\u0131lmaz : \u201c1 ki\u015finin daha naa\u015f\u0131na ula\u015f\u0131ld\u0131\u011f\u0131 bilgisini ald\u0131k\u201d\" loading=\"lazy\" srcset=\"https:\/\/www.kibrishost.com\/tak\/wp-content\/uploads\/2026\/09\/yilmaz-ve-ustelden-ortak-basin-aciklamasi-yilmaz-1-kisinin-daha-naasina-ulasildigi-bilgisini-aldik-3-1024x683.jpg 1024w, https:\/\/www.kibrishost.com\/tak\/wp-content\/uploads\/2026\/09\/yilmaz-ve-ustelden-ortak-basin-aciklamasi-yilmaz-1-kisinin-daha-naasina-ulasildigi-bilgisini-aldik-3-300x200.jpg 300w, https:\/\/www.kibrishost.com\/tak\/wp-content\/uploads\/2026\/09\/yilmaz-ve-ustelden-ortak-basin-aciklamasi-yilmaz-1-kisinin-daha-naasina-ulasildigi-bilgisini-aldik-3-768x512.jpg 768w, https:\/\/www.kibrishost.com\/tak\/wp-content\/uploads\/2026\/09\/yilmaz-ve-ustelden-ortak-basin-aciklamasi-yilmaz-1-kisinin-daha-naasina-ulasildigi-bilgisini-aldik-3-1536x1024.jpg 1536w, https:\/\/www.kibrishost.com\/tak\/wp-content\/uploads\/2026\/09\/yilmaz-ve-ustelden-ortak-basin-aciklamasi-yilmaz-1-kisinin-daha-naasina-ulasildigi-bilgisini-aldik-3.jpg 1620w\" sizes=\"(max-width: 1024px) 100vw, 1024px\" \/><\/p>\n","protected":false},"excerpt":{"rendered":"<p>T\u00fcrkiye Cumhurba\u015fkan\u0131 Yard\u0131mc\u0131s\u0131 Cevdet\u00a0Y\u0131lmaz, T\u00fcrkiye Deniz Kuvvetleri Komutan\u0131 koordinesinde y\u00fcr\u00fct\u00fclen arama kurtarma \u00e7al\u0131\u015fmalar\u0131nda bir ki\u015finin daha naa\u015f\u0131na ula\u015f\u0131ld\u0131\u011f\u0131n\u0131 ve feribot kazas\u0131nda ya\u015fam\u0131n\u0131 yitirenlerin say\u0131s\u0131n\u0131n 10\u2019a y\u00fckseldi\u011fini a\u00e7\u0131klad\u0131. Y\u0131lmaz ba\u015fka naa\u015flara da ula\u015fma ihtimali bulundu\u011funu ifade etti. \u00a0Y\u0131lmaz, \u00a0hastanelerde tedavisi s\u00fcren 2 ki\u015fi kald\u0131\u011f\u0131n\u0131, bunlar\u0131n da hayati tehlikesi olmad\u0131\u011f\u0131n\u0131 ifade etti. \u00a0Girne a\u00e7\u0131klar\u0131nda meydana gelen gemi &hellip;<\/p>\n","protected":false},"author":1,"featured_media":151065,"comment_status":"open","ping_status":"open","sticky":false,"template":"","format":"standard","meta":{"footnotes":""},"categories":[2],"tags":[5330,2329,2370,3192,22872,1436,2761,36779,1446,48766,4327,185],"class_list":["post-151064","post","type-post","status-publish","format-standard","has-post-thumbnail","hentry","category-kibris","tag-5330","tag-aciklamasi","tag-aldik","tag-basin","tag-bilgisini","tag-daha","tag-kisinin","tag-naasina","tag-ortak","tag-ulasildigi","tag-ustelden","tag-yilmaz"],"_links":{"self":[{"href":"https:\/\/www.kibrishost.com\/tak\/wp-json\/wp\/v2\/posts\/151064"}],"collection":[{"href":"https:\/\/www.kibrishost.com\/tak\/wp-json\/wp\/v2\/posts"}],"about":[{"href":"https:\/\/www.kibrishost.com\/tak\/wp-json\/wp\/v2\/types\/post"}],"author":[{"embeddable":true,"href":"https:\/\/www.kibrishost.com\/tak\/wp-json\/wp\/v2\/users\/1"}],"replies":[{"embeddable":true,"href":"https:\/\/www.kibrishost.com\/tak\/wp-json\/wp\/v2\/comments?post=151064"}],"version-history":[{"count":1,"href":"https:\/\/www.kibrishost.com\/tak\/wp-json\/wp\/v2\/posts\/151064\/revisions"}],"predecessor-version":[{"id":151069,"href":"https:\/\/www.kibrishost.com\/tak\/wp-json\/wp\/v2\/posts\/151064\/revisions\/151069"}],"wp:featuredmedia":[{"embeddable":true,"href":"https:\/\/www.kibrishost.com\/tak\/wp-json\/wp\/v2\/media\/151065"}],"wp:attachment":[{"href":"https:\/\/www.kibrishost.com\/tak\/wp-json\/wp\/v2\/media?parent=151064"}],"wp:term":[{"taxonomy":"category","embeddable":true,"href":"https:\/\/www.kibrishost.com\/tak\/wp-json\/wp\/v2\/categories?post=151064"},{"taxonomy":"post_tag","embeddable":true,"href":"https:\/\/www.kibrishost.com\/tak\/wp-json\/wp\/v2\/tags?post=151064"}],"curies":[{"name":"wp","href":"https:\/\/api.w.org\/{rel}","templated":true}]}}