{"id":151062,"date":"2026-09-03T19:20:33","date_gmt":"2026-09-03T16:20:33","guid":{"rendered":"https:\/\/www.kibrishost.com\/tak\/ctp-yolcu-gemisi-faciasinin-arastirilmasi-icin-meclis-baskanligina-onerge-sundu\/"},"modified":"2026-09-03T19:20:33","modified_gmt":"2026-09-03T16:20:33","slug":"ctp-yolcu-gemisi-faciasinin-arastirilmasi-icin-meclis-baskanligina-onerge-sundu","status":"publish","type":"post","link":"https:\/\/www.kibrishost.com\/tak\/ctp-yolcu-gemisi-faciasinin-arastirilmasi-icin-meclis-baskanligina-onerge-sundu\/","title":{"rendered":"CTP, yolcu gemisi facias\u0131n\u0131n ara\u015ft\u0131r\u0131lmas\u0131 i\u00e7in Meclis Ba\u015fkanl\u0131\u011f\u0131\u2019na \u00f6nerge sundu"},"content":{"rendered":"<p>Cumhuriyet\u00e7i T\u00fcrk Partisi (CTP), Girne Liman\u0131 a\u00e7\u0131klar\u0131nda meydana gelen ve can kay\u0131plar\u0131yla sonu\u00e7lanan yolcu gemisi facias\u0131n\u0131n t\u00fcm y\u00f6nleriyle ara\u015ft\u0131r\u0131lmas\u0131 i\u00e7in Cumhuriyet Meclisi Ba\u015fkanl\u0131\u011f\u0131\u2019na Meclis Ara\u015ft\u0131rma \u00d6nergesi sundu.<\/p>\n<p>Meclis \u0130\u00e7t\u00fcz\u00fc\u011f\u00fc\u2019n\u00fcn 113\u2019\u00fcnc\u00fc maddesi uyar\u0131nca sunulan \u201c30 A\u011fustos 2026 Tarihinde Girne Liman\u0131 A\u00e7\u0131klar\u0131nda Meydana Gelen Yolcu Gemisi Facias\u0131n\u0131n Nedenlerinin, \u0130zin ve Denetim S\u00fcre\u00e7lerinin, Olas\u0131 \u0130hmal ve \u0130dari Sorumluluklar\u0131n Ara\u015ft\u0131r\u0131lmas\u0131 Hakk\u0131nda Meclis Ara\u015ft\u0131rma \u00d6nergesi\u201d ile olayla ilgili idari, hukuki ve teknik s\u00fcre\u00e7lerin incelenmesi i\u00e7in bir Meclis Ara\u015ft\u0131rma Komitesi kurulmas\u0131 talep edildi.<\/p>\n<p>CTP\u2019den yap\u0131lan yaz\u0131l\u0131 a\u00e7\u0131klamada, \u00f6nergenin gerek\u00e7esinde, facialar\u0131n tekrarlanmamas\u0131 ve idari ihmallerin ortaya \u00e7\u0131kar\u0131lmas\u0131 i\u00e7in yap\u0131lmas\u0131 gerekenler \u015fu ifadelerle aktar\u0131ld\u0131:<\/p>\n<p>\u201c30 A\u011fustos 2026 tarihinde Girne Liman\u0131\u2019ndan Ta\u015fucu\u2019na sefer yapmak \u00fczere hareket eden F\u0130LO JET isimli yolcu gemisi, Girne a\u00e7\u0131klar\u0131nda su alarak alabora olmu\u015f ve ya\u015fanan facia sonucunda can kay\u0131plar\u0131 meydana gelmi\u015ftir.<\/p>\n<p>Kazayla ilgili y\u00fcr\u00fct\u00fclen soru\u015fturma kapsam\u0131nda mahkemeye aktar\u0131lan bilgiler ile kamuoyuna yans\u0131yan ciddi iddialar; geminin teknik durumu ve sefere uygunlu\u011funun yan\u0131 s\u0131ra, sefere \u00e7\u0131k\u0131\u015f\u0131na ili\u015fkin izin ve denetim s\u00fcre\u00e7lerinin, kaptan ve m\u00fcrettebat\u0131n yeterliliklerinin ve bu alanlardaki kamusal denetim mekanizmalar\u0131n\u0131n da kapsaml\u0131 bi\u00e7imde ara\u015ft\u0131r\u0131lmas\u0131n\u0131 gerekli k\u0131lmaktad\u0131r.<\/p>\n<p>Bu \u00e7er\u00e7evede, geminin kaza tarihinde sefere \u00e7\u0131kmaya teknik ve hukuki olarak uygun olup olmad\u0131\u011f\u0131n\u0131n, gerekli kontrol ve denetimlerinin yap\u0131l\u0131p yap\u0131lmad\u0131\u011f\u0131n\u0131n ve sefere \u00e7\u0131k\u0131\u015f\u0131na hangi makamlar taraf\u0131ndan, hangi inceleme ve de\u011ferlendirmeler sonucunda izin verildi\u011finin ara\u015ft\u0131r\u0131lmas\u0131 gerekmektedir. Gemi kaptan\u0131n\u0131n bu gemiyi sevk ve idare etmek ve s\u00f6z konusu seferi ger\u00e7ekle\u015ftirmek i\u00e7in gerekli ve ge\u00e7erli ehliyet ve yeterlili\u011fe sahip olup olmad\u0131\u011f\u0131n\u0131n, buna ili\u015fkin belgelerin hangi usulle kabul edildi\u011finin ve ilgili makamlarca gerekli kontrollerin yap\u0131l\u0131p yap\u0131lmad\u0131\u011f\u0131n\u0131n da a\u00e7\u0131kl\u0131\u011fa kavu\u015fturulmas\u0131 gerekmektedir.<\/p>\n<p>Ya\u015fanan facia, Girne Liman\u0131\u2019ndaki idari i\u015fleyi\u015f ile deniz ta\u015f\u0131mac\u0131l\u0131\u011f\u0131na ili\u015fkin kamusal denetim sisteminin de ivedilikle incelenmesini gerekli k\u0131lm\u0131\u015ft\u0131r. Gemilerin sefere uygunlu\u011funu denetlemekle g\u00f6revli kurul, makam ve mekanizmalar\u0131n mevzuata uygun bi\u00e7imde olu\u015fturulup olu\u015fturulmad\u0131\u011f\u0131n\u0131n ve etkin olarak \u00e7al\u0131\u015ft\u0131r\u0131l\u0131p \u00e7al\u0131\u015ft\u0131r\u0131lmad\u0131\u011f\u0131n\u0131n, gerekli teknik ve uzman personelin bulunup bulunmad\u0131\u011f\u0131n\u0131n, limandan \u00e7\u0131k\u0131\u015f \u00f6ncesi kontrol ve denetimlerin fiilen nas\u0131l y\u00fcr\u00fct\u00fcld\u00fc\u011f\u00fcn\u00fcn ve ilgili kamu makamlar\u0131n\u0131n g\u00f6rev ve sorumluluklar\u0131n\u0131 gere\u011fi gibi yerine getirip getirmedi\u011finin ara\u015ft\u0131r\u0131lmas\u0131 \u00f6nem ta\u015f\u0131maktad\u0131r.<\/p>\n<p>Meclis ara\u015ft\u0131rmas\u0131n\u0131n amac\u0131, devam eden adli soru\u015fturmaya m\u00fcdahale etmek veya cezai sorumluluk belirlemek de\u011fildir. Ama\u00e7, facian\u0131n meydana gelmesine ili\u015fkin idari s\u00fcre\u00e7leri b\u00fct\u00fcnl\u00fckl\u00fc bi\u00e7imde incelemek, varsa idari ve kurumsal ihmal ve sorumluluklar\u0131 ortaya \u00e7\u0131karmak, mevcut mevzuat ve denetim sistemindeki eksiklikleri belirlemek ve benzer facialar\u0131n tekrar ya\u015fanmamas\u0131 i\u00e7in al\u0131nmas\u0131 gereken yasal, idari ve kurumsal \u00f6nlemleri saptamakt\u0131r.<\/p>\n<p>Bu nedenlerle, olay\u0131n t\u00fcm y\u00f6nleriyle ara\u015ft\u0131r\u0131lmas\u0131 amac\u0131yla Cumhuriyet Meclisi b\u00fcnyesinde bir Meclis Ara\u015ft\u0131rma Komitesi kurulmas\u0131 gerekli g\u00f6r\u00fclmektedir.\u201d<\/p>\n<p>\u00a0<\/p><\/p>\n","protected":false},"excerpt":{"rendered":"<p>Cumhuriyet\u00e7i T\u00fcrk Partisi (CTP), Girne Liman\u0131 a\u00e7\u0131klar\u0131nda meydana gelen ve can kay\u0131plar\u0131yla sonu\u00e7lanan yolcu gemisi facias\u0131n\u0131n t\u00fcm y\u00f6nleriyle ara\u015ft\u0131r\u0131lmas\u0131 i\u00e7in Cumhuriyet Meclisi Ba\u015fkanl\u0131\u011f\u0131\u2019na Meclis Ara\u015ft\u0131rma \u00d6nergesi sundu. Meclis \u0130\u00e7t\u00fcz\u00fc\u011f\u00fc\u2019n\u00fcn 113\u2019\u00fcnc\u00fc maddesi uyar\u0131nca sunulan \u201c30 A\u011fustos 2026 Tarihinde Girne Liman\u0131 A\u00e7\u0131klar\u0131nda Meydana Gelen Yolcu Gemisi Facias\u0131n\u0131n Nedenlerinin, \u0130zin ve Denetim S\u00fcre\u00e7lerinin, Olas\u0131 \u0130hmal ve \u0130dari Sorumluluklar\u0131n &hellip;<\/p>\n","protected":false},"author":1,"featured_media":151063,"comment_status":"open","ping_status":"open","sticky":false,"template":"","format":"standard","meta":{"footnotes":""},"categories":[2],"tags":[6574,5544,492,25313,343,116,956,14318,23,706],"class_list":["post-151062","post","type-post","status-publish","format-standard","has-post-thumbnail","hentry","category-kibris","tag-arastirilmasi","tag-baskanligina","tag-ctp","tag-faciasinin","tag-gemisi","tag-icin","tag-meclis","tag-onerge","tag-sundu","tag-yolcu"],"_links":{"self":[{"href":"https:\/\/www.kibrishost.com\/tak\/wp-json\/wp\/v2\/posts\/151062"}],"collection":[{"href":"https:\/\/www.kibrishost.com\/tak\/wp-json\/wp\/v2\/posts"}],"about":[{"href":"https:\/\/www.kibrishost.com\/tak\/wp-json\/wp\/v2\/types\/post"}],"author":[{"embeddable":true,"href":"https:\/\/www.kibrishost.com\/tak\/wp-json\/wp\/v2\/users\/1"}],"replies":[{"embeddable":true,"href":"https:\/\/www.kibrishost.com\/tak\/wp-json\/wp\/v2\/comments?post=151062"}],"version-history":[{"count":0,"href":"https:\/\/www.kibrishost.com\/tak\/wp-json\/wp\/v2\/posts\/151062\/revisions"}],"wp:featuredmedia":[{"embeddable":true,"href":"https:\/\/www.kibrishost.com\/tak\/wp-json\/wp\/v2\/media\/151063"}],"wp:attachment":[{"href":"https:\/\/www.kibrishost.com\/tak\/wp-json\/wp\/v2\/media?parent=151062"}],"wp:term":[{"taxonomy":"category","embeddable":true,"href":"https:\/\/www.kibrishost.com\/tak\/wp-json\/wp\/v2\/categories?post=151062"},{"taxonomy":"post_tag","embeddable":true,"href":"https:\/\/www.kibrishost.com\/tak\/wp-json\/wp\/v2\/tags?post=151062"}],"curies":[{"name":"wp","href":"https:\/\/api.w.org\/{rel}","templated":true}]}}