{"id":151055,"date":"2026-09-03T19:10:22","date_gmt":"2026-09-03T16:10:22","guid":{"rendered":"https:\/\/www.kibrishost.com\/tak\/cumhurbaskani-erhurman-turkiye-cumhurbaskani-yardimcisi-yilmazi-kabul-etti\/"},"modified":"2026-09-03T19:10:31","modified_gmt":"2026-09-03T16:10:31","slug":"cumhurbaskani-erhurman-turkiye-cumhurbaskani-yardimcisi-yilmazi-kabul-etti","status":"publish","type":"post","link":"https:\/\/www.kibrishost.com\/tak\/cumhurbaskani-erhurman-turkiye-cumhurbaskani-yardimcisi-yilmazi-kabul-etti\/","title":{"rendered":"Cumhurba\u015fkan\u0131 Erh\u00fcrman, T\u00fcrkiye Cumhurba\u015fkan\u0131 Yard\u0131mc\u0131s\u0131 Y\u0131lmaz\u2019\u0131 kabul etti"},"content":{"rendered":"<p>Cumhurba\u015fkan\u0131 Tufan Erh\u00fcrman, Girne a\u00e7\u0131klar\u0131nda meydana gelen gemi facias\u0131nda\u00a0 ya\u015fam\u0131n\u0131 yitirenler ve kay\u0131plarla ilgili taziye ziyaretinde bulunmak \u00fczere \u00fclkeye gelen T\u00fcrkiye Cumhuriyeti Cumhurba\u015fkan\u0131 Yard\u0131mc\u0131s\u0131 Cevdet Y\u0131lmaz ve beraberindeki heyeti kabul etti.<\/p>\n<p>Cumhurba\u015fkanl\u0131\u011f\u0131ndan yap\u0131lan a\u00e7\u0131klamaya g\u00f6re, Y\u0131lmaz, g\u00f6r\u00fc\u015fmede Cumhurba\u015fkan\u0131 Erh\u00fcrman\u2019a ve K\u0131br\u0131s T\u00fcrk halk\u0131na taziyelerini iletti.<\/p>\n<p>Cumhurba\u015fkan\u0131 Erh\u00fcrman ise T\u00fcrkiye Cumhuriyeti Cumhurba\u015fkan\u0131 Yard\u0131mc\u0131s\u0131 Cevdet Y\u0131lmaz\u2019a taziye ziyareti dolay\u0131s\u0131yla, T\u00fcrkiye Cumhuriyeti\u2019ne de g\u00f6sterdi\u011fi dayan\u0131\u015fma ve sa\u011flad\u0131\u011f\u0131 destekler i\u00e7in te\u015fekk\u00fcr etti.<\/p>\n<p>(YIL)\u00a0\u00a0 Foto\u011frafl\u0131<\/p>\n<\/p>\n<p><img decoding=\"async\" width=\"1024\" height=\"682\" src=\"https:\/\/www.kibrishost.com\/tak\/wp-content\/uploads\/2026\/09\/cumhurbaskani-erhurman-turkiye-cumhurbaskani-yardimcisi-yilmazi-kabul-etti-1-1024x682.jpg\" class=\"aligncenter wp-image-151057\" alt=\"Cumhurba\u015fkan\u0131 Erh\u00fcrman, T\u00fcrkiye Cumhurba\u015fkan\u0131 Yard\u0131mc\u0131s\u0131 Y\u0131lmaz\u2019\u0131 kabul etti\" loading=\"lazy\" srcset=\"https:\/\/www.kibrishost.com\/tak\/wp-content\/uploads\/2026\/09\/cumhurbaskani-erhurman-turkiye-cumhurbaskani-yardimcisi-yilmazi-kabul-etti-1-1024x682.jpg 1024w, https:\/\/www.kibrishost.com\/tak\/wp-content\/uploads\/2026\/09\/cumhurbaskani-erhurman-turkiye-cumhurbaskani-yardimcisi-yilmazi-kabul-etti-1-300x200.jpg 300w, https:\/\/www.kibrishost.com\/tak\/wp-content\/uploads\/2026\/09\/cumhurbaskani-erhurman-turkiye-cumhurbaskani-yardimcisi-yilmazi-kabul-etti-1-768x512.jpg 768w, https:\/\/www.kibrishost.com\/tak\/wp-content\/uploads\/2026\/09\/cumhurbaskani-erhurman-turkiye-cumhurbaskani-yardimcisi-yilmazi-kabul-etti-1-1536x1023.jpg 1536w, https:\/\/www.kibrishost.com\/tak\/wp-content\/uploads\/2026\/09\/cumhurbaskani-erhurman-turkiye-cumhurbaskani-yardimcisi-yilmazi-kabul-etti-1.jpg 2048w\" sizes=\"(max-width: 1024px) 100vw, 1024px\" \/><\/p>\n<p><img decoding=\"async\" width=\"1024\" height=\"682\" src=\"https:\/\/www.kibrishost.com\/tak\/wp-content\/uploads\/2026\/09\/cumhurbaskani-erhurman-turkiye-cumhurbaskani-yardimcisi-yilmazi-kabul-etti-2-1024x682.jpg\" class=\"aligncenter wp-image-151058\" alt=\"Cumhurba\u015fkan\u0131 Erh\u00fcrman, T\u00fcrkiye Cumhurba\u015fkan\u0131 Yard\u0131mc\u0131s\u0131 Y\u0131lmaz\u2019\u0131 kabul etti\" loading=\"lazy\" srcset=\"https:\/\/www.kibrishost.com\/tak\/wp-content\/uploads\/2026\/09\/cumhurbaskani-erhurman-turkiye-cumhurbaskani-yardimcisi-yilmazi-kabul-etti-2-1024x682.jpg 1024w, https:\/\/www.kibrishost.com\/tak\/wp-content\/uploads\/2026\/09\/cumhurbaskani-erhurman-turkiye-cumhurbaskani-yardimcisi-yilmazi-kabul-etti-2-300x200.jpg 300w, https:\/\/www.kibrishost.com\/tak\/wp-content\/uploads\/2026\/09\/cumhurbaskani-erhurman-turkiye-cumhurbaskani-yardimcisi-yilmazi-kabul-etti-2-768x512.jpg 768w, https:\/\/www.kibrishost.com\/tak\/wp-content\/uploads\/2026\/09\/cumhurbaskani-erhurman-turkiye-cumhurbaskani-yardimcisi-yilmazi-kabul-etti-2-1536x1023.jpg 1536w, https:\/\/www.kibrishost.com\/tak\/wp-content\/uploads\/2026\/09\/cumhurbaskani-erhurman-turkiye-cumhurbaskani-yardimcisi-yilmazi-kabul-etti-2.jpg 2048w\" sizes=\"(max-width: 1024px) 100vw, 1024px\" \/><\/p>\n","protected":false},"excerpt":{"rendered":"<p>Cumhurba\u015fkan\u0131 Tufan Erh\u00fcrman, Girne a\u00e7\u0131klar\u0131nda meydana gelen gemi facias\u0131nda\u00a0 ya\u015fam\u0131n\u0131 yitirenler ve kay\u0131plarla ilgili taziye ziyaretinde bulunmak \u00fczere \u00fclkeye gelen T\u00fcrkiye Cumhuriyeti Cumhurba\u015fkan\u0131 Yard\u0131mc\u0131s\u0131 Cevdet Y\u0131lmaz ve beraberindeki heyeti kabul etti. Cumhurba\u015fkanl\u0131\u011f\u0131ndan yap\u0131lan a\u00e7\u0131klamaya g\u00f6re, Y\u0131lmaz, g\u00f6r\u00fc\u015fmede Cumhurba\u015fkan\u0131 Erh\u00fcrman\u2019a ve K\u0131br\u0131s T\u00fcrk halk\u0131na taziyelerini iletti. Cumhurba\u015fkan\u0131 Erh\u00fcrman ise T\u00fcrkiye Cumhuriyeti Cumhurba\u015fkan\u0131 Yard\u0131mc\u0131s\u0131 Cevdet Y\u0131lmaz\u2019a taziye &hellip;<\/p>\n","protected":false},"author":1,"featured_media":151056,"comment_status":"open","ping_status":"open","sticky":false,"template":"","format":"standard","meta":{"footnotes":""},"categories":[2],"tags":[183,494,290,322,6,184,6187],"class_list":["post-151055","post","type-post","status-publish","format-standard","has-post-thumbnail","hentry","category-kibris","tag-cumhurbaskani","tag-erhurman","tag-etti","tag-kabul","tag-turkiye","tag-yardimcisi","tag-yilmazi"],"_links":{"self":[{"href":"https:\/\/www.kibrishost.com\/tak\/wp-json\/wp\/v2\/posts\/151055"}],"collection":[{"href":"https:\/\/www.kibrishost.com\/tak\/wp-json\/wp\/v2\/posts"}],"about":[{"href":"https:\/\/www.kibrishost.com\/tak\/wp-json\/wp\/v2\/types\/post"}],"author":[{"embeddable":true,"href":"https:\/\/www.kibrishost.com\/tak\/wp-json\/wp\/v2\/users\/1"}],"replies":[{"embeddable":true,"href":"https:\/\/www.kibrishost.com\/tak\/wp-json\/wp\/v2\/comments?post=151055"}],"version-history":[{"count":1,"href":"https:\/\/www.kibrishost.com\/tak\/wp-json\/wp\/v2\/posts\/151055\/revisions"}],"predecessor-version":[{"id":151059,"href":"https:\/\/www.kibrishost.com\/tak\/wp-json\/wp\/v2\/posts\/151055\/revisions\/151059"}],"wp:featuredmedia":[{"embeddable":true,"href":"https:\/\/www.kibrishost.com\/tak\/wp-json\/wp\/v2\/media\/151056"}],"wp:attachment":[{"href":"https:\/\/www.kibrishost.com\/tak\/wp-json\/wp\/v2\/media?parent=151055"}],"wp:term":[{"taxonomy":"category","embeddable":true,"href":"https:\/\/www.kibrishost.com\/tak\/wp-json\/wp\/v2\/categories?post=151055"},{"taxonomy":"post_tag","embeddable":true,"href":"https:\/\/www.kibrishost.com\/tak\/wp-json\/wp\/v2\/tags?post=151055"}],"curies":[{"name":"wp","href":"https:\/\/api.w.org\/{rel}","templated":true}]}}